{"id":9997,"date":"2026-03-03T10:35:47","date_gmt":"2026-03-03T13:35:47","guid":{"rendered":"https:\/\/paginacero.com.uy\/?p=9997"},"modified":"2026-03-03T10:35:47","modified_gmt":"2026-03-03T13:35:47","slug":"el-museo-casa-de-rivera-fue-incorporado-al-registro-nacional-de-museos-y-colecciones-museograficas","status":"publish","type":"post","link":"https:\/\/paginacero.com.uy\/?p=9997","title":{"rendered":"El Museo Casa de Rivera fue incorporado al Registro Nacional de Museos y Colecciones Museogr\u00e1ficas"},"content":{"rendered":"<p>En la ma\u00f1ana de hoy viernes 27 de febrero de 2026 se concret\u00f3 la\u00a0<strong>incorporaci\u00f3n del \u00a0Museo Hist\u00f3rico de Durazno \u201cCasa de Rivera\u201d al Registro Nacional de Museos y Colecciones Museogr\u00e1ficas.<\/strong><!--more--><\/p>\n<p>En la ocasi\u00f3n el Coordinador de Museos de la Direcci\u00f3n Nacional de Cultura del Ministerio de Educaci\u00f3n y Cultura (MEC),\u00a0<strong>Javier Royer<\/strong>, hizo entrega del certificado y plaqueta que dan el marco oficial \u00a0a la distinci\u00f3n, estando presentes el Director de Promoci\u00f3n Social,\u00a0<strong>Gonzalo Recuero, Luc\u00eda Draper<\/strong>\u00a0(MEC), el encargado del museo,\u00a0<strong>Cristian Pintos<\/strong>\u00a0y\u00a0<strong>personal del lugar.<\/strong><\/p>\n<p>\u201cEl acto de hoy es de la entrega del certificado y de la placa que reconoce el ingreso del Museo Hist\u00f3rico Casa de Rivera de Durazno, al Registro Nacional de Museos y Colecciones Museogr\u00e1ficas, que es un registro que est\u00e1 establecido por Ley y requiere un proceso de presentaci\u00f3n, de documentaci\u00f3n, de evaluaci\u00f3n y que certifica que el museo ha cumplido todos esos procesos y cumple ciertos est\u00e1ndares en cuanto a los servicios p\u00fablicos que presta como museo aqu\u00ed en el Departamento de Durazno\u201d, dijo Royer.<\/p>\n<p>La incorporaci\u00f3n permite adem\u00e1s acceder a beneficios, se\u00f1al\u00f3.<br \/>\n\u201cTenemos un Fondo Nacional de Museos que este a\u00f1o en la Ley de Presupuestos cuenta con financiamiento para los cinco a\u00f1os siguientes y los museos que integran este registro, que es el caso del Museo Hist\u00f3rico Casa de Rivera, pueden aspirar, mediante convocatorias concursables, a esos fondos para financiar mejoras de infraestructura o cuestiones seg\u00fan las categor\u00edas de los llamados o proyectos que quieran financiar mediante ese fondo\u201d.<\/p>\n<p>Gonzalo Recuero y Cristian Pintos, valoraron la distinci\u00f3n y destacaron el trabajo del personal de museos del Gobierno de Durazno.<\/p>\n","protected":false},"excerpt":{"rendered":"<p>En la ma\u00f1ana de hoy viernes 27 de febrero de 2026 se concret\u00f3 la\u00a0incorporaci\u00f3n del \u00a0Museo Hist\u00f3rico de Durazno \u201cCasa de Rivera\u201d al Registro Nacional de Museos y Colecciones Museogr\u00e1ficas.<\/p>\n","protected":false},"author":4,"featured_media":9998,"comment_status":"closed","ping_status":"closed","sticky":false,"template":"","format":"standard","meta":{"_monsterinsights_skip_tracking":false,"_monsterinsights_sitenote_active":false,"_monsterinsights_sitenote_note":"","_monsterinsights_sitenote_category":0,"footnotes":""},"categories":[5],"tags":[],"class_list":["post-9997","post","type-post","status-publish","format-standard","has-post-thumbnail","hentry","category-durazno"],"_links":{"self":[{"href":"https:\/\/paginacero.com.uy\/index.php?rest_route=\/wp\/v2\/posts\/9997","targetHints":{"allow":["GET"]}}],"collection":[{"href":"https:\/\/paginacero.com.uy\/index.php?rest_route=\/wp\/v2\/posts"}],"about":[{"href":"https:\/\/paginacero.com.uy\/index.php?rest_route=\/wp\/v2\/types\/post"}],"author":[{"embeddable":true,"href":"https:\/\/paginacero.com.uy\/index.php?rest_route=\/wp\/v2\/users\/4"}],"replies":[{"embeddable":true,"href":"https:\/\/paginacero.com.uy\/index.php?rest_route=%2Fwp%2Fv2%2Fcomments&post=9997"}],"version-history":[{"count":1,"href":"https:\/\/paginacero.com.uy\/index.php?rest_route=\/wp\/v2\/posts\/9997\/revisions"}],"predecessor-version":[{"id":9999,"href":"https:\/\/paginacero.com.uy\/index.php?rest_route=\/wp\/v2\/posts\/9997\/revisions\/9999"}],"wp:featuredmedia":[{"embeddable":true,"href":"https:\/\/paginacero.com.uy\/index.php?rest_route=\/wp\/v2\/media\/9998"}],"wp:attachment":[{"href":"https:\/\/paginacero.com.uy\/index.php?rest_route=%2Fwp%2Fv2%2Fmedia&parent=9997"}],"wp:term":[{"taxonomy":"category","embeddable":true,"href":"https:\/\/paginacero.com.uy\/index.php?rest_route=%2Fwp%2Fv2%2Fcategories&post=9997"},{"taxonomy":"post_tag","embeddable":true,"href":"https:\/\/paginacero.com.uy\/index.php?rest_route=%2Fwp%2Fv2%2Ftags&post=9997"}],"curies":[{"name":"wp","href":"https:\/\/api.w.org\/{rel}","templated":true}]}}