{"id":9829,"date":"2026-02-23T15:23:40","date_gmt":"2026-02-23T18:23:40","guid":{"rendered":"https:\/\/paginacero.com.uy\/?p=9829"},"modified":"2026-02-23T15:23:40","modified_gmt":"2026-02-23T18:23:40","slug":"rally-19-capitales-hizo-su-pasaje-por-durazno","status":"publish","type":"post","link":"https:\/\/paginacero.com.uy\/?p=9829","title":{"rendered":"Rally 19 Capitales hizo su pasaje por Durazno"},"content":{"rendered":"<p><iframe loading=\"lazy\" src=\"https:\/\/drive.google.com\/file\/d\/1rxqaM3xSNr30XVTHr3J_Do6MiN8pb20R\/preview\" width=\"640\" height=\"480\"><\/iframe><\/p>\n<p>Durazno recibi\u00f3 este\u00a0<strong>lunes 23 de febrero<\/strong>\u00a0al mediod\u00eda el pasaje de los veh\u00edculos de la\u00a0<strong>Edici\u00f3n 2026 del Rally 19 Capitales.<\/strong><!--more--><\/p>\n<p>La instancia tuvo el recibimiento de decenas de duraznenses, entre ellos el Intendente\u00a0<strong>Dr. Felipe Algorta<\/strong>\u00a0y directores, as\u00ed como autoridades y dem\u00e1s integrantes del\u00a0<strong>Rotary Club Durazno.<\/strong><\/p>\n<p>En la organizaci\u00f3n y como anfitri\u00f3n referente de este deporte estuvo\u00a0<strong>Juan Fernando \u201cAbrojo\u201d Etcheverrito<\/strong>.<\/p>\n<p>\u201cPara mi significa grandes emociones porque est\u00e1 compitiendo mi co-piloto\u00a0<strong>Luis Lombardi<\/strong>\u00a0y adem\u00e1s una satisfacci\u00f3n muy grande porque esto me hace recordar muchos a\u00f1os atr\u00e1s&#8230; de los miles de kil\u00f3metros que hicimos compitiendo y teniendo la suerte de andar bastante bien\u201d, dijo Etcheverrito, que junto a\u00a0<strong>Mauricio Camou<\/strong>, fueron Campeones Nacionales del 19 Capitales en la d\u00e9cada de los \u201870 con un\u00a0<strong>Ford Escort 1.300 gt.<\/strong><\/p>\n","protected":false},"excerpt":{"rendered":"<p>Durazno recibi\u00f3 este\u00a0lunes 23 de febrero\u00a0al mediod\u00eda el pasaje de los veh\u00edculos de la\u00a0Edici\u00f3n 2026 del Rally 19 Capitales.<\/p>\n","protected":false},"author":4,"featured_media":9830,"comment_status":"closed","ping_status":"closed","sticky":false,"template":"","format":"standard","meta":{"_monsterinsights_skip_tracking":false,"_monsterinsights_sitenote_active":false,"_monsterinsights_sitenote_note":"","_monsterinsights_sitenote_category":0,"footnotes":""},"categories":[12,5],"tags":[],"class_list":["post-9829","post","type-post","status-publish","format-standard","has-post-thumbnail","hentry","category-deporte","category-durazno"],"_links":{"self":[{"href":"https:\/\/paginacero.com.uy\/index.php?rest_route=\/wp\/v2\/posts\/9829","targetHints":{"allow":["GET"]}}],"collection":[{"href":"https:\/\/paginacero.com.uy\/index.php?rest_route=\/wp\/v2\/posts"}],"about":[{"href":"https:\/\/paginacero.com.uy\/index.php?rest_route=\/wp\/v2\/types\/post"}],"author":[{"embeddable":true,"href":"https:\/\/paginacero.com.uy\/index.php?rest_route=\/wp\/v2\/users\/4"}],"replies":[{"embeddable":true,"href":"https:\/\/paginacero.com.uy\/index.php?rest_route=%2Fwp%2Fv2%2Fcomments&post=9829"}],"version-history":[{"count":1,"href":"https:\/\/paginacero.com.uy\/index.php?rest_route=\/wp\/v2\/posts\/9829\/revisions"}],"predecessor-version":[{"id":9831,"href":"https:\/\/paginacero.com.uy\/index.php?rest_route=\/wp\/v2\/posts\/9829\/revisions\/9831"}],"wp:featuredmedia":[{"embeddable":true,"href":"https:\/\/paginacero.com.uy\/index.php?rest_route=\/wp\/v2\/media\/9830"}],"wp:attachment":[{"href":"https:\/\/paginacero.com.uy\/index.php?rest_route=%2Fwp%2Fv2%2Fmedia&parent=9829"}],"wp:term":[{"taxonomy":"category","embeddable":true,"href":"https:\/\/paginacero.com.uy\/index.php?rest_route=%2Fwp%2Fv2%2Fcategories&post=9829"},{"taxonomy":"post_tag","embeddable":true,"href":"https:\/\/paginacero.com.uy\/index.php?rest_route=%2Fwp%2Fv2%2Ftags&post=9829"}],"curies":[{"name":"wp","href":"https:\/\/api.w.org\/{rel}","templated":true}]}}