{"id":855,"date":"2023-03-07T11:09:12","date_gmt":"2023-03-07T14:09:12","guid":{"rendered":"https:\/\/paginacero.com.uy\/?p=855"},"modified":"2023-03-07T11:09:12","modified_gmt":"2023-03-07T14:09:12","slug":"huelga-feminista-y-marcha-el-8m","status":"publish","type":"post","link":"https:\/\/paginacero.com.uy\/?p=855","title":{"rendered":"Huelga feminista y marcha el 8M"},"content":{"rendered":"<p><strong>Para hoy 8 de marzo est\u00e1 prevista la realizaci\u00f3n de una marcha y huelga feminista, con un lema que se ha adoptado a nivel nacional.<\/strong><!--more--><\/p>\n<p>La marcha partir\u00e1 a las 19.00 horas desde la Plaza Sarand\u00ed hasta la Plaza Independencia donde se dar\u00e1 lectura a la proclama, adem\u00e1s de realizarse una serie de espect\u00e1culos musicales y art\u00edsticos.<\/p>\n<p>El lema nacional para este 8M es \u201cSomos el grito necesario. El feminismo lo est\u00e1 cambiando todo\u201d. Se trata de una huelga feminista, que invita a todas las mujeres del mundo a parar por un d\u00eda para reivindicar una igualdad real y efectiva en todos los \u00e1mbitos de la vida.<\/p>\n<p>Para empezar, es una huelga de cuidados, una huelga del trabajo dom\u00e9stico, del soporte emocional, por lo que se propone que las mujeres dejen de realizar todas esas actividades, tan invisibles, muchas veces no pagadas y de las que suelen encargarse ellas. Tambi\u00e9n es una huelga de consumo, es decir: se llama a no ir a comprar ese d\u00eda para denunciar que los cuerpos de las mujeres no son reclamos de consumo.<\/p>\n<p>Tambi\u00e9n es una huelga laboral que quiere poner sobre la mesa desigualdades como son la brecha salarial, el &#8216;techo de cristal&#8217;, la precariedad laboral de las mujeres, las jornadas reducidas impuestas o la feminizaci\u00f3n de la pobreza. Y tambi\u00e9n es una huelga del sector educativo para reclamar \u00abuna educaci\u00f3n p\u00fablica, laica y feminista\u00bb.<\/p>\n","protected":false},"excerpt":{"rendered":"<p>Para hoy 8 de marzo est\u00e1 prevista la realizaci\u00f3n de una marcha y huelga feminista, con un lema que se ha adoptado a nivel nacional.<\/p>\n","protected":false},"author":4,"featured_media":856,"comment_status":"closed","ping_status":"closed","sticky":false,"template":"","format":"standard","meta":{"_monsterinsights_skip_tracking":false,"_monsterinsights_sitenote_active":false,"_monsterinsights_sitenote_note":"","_monsterinsights_sitenote_category":0,"footnotes":""},"categories":[5],"tags":[],"class_list":["post-855","post","type-post","status-publish","format-standard","has-post-thumbnail","hentry","category-durazno"],"_links":{"self":[{"href":"https:\/\/paginacero.com.uy\/index.php?rest_route=\/wp\/v2\/posts\/855","targetHints":{"allow":["GET"]}}],"collection":[{"href":"https:\/\/paginacero.com.uy\/index.php?rest_route=\/wp\/v2\/posts"}],"about":[{"href":"https:\/\/paginacero.com.uy\/index.php?rest_route=\/wp\/v2\/types\/post"}],"author":[{"embeddable":true,"href":"https:\/\/paginacero.com.uy\/index.php?rest_route=\/wp\/v2\/users\/4"}],"replies":[{"embeddable":true,"href":"https:\/\/paginacero.com.uy\/index.php?rest_route=%2Fwp%2Fv2%2Fcomments&post=855"}],"version-history":[{"count":1,"href":"https:\/\/paginacero.com.uy\/index.php?rest_route=\/wp\/v2\/posts\/855\/revisions"}],"predecessor-version":[{"id":857,"href":"https:\/\/paginacero.com.uy\/index.php?rest_route=\/wp\/v2\/posts\/855\/revisions\/857"}],"wp:featuredmedia":[{"embeddable":true,"href":"https:\/\/paginacero.com.uy\/index.php?rest_route=\/wp\/v2\/media\/856"}],"wp:attachment":[{"href":"https:\/\/paginacero.com.uy\/index.php?rest_route=%2Fwp%2Fv2%2Fmedia&parent=855"}],"wp:term":[{"taxonomy":"category","embeddable":true,"href":"https:\/\/paginacero.com.uy\/index.php?rest_route=%2Fwp%2Fv2%2Fcategories&post=855"},{"taxonomy":"post_tag","embeddable":true,"href":"https:\/\/paginacero.com.uy\/index.php?rest_route=%2Fwp%2Fv2%2Ftags&post=855"}],"curies":[{"name":"wp","href":"https:\/\/api.w.org\/{rel}","templated":true}]}}