{"id":6993,"date":"2025-05-08T20:37:57","date_gmt":"2025-05-08T23:37:57","guid":{"rendered":"https:\/\/paginacero.com.uy\/?p=6993"},"modified":"2025-05-08T20:58:36","modified_gmt":"2025-05-08T23:58:36","slug":"candidaturas-a-la-idd-quienes-son-que-trayectoria-tienen-6","status":"publish","type":"post","link":"https:\/\/paginacero.com.uy\/?p=6993","title":{"rendered":"Candidaturas a la IDD: quienes son; qu\u00e9 trayectoria tienen"},"content":{"rendered":"<p>El domingo es la elecci\u00f3n departamental, que definir\u00e1 mediante sufragio del soberano, el nuevo Intendente; as\u00ed como los 31 ediles que compondr\u00e1n la nueva conformaci\u00f3n de la\u00a0<b>Junta Departamental de Durazno 2025-2030,\u00a0<\/b>y en el tercer nivel de gobierno,\u00a0<b>Alcaldes y Concejales de los Municipios de Sarand\u00ed del Yi y Ciudad del Carmen.<\/b><!--more--><\/p>\n<p><span style=\"color: #000000;\"><span style=\"font-family: Arial, sans-serif;\"><span style=\"font-size: large;\" data-olk-copy-source=\"MessageBody\">En esa nueva instancia c\u00edvica en el<b>\u00a0departamento de Durazno<\/b>, la\u00a0<b>\u00fanica mujer\u00a0<\/b>que se postula a la Intendencia es la colorado,\u00a0<b>Ana Hunter<\/b>; por su parte el candidato m\u00e1s joven es el nacionalista,\u00a0<b>Felipe Algorta<\/b>, y el de mayor edad es el cabildante,\u00a0<b>Carlos Kuster\u00a0<\/b>(64 a\u00f1os) Edil 2020 a 2025.<\/span><\/span><\/span><\/p>\n<p><span style=\"color: #000000;\"><span style=\"font-family: Arial, sans-serif;\"><span style=\"font-size: large;\">Pero adem\u00e1s en este informe de\u00a0<b>P\u00e1gina Cero,<\/b>\u00a0ofrecemos un detalle de la escolaridad y\/o formaci\u00f3n; cargos electivos, cargos desempe\u00f1ados, e incluso de que equipo de f\u00fatbol sin hinchas a nivel nacional (<b>4 y 4 Nacional y Pe\u00f1arol<\/b>) y local<b>\u00a0(Juvenil, Central, Nacional, Wanderers, y Artigas de Cuadra),\u00a0<\/b>los<b>\u00a08 candidatos<\/b>\u00a0que integran el panorama comicial duraznense a la comuna 2025.<\/span><\/span><\/span><\/p>\n<p><span style=\"color: #000000;\"><span style=\"font-family: Arial, sans-serif;\"><span style=\"font-size: large;\">Esta es la ficha t\u00e9cnica de cada uno de los postulados a la Intendencia Departamental de Durazno.<\/span><\/span><\/span><\/p>\n<p><span style=\"color: #158466;\"><span style=\"font-family: Arial, sans-serif;\"><span style=\"color: #000000;\"><span style=\"font-size: large;\"><b data-olk-copy-source=\"MessageBody\">Nombre completo<\/b><\/span><\/span><span style=\"color: #000000;\"><span style=\"font-size: large;\">: Mauricio Jos\u00e9 Bertalm\u00edo Ramos<\/span><\/span><\/span><\/span><\/p>\n<p><span style=\"color: #000000;\"><span style=\"font-family: Arial, sans-serif;\"><span style=\"font-size: large;\"><b>Edad, fecha y lugar de nacimiento<\/b>: 56 a\u00f1os, 05\/06\/1969, Durazno (Partera Mar\u00eda Aldao)<\/span><\/span><\/span><\/p>\n<p><span style=\"color: #000000;\"><span style=\"font-family: Arial, sans-serif;\"><span style=\"font-size: large;\"><b>N\u00facleo Familiar:<\/b>\u00a0Casado con Marianela Moreno, dos hijas, Agustina y Josefina.<\/span><\/span><\/span><\/p>\n<p><span style=\"color: #000000;\"><span style=\"font-family: Arial, sans-serif;\"><span style=\"font-size: large;\"><b>Curs\u00f3 Educaci\u00f3n Primaria<\/b>\u00a0en: Escuela N\u00b0 67 de Paraje Caballero.<\/span><\/span><\/span><\/p>\n<p><span style=\"color: #000000;\"><span style=\"font-family: Arial, sans-serif;\"><span style=\"font-size: large;\"><b>Curs\u00f3 Educaci\u00f3n Secundaria<\/b>\u00a0en: San Luis y Liceo Rubino<\/span><\/span><\/span><\/p>\n<p><span style=\"color: #000000;\"><span style=\"font-family: Arial, sans-serif;\"><span style=\"font-size: large;\"><b>Actividad laboral:\u00a0<\/b>M\u00e9dico en ASSE y Camedur; M\u00e9dico de la Selecci\u00f3n de la Liga de F\u00fatbol Ciudad de Durazno desde 2008.<\/span><\/span><\/span><\/p>\n<p><span style=\"color: #000000;\"><span style=\"font-family: Arial, sans-serif;\"><span style=\"font-size: large;\"><b>Estudios terciarios y\/o formaci\u00f3n profesional<\/b>: M\u00e9dico General, Post Grado en Dermatolog\u00eda.<\/span><\/span><\/span><\/p>\n<p><span style=\"color: #000000;\"><span style=\"font-family: Arial, sans-serif;\"><span style=\"font-size: large;\"><b>Cargos electivos:<\/b>\u00a0Electo Vicepresidente del Frente Amplio Durazno desde hace cuatro a\u00f1os<\/span><\/span><\/span><\/p>\n<p><span style=\"color: #000000;\"><span style=\"font-family: Arial, sans-serif;\"><span style=\"font-size: large;\"><b>Hincha de<\/b>: Nacional y Wanderers de Durazno<\/span><\/span><\/span><\/p>\n","protected":false},"excerpt":{"rendered":"<p>El domingo es la elecci\u00f3n departamental, que definir\u00e1 mediante sufragio del soberano, el nuevo Intendente; as\u00ed como los 31 ediles que compondr\u00e1n la nueva conformaci\u00f3n de la\u00a0Junta Departamental de Durazno 2025-2030,\u00a0y en el tercer nivel de gobierno,\u00a0Alcaldes y Concejales de los Municipios de Sarand\u00ed del Yi y Ciudad del Carmen.<\/p>\n","protected":false},"author":4,"featured_media":6994,"comment_status":"closed","ping_status":"closed","sticky":false,"template":"","format":"standard","meta":{"_monsterinsights_skip_tracking":false,"_monsterinsights_sitenote_active":false,"_monsterinsights_sitenote_note":"","_monsterinsights_sitenote_category":0,"footnotes":""},"categories":[5],"tags":[],"class_list":["post-6993","post","type-post","status-publish","format-standard","has-post-thumbnail","hentry","category-durazno"],"_links":{"self":[{"href":"https:\/\/paginacero.com.uy\/index.php?rest_route=\/wp\/v2\/posts\/6993","targetHints":{"allow":["GET"]}}],"collection":[{"href":"https:\/\/paginacero.com.uy\/index.php?rest_route=\/wp\/v2\/posts"}],"about":[{"href":"https:\/\/paginacero.com.uy\/index.php?rest_route=\/wp\/v2\/types\/post"}],"author":[{"embeddable":true,"href":"https:\/\/paginacero.com.uy\/index.php?rest_route=\/wp\/v2\/users\/4"}],"replies":[{"embeddable":true,"href":"https:\/\/paginacero.com.uy\/index.php?rest_route=%2Fwp%2Fv2%2Fcomments&post=6993"}],"version-history":[{"count":3,"href":"https:\/\/paginacero.com.uy\/index.php?rest_route=\/wp\/v2\/posts\/6993\/revisions"}],"predecessor-version":[{"id":7009,"href":"https:\/\/paginacero.com.uy\/index.php?rest_route=\/wp\/v2\/posts\/6993\/revisions\/7009"}],"wp:featuredmedia":[{"embeddable":true,"href":"https:\/\/paginacero.com.uy\/index.php?rest_route=\/wp\/v2\/media\/6994"}],"wp:attachment":[{"href":"https:\/\/paginacero.com.uy\/index.php?rest_route=%2Fwp%2Fv2%2Fmedia&parent=6993"}],"wp:term":[{"taxonomy":"category","embeddable":true,"href":"https:\/\/paginacero.com.uy\/index.php?rest_route=%2Fwp%2Fv2%2Fcategories&post=6993"},{"taxonomy":"post_tag","embeddable":true,"href":"https:\/\/paginacero.com.uy\/index.php?rest_route=%2Fwp%2Fv2%2Ftags&post=6993"}],"curies":[{"name":"wp","href":"https:\/\/api.w.org\/{rel}","templated":true}]}}