{"id":698,"date":"2023-02-16T18:08:58","date_gmt":"2023-02-16T21:08:58","guid":{"rendered":"https:\/\/paginacero.com.uy\/?p=698"},"modified":"2023-02-16T18:08:58","modified_gmt":"2023-02-16T21:08:58","slug":"curso-dirigido-a-jovenes","status":"publish","type":"post","link":"https:\/\/paginacero.com.uy\/?p=698","title":{"rendered":"Curso dirigido a j\u00f3venes"},"content":{"rendered":"<p><strong>La Oficina de la Juventud de la Intendencia de Durazno impulsa un nuevo curso en conjunto con Educantel.<\/strong><!--more--><\/p>\n<p>El mismo comenzar\u00e1 en Marzo y las inscripciones se reciben en la Oficina de la Juventud, Herrera 911 casi Artigas- 092 221 950, hasta el 10 de marzo. El taller abordar\u00e1 todo lo relacionado a Excel B\u00e1sico, y se dictar\u00e1 100 % online, por lo que cada inscripto podr\u00e1 desarrollarlo desde su computadora desde el lugar en el que se encuentre, el mismo es gratuito con cupos limitados. \u201cEs una buena manera de comenzar el a\u00f1o lectivo , pueden participar de todo el departamento. Se exige una hora diaria para dedicarle al curso y los cupos son limitados a 40 personas\u00bb, indic\u00f3 Mat\u00edas Luj\u00e1n Puigvert, encargado de la Oficina de la Juventud de la IDD.<\/p>\n","protected":false},"excerpt":{"rendered":"<p>La Oficina de la Juventud de la Intendencia de Durazno impulsa un nuevo curso en conjunto con Educantel.<\/p>\n","protected":false},"author":4,"featured_media":699,"comment_status":"closed","ping_status":"closed","sticky":false,"template":"","format":"standard","meta":{"_monsterinsights_skip_tracking":false,"_monsterinsights_sitenote_active":false,"_monsterinsights_sitenote_note":"","_monsterinsights_sitenote_category":0,"footnotes":""},"categories":[5],"tags":[],"class_list":["post-698","post","type-post","status-publish","format-standard","has-post-thumbnail","hentry","category-durazno"],"_links":{"self":[{"href":"https:\/\/paginacero.com.uy\/index.php?rest_route=\/wp\/v2\/posts\/698","targetHints":{"allow":["GET"]}}],"collection":[{"href":"https:\/\/paginacero.com.uy\/index.php?rest_route=\/wp\/v2\/posts"}],"about":[{"href":"https:\/\/paginacero.com.uy\/index.php?rest_route=\/wp\/v2\/types\/post"}],"author":[{"embeddable":true,"href":"https:\/\/paginacero.com.uy\/index.php?rest_route=\/wp\/v2\/users\/4"}],"replies":[{"embeddable":true,"href":"https:\/\/paginacero.com.uy\/index.php?rest_route=%2Fwp%2Fv2%2Fcomments&post=698"}],"version-history":[{"count":1,"href":"https:\/\/paginacero.com.uy\/index.php?rest_route=\/wp\/v2\/posts\/698\/revisions"}],"predecessor-version":[{"id":700,"href":"https:\/\/paginacero.com.uy\/index.php?rest_route=\/wp\/v2\/posts\/698\/revisions\/700"}],"wp:featuredmedia":[{"embeddable":true,"href":"https:\/\/paginacero.com.uy\/index.php?rest_route=\/wp\/v2\/media\/699"}],"wp:attachment":[{"href":"https:\/\/paginacero.com.uy\/index.php?rest_route=%2Fwp%2Fv2%2Fmedia&parent=698"}],"wp:term":[{"taxonomy":"category","embeddable":true,"href":"https:\/\/paginacero.com.uy\/index.php?rest_route=%2Fwp%2Fv2%2Fcategories&post=698"},{"taxonomy":"post_tag","embeddable":true,"href":"https:\/\/paginacero.com.uy\/index.php?rest_route=%2Fwp%2Fv2%2Ftags&post=698"}],"curies":[{"name":"wp","href":"https:\/\/api.w.org\/{rel}","templated":true}]}}