{"id":694,"date":"2023-02-16T18:04:09","date_gmt":"2023-02-16T21:04:09","guid":{"rendered":"https:\/\/paginacero.com.uy\/?p=694"},"modified":"2023-02-16T18:04:09","modified_gmt":"2023-02-16T21:04:09","slug":"exitoso-verano-de-actividades","status":"publish","type":"post","link":"https:\/\/paginacero.com.uy\/?p=694","title":{"rendered":"Exitoso verano de actividades"},"content":{"rendered":"<p><strong>Se realiz\u00f3 un primer balance del programa de actividades deportivas y recreativas que se vienen cumpliendo durante el verano y se inform\u00f3 sobre las propuestas deportivas, f\u00edsicas y recreativas previstas para los pr\u00f3ximos meses.<\/strong><!--more--><\/p>\n<p>En la oportunidad, el jefe comunal Carmelo Vidal\u00edn estuvo acompa\u00f1ado en la mesa por el secretario general Domingo Rielli, el Director del Departamento de Promoci\u00f3n Social Juan Jos\u00e9 Bruno, el Director de la Tecnicatura en Gesti\u00f3n de Instituciones Deportivas de la Universidad CLAEH Miguel Blasco e integrantes del staff de docentes que llevan adelante las distintas actividades, Nicol\u00e1s Vidal\u00edn, Leonardo Mart\u00ednez, Luis D\u00edaz y Marisol Silva. En el transcurso de la rueda de prensa, Vidal\u00edn confirm\u00f3 que est\u00e1n planificadas nuevas obras en el complejo deportivo de la ciudad de Durazno \u201ctanto en el estadio Landoni con nuevas tribunas, nuevas oficinas tambi\u00e9n en el espacio exterior, otras que vamos a realizar en la piscina para que tenga nueva entrada y nuevos vestuarios. Vamos a estar realizando algunas tareas en la plaza 1 y vamos por la cuarta piscina cerrada climatizada en el departamento de Durazno la que va a ser construida en la localidad de Cerro Chato\u201d Por su parte Miguel Blasco, dio cuenta de la posibilidad que tendr\u00e1n los duraznenses y habitantes de la regi\u00f3n centro de cursar la carrera de tecnicatura en gesti\u00f3n de instituciones deportivas, la cu\u00e1l se extender\u00e1 desde marzo hasta diciembre en modalidad semi presencial, abierta a personas e instituciones que se desempe\u00f1en en distintas disciplinas deportivas, existiendo incluso la posibilidad de becas \u201cquiero destacar que hay m\u00e1s de cuarenta docentes, instructores y t\u00e9cnicos instructores, la mayor\u00eda son docentes licenciados en educaci\u00f3n f\u00edsica. Es un privilegio y una fortaleza del gobierno departamental tener un programa de recreaci\u00f3n y deportes llevado adelante por docentes y supervisados por docentes de educaci\u00f3n f\u00edsica que, si se suman a las estructuras existentes, hacen al departamento de Durazno un polo para el desarrollo deportivo en el centro del pa\u00eds\u201d sostuvo Blasco.<\/p>\n<p><strong>En equipo<\/strong><\/p>\n<p>El profesor Leonardo Mart\u00ednez llam\u00f3 a la poblaci\u00f3n para que se inscriba a las diferentes actividades que se estar\u00e1n desarrollando durante todo el a\u00f1o en 16 puntos de la ciudad.<\/p>\n<p>\u201cEsto es una construcci\u00f3n en equipo, estamos muy contentos porque desde el \u00e1rea en la piscina, el complejo municipal, la parte educativa y en los barrios, tanto en la ciudad como e interior. Eso queremos, que participe mucha gente de todas las edades, que sean espacios activos de la gente en las posibilidades que se brindan y combatir el sedentarismo que nos afecta a todos. Estamos encarando el a\u00f1o buscando eso, que la poblaci\u00f3n est\u00e9 activa, tenga la posibilidad de hacer actividades en los diferentes centros, por eso hemos hablado con los centros barriales tratando de cubrir todos los puntos de Durazno con actividades, apuntalando aquellos lugares donde est\u00e1n bien, mejorando aquellas que ten\u00edan algunas dificultades y agregando actividades que puedan ser beneficiosas. En estos d\u00edas van a estar abiertas las inscripciones en los CIB para diferentes propuestas y se van a anexar otros lugares, como el Pelotaris, el Centro Mapep y Plaza Uno, con trabajos especiales, cada uno tiene su perfil y estamos abarcando todas las gamas de la poblaci\u00f3n\u201d dijo el profesor Leonardo Mart\u00ednez.<\/p>\n<p>\u201cHabr\u00e1 16 puntos en todo el departamento con 18 actividades, algunas existentes y otras renovadas, nuevas, tratando que el cuerpo docente vaya viendo las necesidades de la gente y se les brinde otros espacios para ni\u00f1os, j\u00f3venes, adultos y personas con capacidades diferentes. Se van a realizar actividades como la escuela de balonmano, la escuela de b\u00e1squetbol que estaba funcionando pero se le hizo algunas renovaciones, se anexar\u00e1 la escuela de voleibol para llegar al minivoleibol tambi\u00e9n, incentivando la actividad de los adultos mayores. La escuela de atletismo tambi\u00e9n estar\u00e1 disponiendo de m\u00e1s disponibilidad para que se aprovechen los recursos humanos y materiales, para trabajar con las diferentes instituciones, en actividades controladas, a favor de la poblaci\u00f3n\u201d agreg\u00f3.<\/p>\n<p><strong>En el interior<\/strong><\/p>\n<p>El profesor Nicol\u00e1s Vidal\u00edn manifest\u00f3 que se estar\u00e1 potenciando el interior.<\/p>\n<p>\u201cEn el interior se estar\u00e1n desarrollando varias actividades, tenemos previstas propuestas en Ciudad del Carmen y Sarand\u00ed del Y\u00ed con las piscinas, buscando recreaci\u00f3n y competencias. Queremos destacar la recreaci\u00f3n que ha sido un \u00e9xito en Durazno, en todos los puntos donde se estuvo organizando, colaborando tambi\u00e9n en propuestas de la ciudadan\u00eda como la recolecci\u00f3n de basura en playa El Sauzal\u201d dijo el profesor Nicol\u00e1s Vidal\u00edn.<\/p>\n<p>\u201cSe ha hablado con secretarios y alcaldes de las localidades para ver como funcionaban el a\u00f1o pasado y como se est\u00e1 proyectando el actual, agreg\u00e1ndose ciudad del Carmen con la piscina climatizada lo que exigir\u00e1 la contrataci\u00f3n de nuevos docentes y guardavidas para mejorar el proceso de ense\u00f1anza de la nataci\u00f3n\u201d agreg\u00f3.<\/p>\n<p>La profesora Marisol Silva indic\u00f3 que \u201cconcurren unas 40 personas diariamente, tanto a las clases de nataci\u00f3n como a piscina libre, una propuesta en la que el usuario puede concurrir a disfrutar del agua y entrenar, sin supervisi\u00f3n\u201d.<\/p>\n","protected":false},"excerpt":{"rendered":"<p>Se realiz\u00f3 un primer balance del programa de actividades deportivas y recreativas que se vienen cumpliendo durante el verano y se inform\u00f3 sobre las propuestas deportivas, f\u00edsicas y recreativas previstas para los pr\u00f3ximos meses.<\/p>\n","protected":false},"author":4,"featured_media":695,"comment_status":"closed","ping_status":"closed","sticky":false,"template":"","format":"standard","meta":{"_monsterinsights_skip_tracking":false,"_monsterinsights_sitenote_active":false,"_monsterinsights_sitenote_note":"","_monsterinsights_sitenote_category":0,"footnotes":""},"categories":[5],"tags":[],"class_list":["post-694","post","type-post","status-publish","format-standard","has-post-thumbnail","hentry","category-durazno"],"_links":{"self":[{"href":"https:\/\/paginacero.com.uy\/index.php?rest_route=\/wp\/v2\/posts\/694","targetHints":{"allow":["GET"]}}],"collection":[{"href":"https:\/\/paginacero.com.uy\/index.php?rest_route=\/wp\/v2\/posts"}],"about":[{"href":"https:\/\/paginacero.com.uy\/index.php?rest_route=\/wp\/v2\/types\/post"}],"author":[{"embeddable":true,"href":"https:\/\/paginacero.com.uy\/index.php?rest_route=\/wp\/v2\/users\/4"}],"replies":[{"embeddable":true,"href":"https:\/\/paginacero.com.uy\/index.php?rest_route=%2Fwp%2Fv2%2Fcomments&post=694"}],"version-history":[{"count":1,"href":"https:\/\/paginacero.com.uy\/index.php?rest_route=\/wp\/v2\/posts\/694\/revisions"}],"predecessor-version":[{"id":696,"href":"https:\/\/paginacero.com.uy\/index.php?rest_route=\/wp\/v2\/posts\/694\/revisions\/696"}],"wp:featuredmedia":[{"embeddable":true,"href":"https:\/\/paginacero.com.uy\/index.php?rest_route=\/wp\/v2\/media\/695"}],"wp:attachment":[{"href":"https:\/\/paginacero.com.uy\/index.php?rest_route=%2Fwp%2Fv2%2Fmedia&parent=694"}],"wp:term":[{"taxonomy":"category","embeddable":true,"href":"https:\/\/paginacero.com.uy\/index.php?rest_route=%2Fwp%2Fv2%2Fcategories&post=694"},{"taxonomy":"post_tag","embeddable":true,"href":"https:\/\/paginacero.com.uy\/index.php?rest_route=%2Fwp%2Fv2%2Ftags&post=694"}],"curies":[{"name":"wp","href":"https:\/\/api.w.org\/{rel}","templated":true}]}}