{"id":6880,"date":"2025-04-28T09:35:20","date_gmt":"2025-04-28T12:35:20","guid":{"rendered":"https:\/\/paginacero.com.uy\/?p=6880"},"modified":"2025-04-28T09:35:20","modified_gmt":"2025-04-28T12:35:20","slug":"quedo-inaugurada-otra-obra-la-piscina-de-san-jorge","status":"publish","type":"post","link":"https:\/\/paginacero.com.uy\/?p=6880","title":{"rendered":"Qued\u00f3 inaugurada otra obra: la piscina de San Jorge"},"content":{"rendered":"<p>La actividad tuvo lugar en la tarde de este viernes 25 de abril de 2025, en el predio contiguo a la\u00a0<b id=\"geom_inter_1745843663678_40_56\">Junta Local y gimnasio<\/b>\u00a0de la localidad de<b>\u00a0San Jorge.<\/b><!--more--><\/p>\n<div id=\"geom_inter_1745843632694_12_46\"><span id=\"geom_inter_1745843640687_83_47\" style=\"font-size: large;\" data-olk-copy-source=\"MessageBody\">La ceremonia cont\u00f3 con la presencia del Intendente Departamental,\u00a0<b id=\"geom_inter_1745843632692_100_45\">Lic. Carmelo Vidal\u00edn<\/b>; el Diputado\u00a0<b>Domingo Rielli;<\/b>\u00a0Presidenta de la Junta Departamental de Durazno,\u00a0<b>Virignia Burgues;<\/b>\u00a0Secretario de la Junta Local,\u00a0<b>Besandro Ferreira<\/b>, el Director del Departamento de Obras,\u00a0<b>Arq. Mat\u00edas Cabrera<\/b>; la directora de la obra,\u00a0<b id=\"geom_inter_1745843640691_35_48\">Arq. de la IDD Cecilia Faji\u00e1n<\/b>, dem\u00e1s autoridades y funcionarios; instituciones sociales y educativas, deportistas, medios de comunicaci\u00f3n y p\u00fablico en general.<br \/>\n<\/span><\/div>\n<div id=\"geom_inter_1745843640692_27_49\"><span style=\"font-size: large;\">\u00a0<\/span><\/div>\n<div><span style=\"font-size: large;\"><b>Domingo y Martes nuevas inauguraciones<\/b><\/span><\/div>\n<div><span id=\"geom_inter_1745843640692_6_50\" style=\"font-size: large;\">La intendencia de Durazno, tiene previstas en los pr\u00f3ximos d\u00edas\u00a0<b>otras inauguraciones.<\/b><\/span><\/div>\n<div id=\"geom_inter_1745843676719_9_63\"><span style=\"font-size: large;\">El domingo\u00a0<span style=\"color: #000000;\"><span style=\"font-family: Arial, sans-serif;\"><b>27 de abril, a la h<\/b><\/span><\/span><span style=\"color: #000000;\"><span id=\"geom_inter_1745843676719_56_62\" style=\"font-family: Arial, sans-serif;\"><span id=\"geom_inter_1745843676718_72_57\">ora 17:00, la puesta en marcha de la nueva obra en la cancha exterior del Complejo Deportivo, consistente en el nuevo piso de goma especial para multideportes, luminaria Led y tribunas.<\/span><\/span><\/span><\/span><\/div>\n<div id=\"geom_inter_1745843676719_21_64\"><span style=\"color: #000000; font-size: large;\"><span style=\"font-family: Arial, sans-serif;\">El martes\u00a0<\/span><\/span><span style=\"color: #000000; font-size: large;\"><span style=\"font-family: Arial, sans-serif;\"><b>29, a la h<\/b><\/span><\/span><span id=\"geom_inter_1745843676718_75_58\" style=\"color: #000000; font-size: large;\"><span style=\"font-family: Arial, sans-serif;\">ora 16:00, en el edificio ubicado en calle Dr. Luis Morquio,\u00a0<b><span id=\"geom_inter_1745843676718_8_59\">entre Otilia Schulze y Francisco Maciel, la inauguraci\u00f3n de las nuevas obras de la Casa<\/span><\/b>\u00a0<b>del Adulto Mayor<\/b>\u00a0y en el mismo padr\u00f3n la habilitaci\u00f3n del\u00a0<b>A<\/b><\/span><\/span><b><span id=\"geom_inter_1745843676718_32_60\" style=\"font-size: large;\">lojamiento para familiares de pacientes hospitalizados.<\/span><\/b><\/div>\n","protected":false},"excerpt":{"rendered":"<p>La actividad tuvo lugar en la tarde de este viernes 25 de abril de 2025, en el predio contiguo a la\u00a0Junta Local y gimnasio\u00a0de la localidad de\u00a0San Jorge.<\/p>\n","protected":false},"author":4,"featured_media":6881,"comment_status":"closed","ping_status":"closed","sticky":false,"template":"","format":"standard","meta":{"footnotes":""},"categories":[5],"tags":[],"class_list":["post-6880","post","type-post","status-publish","format-standard","has-post-thumbnail","hentry","category-durazno"],"_links":{"self":[{"href":"https:\/\/paginacero.com.uy\/index.php?rest_route=\/wp\/v2\/posts\/6880","targetHints":{"allow":["GET"]}}],"collection":[{"href":"https:\/\/paginacero.com.uy\/index.php?rest_route=\/wp\/v2\/posts"}],"about":[{"href":"https:\/\/paginacero.com.uy\/index.php?rest_route=\/wp\/v2\/types\/post"}],"author":[{"embeddable":true,"href":"https:\/\/paginacero.com.uy\/index.php?rest_route=\/wp\/v2\/users\/4"}],"replies":[{"embeddable":true,"href":"https:\/\/paginacero.com.uy\/index.php?rest_route=%2Fwp%2Fv2%2Fcomments&post=6880"}],"version-history":[{"count":1,"href":"https:\/\/paginacero.com.uy\/index.php?rest_route=\/wp\/v2\/posts\/6880\/revisions"}],"predecessor-version":[{"id":6882,"href":"https:\/\/paginacero.com.uy\/index.php?rest_route=\/wp\/v2\/posts\/6880\/revisions\/6882"}],"wp:featuredmedia":[{"embeddable":true,"href":"https:\/\/paginacero.com.uy\/index.php?rest_route=\/wp\/v2\/media\/6881"}],"wp:attachment":[{"href":"https:\/\/paginacero.com.uy\/index.php?rest_route=%2Fwp%2Fv2%2Fmedia&parent=6880"}],"wp:term":[{"taxonomy":"category","embeddable":true,"href":"https:\/\/paginacero.com.uy\/index.php?rest_route=%2Fwp%2Fv2%2Fcategories&post=6880"},{"taxonomy":"post_tag","embeddable":true,"href":"https:\/\/paginacero.com.uy\/index.php?rest_route=%2Fwp%2Fv2%2Ftags&post=6880"}],"curies":[{"name":"wp","href":"https:\/\/api.w.org\/{rel}","templated":true}]}}