{"id":6877,"date":"2025-04-28T09:32:27","date_gmt":"2025-04-28T12:32:27","guid":{"rendered":"https:\/\/paginacero.com.uy\/?p=6877"},"modified":"2025-04-28T09:32:27","modified_gmt":"2025-04-28T12:32:27","slug":"licandro-apoyo-a-empresas-que-reinviertan-en-durazno-y-generen-fuentes-de-trabajo","status":"publish","type":"post","link":"https:\/\/paginacero.com.uy\/?p=6877","title":{"rendered":"Licandro: \u00abapoyo a empresas que reinviertan en Durazno y generen fuentes de trabajo\u00bb"},"content":{"rendered":"<p><b data-olk-copy-source=\"MessageBody\">Ra\u00fal Licandro<\/b>, uno de los dos candidatos a la\u00a0<b>Intendencia de Durazno<\/b>\u00a0por el\u00a0<b>Partido Frente Amplio<\/b>, dijo en la invitaci\u00f3n al \u00ab<b>Di\u00e1logo Ruralidad y Pol\u00edticas Departamentales\u00bb<\/b>, realizado el jueves 24 de abril en la\u00a0<b>Sociedad Rural de Durazno (SRD) en Santa Bernardina<\/b>, que de acceder al gobierno departamental \u00abatenderemos la situaci\u00f3n de la\u00a0<i><b>ruta 100 a\u00a0<\/b><\/i><i><b>S<\/b><\/i><i><b>an\u00a0<\/b><\/i><i><b>J<\/b><\/i><i><b>orge, ruta 4 a\u00a0<\/b><\/i><i><b>B<\/b><\/i><i><b>aygorria, el\u00a0<\/b><\/i><i><b>C<\/b><\/i><i><b>amino de los\u00a0<\/b><\/i><i><b>P<\/b><\/i><i><b>araguayos<\/b><\/i>\u201c y concretar\u00e1 \u00abde una vez por todas el\u00a0<b>camino a la\u00a0<\/b><b>C<\/b><b>olonia\u00a0<\/b><b>R<\/b><b>osell y\u00a0<\/b><b>R<\/b><b>ius\u00a0<\/b>largamente prometido\u00bb.<!--more--><\/p>\n<p><span style=\"color: #000000; font-size: large;\"><span style=\"font-family: Arial, sans-serif;\" data-olk-copy-source=\"MessageBody\">La instancia reuni\u00f3 a los\u00a0<b>candidatos a la Intendencia Departamental de Durazno<\/b>, a fin de conocer sus propuestas de gobierno sobre temas como\u00a0<b>Caminer\u00eda Rural, Animales sueltos, Pol\u00edticas de Desarrollo Productivo, Desarrollo Social de la ruralidad departamental y Pol\u00edticas Tributarias<\/b>.<\/span><\/span><\/p>\n<p><span style=\"color: #000000; font-size: large;\"><span style=\"font-family: Arial, sans-serif;\">El encuentro convoc\u00f3 tambi\u00e9n a p\u00fablico en general, en particular\u00a0<b>productores rurales\u00a0<\/b>y fue transmitido por\u00a0<b>Radio Durazno y Durazno TV.<\/b><\/span><\/span><\/p>\n<p><span style=\"font-size: large;\">\u00ab<\/span><span style=\"color: #000000; font-size: large;\"><span style=\"font-family: Arial, sans-serif;\">Vamos a apoyar las<b>\u00a0micro, peque\u00f1as y medianas empresas,<\/b>\u00a0a los feriantes, a los\u00a0<b>emprendedores, a peque\u00f1os productores, a los productores familiares<\/b>, a las empresas que\u00a0<b>reinvierten sus ganancias en\u00a0<\/b><b>D<\/b><b>urazno<\/b>, que\u00a0<b>generan fuentes de trabajo\u00a0<\/b>realmente y no simplemente desplazan a empresarios locales, empresas que respetan las normas laborales, los derechos de las y los trabajadores. Esas son realmente las de inter\u00e9s departamental\u00bb, remarc\u00f3.<\/span><\/span><\/p>\n<p><span style=\"color: #000000; font-size: large;\">\u00ab<span style=\"font-family: Arial, sans-serif;\">Mientras en\u00a0<b>S<\/b><b>arandi del\u00a0<\/b><b>Y<\/b><b>i\u00a0<\/b>se le niega la exoneraci\u00f3n del pago de contribuci\u00f3n a una cooperativa que atiende a m\u00e1s de\u00a0<b>150 productores familiares<\/b>, que contribuye con la comunidad, se le otorgan beneficios a trav\u00e9s de la\u00a0<b>D<\/b><b>eclaracion de\u00a0<\/b><b>I<\/b><b>nter<\/b><b>\u00e9<\/b><b>s\u00a0<\/b><b>D<\/b><b>epartamental<\/b>\u00a0a empresas de la industria c\u00e1rnica que atropellan los derechos de los trabajadores, rebajando salarios, haciendo abuso del seguro de paro, o directamente persiguiendo al sindicato\u00bb, \u00ablos trabajadores del\u00a0<b>BPU<\/b>\u00a0y\u00a0<b>F<\/b><b>rigorifico\u00a0<\/b><b>D<\/b><b>urazno<\/b>\u00a0saben bien de lo que hablo\u00bb.<\/span><\/span><\/p>\n<p><span style=\"color: #000000; font-family: Arial, sans-serif; font-size: large;\">\u00ab<\/span><span style=\"color: #000000; font-size: large;\"><span style=\"font-family: Arial, sans-serif;\">Vamos a promover a trav\u00e9s de las\u00a0<b>licitaciones<\/b>\u00a0el empleo de la gente del departamento, no queremos m\u00e1s trabajadores desocupados o buscando la changa en otros departamentos, porque las empresas que contrata la Intendencia, forzando los convenios y las leyes traen su personal \u00edntegramente de otros puntos del pa\u00eds\u00bb.<\/span><\/span><\/p>\n<p><span style=\"color: #000000; font-size: large;\"><span style=\"font-family: Arial, sans-serif;\">Habl\u00f3 luego de temas de inter\u00e9s generales de la poblaci\u00f3n, m\u00e1s all\u00e1 de lo meramente rural que fue el foco del encuentro.<\/span><\/span><\/p>\n<p><span style=\"color: #000000; font-size: large;\">\u00ab<span style=\"font-family: Arial, sans-serif;\">Transmitir tranquilidad a la\u00a0<b>familia municipal<\/b>, no vamos a echar a contratados y jornaleros, al contrario vamos a presupuestar, subir salarios, respetar estatuto, vamos a promover\u00a0<b>ingresos por concurso y sorteo<\/b>, vamos a respetar las cuotas por Ley para las minor\u00edas. Eso s\u00ed, sepan los violentos y acosadores que no tendr\u00e1n mi complicidad\u201c.<\/span><\/span><\/p>\n<p><span style=\"color: #000000; font-size: large;\"><span style=\"font-family: Arial, sans-serif;\"><b>C<\/b><b>amineria y calles<\/b><br \/>\n<b>Licandro<\/b>, dijo luego que \u00ab<b>D<\/b><b>urazno<\/b>\u00a0tiene una enorme mayor\u00a0<b>red de caminer\u00eda interna<\/b>\u00a0del pa\u00eds. De ella depende la salida de la producci\u00f3n, pero tambi\u00e9n el libre tr\u00e1nsito de las y los ciudadanos; &#8216;me gusta vivir en el medio rural, pero tengo que poder salir por la ruta cuando lo necesite'\u00bb, dijo, evocando palabras de personas que le han transmitido esa realidad.<\/span><\/span><\/p>\n<p><span style=\"color: #000000; font-size: large;\"><span style=\"font-family: Arial, sans-serif;\">\u00ab<\/span><span style=\"font-family: Arial, sans-serif;\">Atender la situacion de la\u00a0<b>ruta 100 a\u00a0<\/b><b>S<\/b><b>an\u00a0<\/b><b>J<\/b><b>orge, ruta 4 a\u00a0<\/b><b>B<\/b><b>aygorria, el\u00a0<\/b><b>C<\/b><b>amino de los\u00a0<\/b><b>P<\/b><b>araguayos<\/b>; hacer de una vez por todas el camino a la\u00a0<b>C<\/b><b>olonia\u00a0<\/b><b>R<\/b><b>osell y\u00a0<\/b><b>R<\/b><b>ius<\/b>, largamente prometido\u00bb.<\/span><\/span><\/p>\n<p><span style=\"color: #000000; font-size: large;\"><span style=\"font-family: Arial, sans-serif;\">\u00abAmpliaremos el\u00a0<b>cord\u00f3n cuneta y el asfaltado<\/b>\u00a0en los barrios hoy olvidados, como la calle<b>\u00a0<\/b><b>A<\/b><b>lcides\u00a0<\/b><b>B<\/b><b>urgue<\/b><b>z\u00a0<\/b><b>en el\u00a0<\/b><b>(barrio) Dur\u00e1n; el\u00a0<\/b><b>barrio\u00a0<\/b><b>C<\/b><b>ementerio, o el\u00a0<\/b><b>P<\/b><b>uerto de los\u00a0<\/b><b>B<\/b><b>arriles<\/b>, por nombrar algunos de la capital departamental, sabiendo bien que desde\u00a0<b>C<\/b><b>entenario a\u00a0<\/b><b>L<\/b><b>a\u00a0<\/b><b>P<\/b><b>aloma<\/b>\u00a0hay tambi\u00e9n demandas en ese sentido\u00bb.<\/span><\/span><\/p>\n<p><span style=\"color: #000000; font-size: large;\"><span style=\"font-family: Arial, sans-serif;\"><b>S<\/b><b>eguridad y\u00a0<\/b><b>C<\/b><b>onvivencia<\/b><br \/>\n\u00abNos preocupa la inseguridad en todo el departamento. Desde la Intendencia vamos a promover la integraci\u00f3n social. Aportaremos c\u00e1maras y garitas para el trabajo del\u00a0<b>M<\/b><b>inisterio del\u00a0<\/b><b>I<\/b><b>nterior<\/b>. Tambi\u00e9n m\u00e1s personal capacitado y equipado para el control del tr\u00e1nsito. Vamos a aumentar la<b>\u00a0iluminaci\u00f3n de calles y espacios p\u00fablicos, plazas con cuidadores\u00a0<\/b>y propuestas para todas las\u00a0<b>edades, limpieza y\/o eliminaci\u00f3n de bald<\/b><b>\u00edos,<\/b>\u00a0eliminaci\u00f3n tambi\u00e9n de\u00a0<b>casas ruinosas y abandonadas\u00a0<\/b>a trav\u00e9s de Ley 19.676&#8243;.<\/span><\/span><\/p>\n<p><span style=\"color: #000000; font-size: large;\"><span style=\"font-family: Arial, sans-serif;\">\u00ab<\/span><span style=\"font-family: Arial, sans-serif;\">Los\u00a0<b>CIB (Centros de Integraci\u00f3n Barrial)<\/b>, deben ser realmente centros de integraci\u00f3n, generando propuestas culturales, deportivas y sociales en acuerdo con los y las vecinas del barrio. Vamos a instrumentar el\u00a0<b>P<\/b><b>lan\u00a0<\/b><b>C<\/b><b>alles con\u00a0<\/b><b>I<\/b><b>ntendencia,\u00a0<\/b><b>M<\/b><b>ides e\u00a0<\/b><b>I<\/b><b>nau<\/b>, coordinando adem\u00e1s con otros organismos del Estado y tambi\u00e9n privados, para atender en forma urgente el fen\u00f3meno de personas que viven en situaci\u00f3n de calle\u00bb.<\/span><\/span><\/p>\n<p><span style=\"color: #000000; font-size: large;\"><span style=\"font-family: Arial, sans-serif;\"><b>Vivienda; descentralizaci\u00f3n<\/b><br \/>\nEn otro orden,\u00a0<b>Licandro\u00a0<\/b>habl\u00f3 de la tem\u00e1tica que abarca a la vivienda, se\u00f1alando que \u00abni casas sin gente, ni gente sin casas\u2026\u00bb, \u00abcrearemos una\u00a0<b>cartera de tierras\u00a0<\/b>con servicios, terminando con\u00a0<b>bald\u00edos y fincas abandonadas o ruinosas<\/b>, tambi\u00e9n expropiando o negociando por deudas, conveniando con organismo estatales, para adquirir padrones en los centros poblados donde ya est\u00e1n los servicios imprescindibles de<b>\u00a0luz el\u00e9ctrica, agua, saneamiento, calles, recolecci\u00f3n de residuos, centros de estudio y atenci\u00f3n medica, comercios, transporte<\/b>, etc., atendiendo particularmente la necesidad de proceder al realojo en zonas inundables\u00bb.<\/span><\/span><\/p>\n<p><span style=\"color: #000000; font-size: large;\"><span style=\"font-family: Arial, sans-serif;\">\u00ab<\/span><span style=\"font-family: Arial, sans-serif;\">Las entregas de canastas de materiales ir\u00e1n acompa\u00f1adas de asesoramiento a las familias para poder\u00a0<b>construir viviendas\u00bb, dijo<\/b>\u00a0y volvi\u00f3 a reiterar su esp\u00edritu de \u00abni casas sin gente ni gente sin casas\u00bb.<\/span><\/span><\/p>\n<p><span style=\"color: #000000; font-family: Arial, sans-serif; font-size: large;\">Reiter\u00f3 lo que ha sido uno de sus temas de campa\u00f1a, sobre la creaci\u00f3n de m\u00e1s\u00a0<b>M<\/b><\/span><span style=\"color: #000000; font-size: large;\"><span style=\"font-family: Arial, sans-serif;\"><b>unicipios\u00a0<\/b>en el departamento de Durazno,\u00a0<b>C<\/b><b>entenario,\u00a0<\/b><b>C<\/b><b>arlos\u00a0<\/b><b>R<\/b><b>eyles,\u00a0<\/b><b>B<\/b><b>lanquillo,\u00a0<\/b><b>L<\/b><b>a\u00a0<\/b><b>P<\/b><b>aloma,\u00a0<\/b><b>C<\/b><b>erro\u00a0<\/b><b>C<\/b><b>hato y\u00a0<\/b><b>S<\/b><b>anta\u00a0<\/b><b>B<\/b><b>ernardina, \u00ab<\/b>en ese sentido vamos a fortalecer con presupuesto, autonomia de gestion y equipos t\u00e9cnicos del\u00a0<b>C<\/b><b>armen y\u00a0<\/b><b>S<\/b><b>arand<\/b><b>\u00ed del Yi<\/b>\u00ab.<\/span><\/span><\/p>\n","protected":false},"excerpt":{"rendered":"<p>Ra\u00fal Licandro, uno de los dos candidatos a la\u00a0Intendencia de Durazno\u00a0por el\u00a0Partido Frente Amplio, dijo en la invitaci\u00f3n al \u00abDi\u00e1logo Ruralidad y Pol\u00edticas Departamentales\u00bb, realizado el jueves 24 de abril en la\u00a0Sociedad Rural de Durazno (SRD) en Santa Bernardina, que de acceder al gobierno departamental \u00abatenderemos la situaci\u00f3n de la\u00a0ruta 100 a\u00a0San\u00a0Jorge, ruta 4 a\u00a0Baygorria, [&hellip;]<\/p>\n","protected":false},"author":4,"featured_media":6878,"comment_status":"closed","ping_status":"closed","sticky":false,"template":"","format":"standard","meta":{"footnotes":""},"categories":[5,31],"tags":[],"class_list":["post-6877","post","type-post","status-publish","format-standard","has-post-thumbnail","hentry","category-durazno","category-entrevista-politica"],"_links":{"self":[{"href":"https:\/\/paginacero.com.uy\/index.php?rest_route=\/wp\/v2\/posts\/6877","targetHints":{"allow":["GET"]}}],"collection":[{"href":"https:\/\/paginacero.com.uy\/index.php?rest_route=\/wp\/v2\/posts"}],"about":[{"href":"https:\/\/paginacero.com.uy\/index.php?rest_route=\/wp\/v2\/types\/post"}],"author":[{"embeddable":true,"href":"https:\/\/paginacero.com.uy\/index.php?rest_route=\/wp\/v2\/users\/4"}],"replies":[{"embeddable":true,"href":"https:\/\/paginacero.com.uy\/index.php?rest_route=%2Fwp%2Fv2%2Fcomments&post=6877"}],"version-history":[{"count":1,"href":"https:\/\/paginacero.com.uy\/index.php?rest_route=\/wp\/v2\/posts\/6877\/revisions"}],"predecessor-version":[{"id":6879,"href":"https:\/\/paginacero.com.uy\/index.php?rest_route=\/wp\/v2\/posts\/6877\/revisions\/6879"}],"wp:featuredmedia":[{"embeddable":true,"href":"https:\/\/paginacero.com.uy\/index.php?rest_route=\/wp\/v2\/media\/6878"}],"wp:attachment":[{"href":"https:\/\/paginacero.com.uy\/index.php?rest_route=%2Fwp%2Fv2%2Fmedia&parent=6877"}],"wp:term":[{"taxonomy":"category","embeddable":true,"href":"https:\/\/paginacero.com.uy\/index.php?rest_route=%2Fwp%2Fv2%2Fcategories&post=6877"},{"taxonomy":"post_tag","embeddable":true,"href":"https:\/\/paginacero.com.uy\/index.php?rest_route=%2Fwp%2Fv2%2Ftags&post=6877"}],"curies":[{"name":"wp","href":"https:\/\/api.w.org\/{rel}","templated":true}]}}