{"id":6874,"date":"2025-04-25T16:19:26","date_gmt":"2025-04-25T19:19:26","guid":{"rendered":"https:\/\/paginacero.com.uy\/?p=6874"},"modified":"2025-04-25T16:19:26","modified_gmt":"2025-04-25T19:19:26","slug":"algorta-confirmo-adhesion-de-un-gran-referente-luis-aycaguer","status":"publish","type":"post","link":"https:\/\/paginacero.com.uy\/?p=6874","title":{"rendered":"Algorta confirm\u00f3 adhesi\u00f3n de un gran referente: Luis Ay\u00e7aguer"},"content":{"rendered":"<p>El candidato a la<b id=\"geom_inter_1745608591504_76_75\">\u00a0Intendencia de Durazno, Partido Nacional, Dr. Felipe Algorta<\/b>\u00a0<b id=\"geom_inter_1745608591509_35_78\">Brit<\/b>, confirm\u00f3 la adhesi\u00f3n de un referente de la pol\u00edtica local, el prestigioso\u00a0<b id=\"geom_inter_1745608594450_94_89\">m\u00e9dico Luis Ay\u00e7aguer<\/b>.<!--more--><\/p>\n<p id=\"geom_inter_1745608562376_54_66\"><span style=\"color: #000000;\"><span style=\"font-family: Arial, sans-serif;\"><span style=\"font-size: large;\"><b data-olk-copy-source=\"MessageBody\">Algorta<\/b><span id=\"geom_inter_1745608633470_11_91\">, dijo que la novedad es alg<\/span><span id=\"geom_inter_1745608591505_52_77\">o que tiene que ver con su slogan de campa\u00f1a<b>\u00a0\u00abDurazno en el\u00a0<\/b><\/span><b>C<\/b><span id=\"geom_inter_1745608618468_93_90\"><b>entro\u00bb,<\/b>\u00a0\u00abporque recib\u00ed realmente el apoyo decidido del\u00a0<\/span><b>doctor Luis\u00a0<\/b><b>Ay\u00e7aguer<\/b>,\u00a0<span id=\"geom_inter_1745608562376_94_65\">que est\u00e1 trabajando, me aconseja, me llama y nos est\u00e1 apoyando.\u00a0<\/span><span id=\"geom_inter_1745608562380_39_70\">Y<\/span><span id=\"geom_inter_1745608634459_45_92\">\u00a0le gust\u00f3 la idea de hacer el intento\u00a0<\/span><span id=\"geom_inter_1745608634463_10_93\">para que un\u00a0<b>Centro\u00a0<\/b><\/span><b>Telet\u00f3n se instale en Durazno\u00bb<\/b>.<\/span><\/span><\/span><\/p>\n<p id=\"geom_inter_1745608562376_79_67\"><span style=\"color: #000000;\"><span style=\"font-family: Arial, sans-serif;\"><span id=\"geom_inter_1745608562377_75_68\" style=\"font-size: large;\"><b>Algorta Brit<\/b>, a\u00f1adi\u00f3 que \u00abyo lo dije en la apertura de campa\u00f1a (preelectoral), que quer\u00edamos trabajar desde ese punto de vista. Porque conocemos un importante n\u00famero de durazneses que van a Telet\u00f3n en\u00a0<b>Fran Bentos (R\u00edo Negro) o a Montevideo,<\/b>\u00a0y creo que como el lugar en el que estamos, con el apoyo necesario y con los padrinos necesarios como el doctor\u00a0<\/span><\/span><\/span>\u00a0<span style=\"color: #000000;\"><span style=\"font-family: Arial, sans-serif;\"><span style=\"font-size: large;\"><b>Ay\u00e7aguer<\/b>,\u00a0<\/span><\/span><\/span><span style=\"color: #000000;\"><span style=\"font-family: Arial, sans-serif;\"><span style=\"font-size: large;\">esa posibilidad puede llegar a concretarse\u201c.<\/span><\/span><\/span><\/p>\n<p><b>\u00ab<span style=\"color: #000000;\"><span style=\"font-family: Arial, sans-serif;\"><span style=\"font-size: large;\">Trayectoria y compromiso en la medicina y la gesti\u00f3n p\u00fablica\u00bb<\/span><\/span><\/span><\/b><\/p>\n<p><span style=\"color: #000000;\"><span style=\"font-family: Arial, sans-serif;\"><span style=\"font-size: large;\">M\u00e9dico ginec\u00f3logo de profesi\u00f3n,\u00a0<b>Ay\u00e7aguer,<\/b>\u00a0desempe\u00f1\u00f3 cargos p\u00fablicos, habiendo sido Director del Hospital \u00abDr. Emilio Penza\u00bb;\u00a0<\/span><\/span><\/span><span style=\"color: #000000;\"><span style=\"font-family: Arial, sans-serif;\"><span style=\"font-size: large;\"><b>Director Departamental de Salud\u00a0<\/b>-en plena \u00e9poca de la pandemia por el Covid 19- y\u00a0<\/span><\/span><\/span><span style=\"color: #000000;\"><span style=\"font-family: Arial, sans-serif;\"><span style=\"font-size: large;\">en la parte pol\u00edtico partidaria y gubernamental local, fue\u00a0<b>Intendente Interino de Durazno<\/b>.<\/span><\/span><\/span><\/p>\n<p id=\"geom_inter_1745608636599_41_96\"><span style=\"color: #000000;\"><span style=\"font-family: Arial, sans-serif;\"><span id=\"geom_inter_1745608636597_48_94\" style=\"font-size: large;\">En mayo de 2023 en oportunidad de un homenaje a su persona y trayectoria profesional, por parte del legislativo departamental, el entonces\u00a0<b id=\"geom_inter_1745608636598_39_95\">Presidente de la Junta Departamental, Edil Julio Marcenal,<\/b>\u00a0se\u00f1alaba: \u201cTal como establece el Orden del D\u00eda, hoy la\u00a0<b>Junta Departamental<\/b>, da cumplimiento a la resoluci\u00f3n que tomara el cuerpo sesiones atr\u00e1s, de realizar homenaje al\u00a0<b id=\"geom_inter_1745608636599_10_97\">Dr. Luis Aycaguer,<\/b>\u00a0en atenci\u00f3n a su trayectoria y compromiso en el ejercicio de la medicina y la gesti\u00f3n p\u00fablica. Ejercicio de la medicina que este a\u00f1o, el 13 de junio (de 2023), cumplir\u00e1\u00a0<b>medio siglo ininterrumpido<\/b>\u00a0de dedicaci\u00f3n, estudio, desvelos, preocupaciones por el bienestar de sus pacientes. Su actividad m\u00e9dica se desarroll\u00f3 en varios lugares,\u00a0<b>Montevideo,<\/b>\u00a0luego y\u00a0<b>Paso de los Toros su ciudad natal y Durazno<\/b>.Ha desempe\u00f1ado su especializaci\u00f3n como\u00a0<b>ginec\u00f3logo<\/b>\u00a0con absoluta igualdad de trato y atenci\u00f3n, entre quienes han sido sus pacientes tanto en la salud privada como p\u00fablica. En cuanto a la gesti\u00f3n p\u00fablica, fue\u00a0<b>Director del Hospital Emilio Penza del 2002 al 2005<\/b>, donde se notaron claramente las mejoras en cuanto a gesti\u00f3n y atenci\u00f3n del<b>\u00a0Hospital Durazno<\/b>. Ocup\u00f3 el cargo de<b>\u00a0Intendente Departamental desde julio de 2014<\/b>\u00a0hasta el cambio de mando en 2015. En marzo de 2020 asume como\u00a0<b>Director Departamental de Salud,<\/b>\u00a0historia reciente que todos conocemos y de la que basta con decir que Durazno ha sido el departamento con mayor \u00edndice de inmunizaci\u00f3n contra el Covid 19. Pero tambi\u00e9n es objeto de este homenaje y creo que el objeto principal,\u00a0<b>su calidad humana, su don de gente<\/b>\u00ab<\/span><\/span><\/span><\/p>\n<p id=\"geom_inter_1745608637548_46_99\"><span style=\"color: #000000;\"><span style=\"font-family: Arial, sans-serif;\"><span id=\"geom_inter_1745608637540_76_98\" style=\"font-size: large;\">\u00abEl vivir permanentemente preocupado por mejorar la calidad de vida de todos los duraznenses. Su desvelo por mejorar la atenci\u00f3n a los pacientes de la\u00a0<b>salud p\u00fablica<\/b>, hizo que much\u00edsimas veces, de su propio peculio se adquiriera instrumental de \u00faltima generaci\u00f3n necesaria para el ejercicio de la medicina, no s\u00f3lo la ginecol\u00f3gica. Basta recordar algunos casos que fueron de conocimiento p\u00fablico, como la remodelaci\u00f3n de la sala de maternidad del\u00a0<b>Hospital Durazno<\/b>, la adquisici\u00f3n de sillones c\u00f3modos para los acompa\u00f1antes de los pacientes, la\u00a0<b>donaci\u00f3n de equipamiento oftalmol\u00f3gico\u00a0<\/b>que hizo que el Hospital contara nuevamente con el\u00a0<b>servicio de oftalmolog\u00eda<\/b>\u00a0desde el 2020 o la reciente donaci\u00f3n de\u00a0<b>camas articuladas y otros materiales para maternidad<\/b>. Y muchas otras colaboraciones o donaciones que, obviamente, han quedado como an\u00f3nimas. Su filantrop\u00eda lleva hasta a la creaci\u00f3n de una\u00a0<b>Fundaci\u00f3n Isabelina para Discapacidad\u00a0<\/b>con asistencia en<b>\u00a0Paso de los Toros y en Durazno,\u00a0<\/b>o con aportes y ayuda a\u00a0<b>Panitea<\/b>, etc, etc. Es por esto que la\u00a0<b>Junta Departamental<\/b> tiene el honor hoy de rendirle este homenaje y hacer entrega de esta placa recordatoria\u201d.v<\/span><\/span><\/span><\/p>\n","protected":false},"excerpt":{"rendered":"<p>El candidato a la\u00a0Intendencia de Durazno, Partido Nacional, Dr. Felipe Algorta\u00a0Brit, confirm\u00f3 la adhesi\u00f3n de un referente de la pol\u00edtica local, el prestigioso\u00a0m\u00e9dico Luis Ay\u00e7aguer.<\/p>\n","protected":false},"author":4,"featured_media":6875,"comment_status":"closed","ping_status":"closed","sticky":false,"template":"","format":"standard","meta":{"footnotes":""},"categories":[5],"tags":[],"class_list":["post-6874","post","type-post","status-publish","format-standard","has-post-thumbnail","hentry","category-durazno"],"_links":{"self":[{"href":"https:\/\/paginacero.com.uy\/index.php?rest_route=\/wp\/v2\/posts\/6874","targetHints":{"allow":["GET"]}}],"collection":[{"href":"https:\/\/paginacero.com.uy\/index.php?rest_route=\/wp\/v2\/posts"}],"about":[{"href":"https:\/\/paginacero.com.uy\/index.php?rest_route=\/wp\/v2\/types\/post"}],"author":[{"embeddable":true,"href":"https:\/\/paginacero.com.uy\/index.php?rest_route=\/wp\/v2\/users\/4"}],"replies":[{"embeddable":true,"href":"https:\/\/paginacero.com.uy\/index.php?rest_route=%2Fwp%2Fv2%2Fcomments&post=6874"}],"version-history":[{"count":1,"href":"https:\/\/paginacero.com.uy\/index.php?rest_route=\/wp\/v2\/posts\/6874\/revisions"}],"predecessor-version":[{"id":6876,"href":"https:\/\/paginacero.com.uy\/index.php?rest_route=\/wp\/v2\/posts\/6874\/revisions\/6876"}],"wp:featuredmedia":[{"embeddable":true,"href":"https:\/\/paginacero.com.uy\/index.php?rest_route=\/wp\/v2\/media\/6875"}],"wp:attachment":[{"href":"https:\/\/paginacero.com.uy\/index.php?rest_route=%2Fwp%2Fv2%2Fmedia&parent=6874"}],"wp:term":[{"taxonomy":"category","embeddable":true,"href":"https:\/\/paginacero.com.uy\/index.php?rest_route=%2Fwp%2Fv2%2Fcategories&post=6874"},{"taxonomy":"post_tag","embeddable":true,"href":"https:\/\/paginacero.com.uy\/index.php?rest_route=%2Fwp%2Fv2%2Ftags&post=6874"}],"curies":[{"name":"wp","href":"https:\/\/api.w.org\/{rel}","templated":true}]}}