{"id":6871,"date":"2025-04-25T16:11:58","date_gmt":"2025-04-25T19:11:58","guid":{"rendered":"https:\/\/paginacero.com.uy\/?p=6871"},"modified":"2025-04-25T16:11:58","modified_gmt":"2025-04-25T19:11:58","slug":"algorta-propone-una-administracion-con-energia-y-equipo","status":"publish","type":"post","link":"https:\/\/paginacero.com.uy\/?p=6871","title":{"rendered":"Algorta propone una administraci\u00f3n con energ\u00eda y equipo\u00a0"},"content":{"rendered":"<p>El candidato a la<b id=\"geom_inter_1745608206459_42_33\">\u00a0Intendencia de Durazno, Dr. Felipe Algorta\u00a0<\/b>particip\u00f3 este jueves del\u00a0<b>Di\u00e1logo \u00abRuralidad y Pol\u00edticas Departamentales\u00bb<\/b>, organizado por la\u00a0<b id=\"geom_inter_1745608208466_44_36\">Sociedad Rural de Durazno (SRD).<\/b><!--more--><\/p>\n<p id=\"geom_inter_1745608208469_72_38\" dir=\"ltr\"><span id=\"geom_inter_1745608208467_39_37\" style=\"font-size: large;\"><span id=\"geom_inter_1745608206459_96_34\" data-olk-copy-source=\"MessageBody\">\u201cLas ideas son muy importantes y est\u00e1 bueno presentarlas pero tambi\u00e9n es muy importante la energ\u00eda que le vamos a poner a la administraci\u00f3n y sobre todo el equipo que nos va a acompa\u00f1ar. Hay un mont\u00f3n de posibilidades por delante, tenemos un departamento divino y todos sabemos que podemos ir a m\u00e1s\u201d dijo.\u00a0<\/span><\/span><\/p>\n<p dir=\"ltr\"><span style=\"font-size: large;\">En el primero de los temas,\u00a0<b>caminer\u00eda rural<\/b>,\u00a0<b>Algorta\u00a0<\/b>indic\u00f3 que el agua es lo que destruye la caminer\u00eda, \u201csino se va r\u00e1pido es un problema, entonces hay que trabajar en\u00a0<b>pendientes, en drenajes, en cunetas, en alcantarillas<\/b>, es fundamental no solamente ir y pasar la m\u00e1quina, hay que hacerlo con calidad, con inteligencia\u201d dijo.\u00a0<\/span><\/p>\n<p id=\"geom_inter_1745608259476_83_39\" dir=\"ltr\"><span style=\"font-size: large;\"><span id=\"geom_inter_1745608259477_63_40\">\u00ab<b>Seis mil kil\u00f3metros<\/b>\u00a0tiene la caminer\u00eda rural de Durazno, es el segundo departamento con mayor caminer\u00eda en el pa\u00eds. \u201cNecesitamos un\u00a0<b>desarrollo y una planificaci\u00f3n vial<\/b>\u00a0duradera, con inteligencia. El tema canteras es uno de los cuello de botella que tenemos en el departamento, sabemos que hay productores que por alguna raz\u00f3n no est\u00e1n dando tanto, se ve que en alg\u00fan momento se fall\u00f3, por lo que promoveremos acuerdos para que tengamos material de calidad\u201d.\u00a0<\/span><\/span><\/p>\n<p id=\"geom_inter_1745608259489_74_42\" dir=\"ltr\"><span style=\"font-size: large;\"><span id=\"geom_inter_1745608259478_6_41\"><b>Algorta<\/b>, dedic\u00f3 unos minutos para hablar tambi\u00e9n sobre el control de las obras: \u201ces un tema importante, recuerdo con desaz\u00f3n aquella\u00a0<b>ruta 100<\/b>\u00a0cuando se inici\u00f3 y en menos de un mes ya se ve\u00edan sus desperfectos, si no hay control cualquier dinero que se destine est\u00e1 llamado a ser en vano. La presencia de las jerarqu\u00edas es otro punto clave, los jerarcas tienen que estar, tienen que andar, tienen que recorrer, eso es fundamental. En cuanto a los funcionarios creo que hay que trabajar en los incentivos, en la prima por rendimiento, la capacitaci\u00f3n, en la propia programaci\u00f3n de la licencia que muchas veces se dan en per\u00edodos donde realmente se pueden hacer muchos trabajos. La tercerizaci\u00f3n de algunos caminos no lo vamos a negar, puede ser una posibilidad en algunos tramos. Podemos llegar a trabajar tambi\u00e9n en contratos por niveles de servicio, como lo hace el\u00a0<b id=\"geom_inter_1745608260461_95_43\">Ministerio de Transportes\u00a0 (y Obras P\u00fablicas)<\/b>. Necesitamos un ingeniero vial especializado que complemente a los que ya est\u00e1n trabajando en el departamento. Si la ruta 100 el\u00a0<b>Ministerio de Transportes\u00a0<\/b>la quiere agarrar bienvenido sea. El reglamento en los d\u00edas de lluvia es algo que vamos a estar escuchando que es lo que opinan los productores, tenemos situaciones de otros departamentos con ejemplos concretos de qu\u00e9 cosas se hacen, qu\u00e9 cosas funcionan y qu\u00e9 cosas no funcionan. En cuanto a obras,<b id=\"geom_inter_1745608260463_25_44\">\u00a0hace 30 a\u00f1os<\/b>\u00a0que no se hace un puente en el departamento en la caminer\u00eda interna, nos imaginamos varios, el de\u00a0<b>Feliciano, el Paim\u00ed, varios de ruta 100 y varias calzadas\u201d<\/b>.<\/span><\/span><\/p>\n<p dir=\"ltr\"><span style=\"font-size: large;\">En el\u00a0 segundo de los temas,\u00a0<b>animales sueltos<\/b>, el candidato nacionalista a la IDD, sostuvo que \u00abcomo medida m\u00e1s importante ha planteado un albergue modelo para animales como hizo la\u00a0<b>Fundaci\u00f3n Cero Callejero en Florida<\/b>. \u201cNosotros lo planteamos para<b>\u00a0Durazno<\/b>\u00a0pero tambi\u00e9n para\u00a0<b>Sarand\u00ed del Y\u00ed<\/b>, all\u00ed trabajan veterinarios, hay protocolos, limpieza, hay una buena comunicaci\u00f3n\u201d.\u00a0<\/span><\/p>\n<p id=\"geom_inter_1745608261470_29_47\" dir=\"ltr\"><span id=\"geom_inter_1745608261464_84_46\" style=\"font-size: large;\"><span id=\"geom_inter_1745608261463_67_45\">Agreg\u00f3 que esto no pasa solamente por crear infraestructura, \u201clo m\u00e1s importante es lo que ya tenemos en\u00a0<b>Durazno,<\/b>\u00a0que es gente dispuesta a dedicar tiempo para trabajar en esos temas por eso \u00e9sto no lo vamos a hacer solo desde la<b>\u00a0Intendencia,<\/b>\u00a0lo vamos a trabajar junto con los voluntarios y las organizaciones dedicadas al tema como\u00a0<b>OBA (Organizaci\u00f3n de Bienestar Animal)\u00a0<\/b>a quienes queremos alivianar la carga. Eso tiene que ver tambi\u00e9n con el r\u00e9gimen de donaciones especiales o las empresas que est\u00e1n declaradas de inter\u00e9s departamental que siempre tienen un margen para dejar a la sociedad\u201d.<\/span><\/span><\/p>\n<p dir=\"ltr\"><span style=\"font-size: large;\">\u00a0Agreg\u00f3 que se deben realizar castraciones continuas, en Durazno no se hacen desde febrero de 2023 y sum\u00f3 el chipeado, la identificaci\u00f3n, el control y las multas, \u201cen controlar tambi\u00e9n se falla en este tema\u201d y mencion\u00f3 que con la\u00a0<b>Guardia Municipal<\/b>\u00a0que propone tambi\u00e9n habr\u00e1 personal capacitado para llevar los animales que est\u00e9n en la calle hacia el albergue.\u00a0\u00a0<\/span><\/p>\n<p id=\"geom_inter_1745608262464_80_49\" dir=\"ltr\"><span style=\"font-size: large;\"><span id=\"geom_inter_1745608262456_29_48\">En el tema\u00a0<b>Pol\u00edticas de Desarrollo Productivo<\/b>,\u00a0<b>Algorta Brit,<\/b>\u00a0habl\u00f3 de liderar desde la Intendencia las conversaciones con la\u00a0<b>Mesa de Desarrollo Rural, Ministerio de Ganader\u00eda, Mevir, los apicultore<\/b>s, entre otros actores. Por otro lado resalt\u00f3 la posibilidad de trabajar en el desarrollo del\u00a0<b>Turismo Rural<\/b>, una fuente de trabajo genuina que se puede potenciar mediante fondos que ya existen para tal fin. Adem\u00e1s, se refiri\u00f3 al\u00a0<b>proyecto Baygorria\u00a0<\/b>que la actual administraci\u00f3n no tom\u00f3 la idea iniciada en su gesti\u00f3n de Ute pero que de llegar al gobierno, sin dudas lo va a llevar adelante. Tambi\u00e9n extender el apoyo a las emprendedoras y cooperativas como las ceramistas o costureras en\u00a0<b>Blanquillo<\/b>\u00a0y en tantas otras localidades. Continuar con e<b>l plan de aguas, con huertas, compostaje y el trabajo del Cecoed\u00a0<\/b>para los m\u00e1s desplazados del\u00a0<b>medio rural<\/b>. Por \u00faltimo se refiri\u00f3 a involucrar a la<b>\u00a0Utec (Universidad Tecnol\u00f3gica)<\/b>\u00a0en nuestro sistema productivo, \u00abtenemos que apostar a la formaci\u00f3n y la preparaci\u00f3n permanente\u00bb mencion\u00f3 como objetivo para mejorar el desarrollo tambi\u00e9n desde la tecnolog\u00eda.<\/span><\/span><\/p>\n<p><span style=\"font-size: large;\"><b>Plan Odontol\u00f3gico, conectividad, pol\u00edtica tributaria\u00a0<\/b><br \/>\n<\/span><\/p>\n<p dir=\"ltr\"><span style=\"font-size: large;\">En cuanto al\u00a0<b>desarrollo social de la ruralidad,<\/b>\u00a0felicit\u00f3 el\u00a0<b>Plan Odontol\u00f3gico<\/b>\u00a0que lleva adelante la\u00a0<b>Sociedad Rural (de Durazno),<\/b>\u00a0un ejemplo concreto de acciones que ayudan al desarrollo en el medio rural.\u00a0<\/span><\/p>\n<p id=\"geom_inter_1745608263487_55_54\" dir=\"ltr\"><span style=\"font-size: large;\"><span id=\"geom_inter_1745608263477_56_50\">Adem\u00e1s mencion\u00f3 la creaci\u00f3n de la\u00a0<b>Residencia Estudiantil p<\/b>ara que los j\u00f3venes de las diferentes localidades del departamento tengan la posibilidad de\u00a0<b>estudiar en Durazno<\/b>; por otra parte, mencion\u00f3 que trabajar\u00e1 desde el primer d\u00eda en mejorar la\u00a0<b>se\u00f1al de Antel en todo el departamento<\/b>, apoyar la creaci\u00f3n de la\u00a0<b>escuela rural de La Paloma\u00a0<\/b>y las\u00a0<b>escuelas rurales<\/b>\u00a0existentes as\u00ed como el\u00a0<b id=\"geom_inter_1745608263477_19_51\">Paiva en Sarand\u00ed del Y\u00ed.<\/b>\u00a0Retomar los centros de desarrollo rural en\u00a0<b>Sarand\u00ed de Cuadra y la Colonia Rosel<\/b>l donde dejaron de funcionar.\u00a0<\/span><\/span><\/p>\n<p id=\"geom_inter_1745608263489_43_55\" dir=\"ltr\"><span style=\"font-size: large;\"><span id=\"geom_inter_1745608263480_68_52\">\u201cVamos a apoyar a los\u00a0<b>eventos<\/b>\u00a0de calidad en cada localidad para reforzar la identidad de cada lugar\u201d, mencion\u00f3 y destac\u00f3 como \u00abotro punto importante trabajar en los\u00a0<b id=\"geom_inter_1745608263481_48_53\">hogares de ancianos<\/b>, como ya lo hicimos en\u00a0<b>Blanquillo<\/b>\u00a0cuando fuimos<b>\u00a0Diputado<\/b>, porque los veteranos no se quieren ir a\u00a0<b>Sarand\u00ed o Durazno<\/b>\u00a0a pasar sus \u00faltimos d\u00edas all\u00e1, tenemos que trabajar mucho con la tercera edad. Hablar\u00eda de e<b>lectrificaci\u00f3n rural\u00a0<\/b>pero eso ya lo hicimos\u00bb.<\/span><\/span><\/p>\n<p dir=\"ltr\"><span style=\"font-size: large;\">Agreg\u00f3 como reflexi\u00f3n que apuesta m\u00e1s a la libertad, \u00abque la gente quiera quedarse en el campo, no que tenga que quedarse, nos vamos a comprometer con esa gente\u00bb.<br \/>\n<\/span><\/p>\n<p id=\"geom_inter_1745608264502_46_60\" dir=\"ltr\"><span id=\"geom_inter_1745608264495_6_56\" style=\"font-size: large;\"><span id=\"geom_inter_1745608264496_50_57\">En el tema de\u00a0<b>pol\u00edtica tributaria\u00a0<\/b>dijo que los ingresos por<b>\u00a0contribuci\u00f3n rural\u00a0<\/b>son el doble a los ingresos por contribuci\u00f3n urbana, la morosidad est\u00e1 entre un<b>\u00a08 y un 9%,\u00a0<\/b>\u201cpor supuesto que podemos tener mucha cintura para la refinanciaci\u00f3n para que quienes est\u00e1n morosos puedan engancharse nuevamente. La\u00a0<b>morosidad urbana est\u00e1 en un 30%.<\/b>\u00a0A mi me gustar\u00eda escuchar a las distintas asociaciones sobre que opinan sobre el tema de fechas de vencimiento y otros aspectos, estamos muy abiertos al tema porque en funci\u00f3n de los ciclos productivos tambi\u00e9n se pueden prever distintos vencimientos\u201d.\u00a0<\/span><\/span><\/p>\n<p id=\"geom_inter_1745608264500_40_59\" dir=\"ltr\"><span style=\"font-size: large;\"><span id=\"geom_inter_1745608264499_59_58\">Agreg\u00f3 que hay que hacer un trabajo en la gesti\u00f3n de las gu\u00edas, para no complicar, para facilitar la tarea de las gu\u00edas que es algo muy importante para el productor.\u00a0<\/span><\/span><\/p>\n<p dir=\"ltr\"><span style=\"font-size: large;\"><span id=\"geom_inter_1745608265462_15_61\">\u201cEn nuestro caso\u00a0<b>Jorge Reyna\u00a0<\/b>va a ser nuestro Director de Hacienda junto a un equipo muy importante de profesionales en el tema\u201d, concluy\u00f3.\u00a0<\/span><\/span><\/p>\n","protected":false},"excerpt":{"rendered":"<p>El candidato a la\u00a0Intendencia de Durazno, Dr. Felipe Algorta\u00a0particip\u00f3 este jueves del\u00a0Di\u00e1logo \u00abRuralidad y Pol\u00edticas Departamentales\u00bb, organizado por la\u00a0Sociedad Rural de Durazno (SRD).<\/p>\n","protected":false},"author":4,"featured_media":6872,"comment_status":"closed","ping_status":"closed","sticky":false,"template":"","format":"standard","meta":{"footnotes":""},"categories":[5],"tags":[],"class_list":["post-6871","post","type-post","status-publish","format-standard","has-post-thumbnail","hentry","category-durazno"],"_links":{"self":[{"href":"https:\/\/paginacero.com.uy\/index.php?rest_route=\/wp\/v2\/posts\/6871","targetHints":{"allow":["GET"]}}],"collection":[{"href":"https:\/\/paginacero.com.uy\/index.php?rest_route=\/wp\/v2\/posts"}],"about":[{"href":"https:\/\/paginacero.com.uy\/index.php?rest_route=\/wp\/v2\/types\/post"}],"author":[{"embeddable":true,"href":"https:\/\/paginacero.com.uy\/index.php?rest_route=\/wp\/v2\/users\/4"}],"replies":[{"embeddable":true,"href":"https:\/\/paginacero.com.uy\/index.php?rest_route=%2Fwp%2Fv2%2Fcomments&post=6871"}],"version-history":[{"count":1,"href":"https:\/\/paginacero.com.uy\/index.php?rest_route=\/wp\/v2\/posts\/6871\/revisions"}],"predecessor-version":[{"id":6873,"href":"https:\/\/paginacero.com.uy\/index.php?rest_route=\/wp\/v2\/posts\/6871\/revisions\/6873"}],"wp:featuredmedia":[{"embeddable":true,"href":"https:\/\/paginacero.com.uy\/index.php?rest_route=\/wp\/v2\/media\/6872"}],"wp:attachment":[{"href":"https:\/\/paginacero.com.uy\/index.php?rest_route=%2Fwp%2Fv2%2Fmedia&parent=6871"}],"wp:term":[{"taxonomy":"category","embeddable":true,"href":"https:\/\/paginacero.com.uy\/index.php?rest_route=%2Fwp%2Fv2%2Fcategories&post=6871"},{"taxonomy":"post_tag","embeddable":true,"href":"https:\/\/paginacero.com.uy\/index.php?rest_route=%2Fwp%2Fv2%2Ftags&post=6871"}],"curies":[{"name":"wp","href":"https:\/\/api.w.org\/{rel}","templated":true}]}}