{"id":6855,"date":"2025-04-24T10:50:14","date_gmt":"2025-04-24T13:50:14","guid":{"rendered":"https:\/\/paginacero.com.uy\/?p=6855"},"modified":"2025-04-24T10:50:14","modified_gmt":"2025-04-24T13:50:14","slug":"pineiro-la-665-es-una-de-las-listas-mas-populares","status":"publish","type":"post","link":"https:\/\/paginacero.com.uy\/?p=6855","title":{"rendered":"Pi\u00f1eiro: \u00abLa 665 es una de las listas m\u00e1s populares\u00bb"},"content":{"rendered":"<p>\u00abA unas pocas semanas de la elecci\u00f3n departamental 2025, estamos totalmente consolidados como equipo, me atrevo a decir que somos una de las listas m\u00e1s populares dentro de la poblaci\u00f3n y ojal\u00e1 seamos la m\u00e1s votada, pero eso lo va a decir la gente el 11 de mayo\u00bb, dijo a\u00a0<b>P\u00e1gina Cero, Jos\u00e9 Pablo Pi\u00f1eiro Pastor\u00edn<\/b>, principal dirigente de la\u00a0<b>Lista 665,<\/b>\u00a0sublema \u00abNosotros tambi\u00e9n Podemos\u00bb, que apoya la candidatura del\u00a0<b>Dr. Felipe Algorta Brit.<\/b><!--more--><\/p>\n<div><span style=\"font-size: large;\" data-olk-copy-source=\"MessageBody\">Entiende que se est\u00e1 ante una \u00abelecci\u00f3n bien polarizada dentro del<b>\u00a0Partido Nacional,<\/b>\u00a0pero que abarca un apoyo en votos muy importante\u00bb, y se\u00f1al\u00f3 que \u00abel\u00a0<b>Frente Amplio<\/b>\u00a0es una fuerza dentro del departamento de respeto, tengo muchos amigos de siempre que militan para esta fuerza pol\u00edtica. Grupalmente y en lo personal como integrante de esta agrupaci\u00f3n\u00a0<b>\u00abNosotros Tambi\u00e9n Podemos\u00bb<\/b>\u00a0me llena de orgullo mirar hacia atr\u00e1s y ver d\u00f3nde hemos llegado hoy. Despu\u00e9s de habernos expuesto a las urnas en varias oportunidades llegamos a esta elecci\u00f3n departamental con una fe pero sobre todo esperanza en el trabajo que hemos venido realizando desde siempre; desde los comienzos en el a\u00f1o 2017. Estamos en cada rinc\u00f3n de la ciudad a diario con los vecinos, dialogando y viendo las problem\u00e1ticas desde cerca. Con esta intenci\u00f3n y esp\u00edritu hemos desarrollado varias propuestas en el correr de los a\u00f1os, y hemos encontrado en este pr\u00f3ximo gobierno de\u00a0<b>Felipe Algorta\u00a0<\/b>si Dios quiere, el apoyo y el respaldo suficiente para salir a militar a toda hora por las calles; problem\u00e1ticas chicas pero diarias; a eso apuntamos, a la respuesta r\u00e1pida, son tiempos de cambio, son tiempos en los cuales hemos crecido exponencialmente en poblaci\u00f3n, en tr\u00e1nsito, hemos avanzado en territorio buscando construir nuestro techo, y bueno las respuestas y la mano firme tiene que estar ah\u00ed en la diaria, atendiendo y colaborado para que nuestra gente tenga una mejor calidad de vida, y que se puedan alcanzar los objetivos en conjunto con pocas trabas, con pocos cuestionamientos, con m\u00e1s acci\u00f3n y m\u00e1s eficacia\u00bb.<\/span><\/div>\n<div dir=\"auto\"><span style=\"font-size: large;\">\u00a0<\/span><\/div>\n<div><span style=\"font-size: large;\"><b>Temas varios para prestarle atenci\u00f3n<\/b><\/span><\/div>\n<div><span style=\"font-size: large;\">Los temas en los que\u00a0<b>Pi\u00f1eyro<\/b>\u00a0viene reparando en su campa\u00f1a hacia el acto comicial del 11 de mayo, son entre otros: recolecci\u00f3n nocturna de residuos domiciliarios; habilitaci\u00f3n de ba\u00f1os p\u00fablicos en distintos sitios al servicio de la comunidad; nuevo proyecto de arbolado p\u00fablico \u00absobre lo cual ya se est\u00e1 trabajando\u00bb, descentralizaci\u00f3n con \u00e9nfasis en pol\u00edticas p\u00fablicas, log\u00edstica y servicios \u00abpara que\u00a0<\/span><span style=\"font-size: large;\">cada\u00a0<b>Junta Local o Municipio<\/b>, deje de depender necesariamente del gobierno departamental; reforma de ordenanzas que regulan el comercio; reactivaci\u00f3n y puesta en valor como generador de fuentes de trabajo y centro deportivo ecuestre y del hipismo en general del\u00a0<b>Hip\u00f3dromo Independencia<\/b>, o la situaci\u00f3n de\u00a0<b>calle Joaqu\u00edn Su\u00e1rez<\/b>, \u00abque la gente deje en esta arteria, desde<b>\u00a04 de Octubre hasta Artigas<\/b>\u00a0tener el agua en la puerta de la casa\u00bb.<br \/>\n\u00abAparte de todas estas iniciativas y planteos, l\u00f3gicamente que esperamos ser tenidos en consideraci\u00f3n por la ciudadan\u00eda al momento de elegir el\u00a0<b>pr\u00f3ximo 11 de mayo<\/b>\u00a0y que ojal\u00e1 podamos lograr una representaci\u00f3n ya sea en el legislativo como en el ejecutivo departamental\u00bb.<\/span><\/div>\n<div><span style=\"font-size: large;\">\u00abEstamos dentro del equipo de agrupaciones que acompa\u00f1amos a\u00a0<b>Felipe Algorta a la Intendencia<\/b>, vamos con nuestro propio sublema; aparte del\u00a0<b>sublema Juntos por Durazno,<\/b>\u00a0nuestro\u00a0<b>sub lema\u00a0<\/b>es\u00a0<b>\u00abNosotros tambi\u00e9n podemos<\/b>\u00ab, integrado por las listas\u00a0<b>665, 880 y 555<\/b>\u00ab, resalt\u00f3<b>\u00a0Pi\u00f1eiro<\/b>.<\/span><\/div>\n","protected":false},"excerpt":{"rendered":"<p>\u00abA unas pocas semanas de la elecci\u00f3n departamental 2025, estamos totalmente consolidados como equipo, me atrevo a decir que somos una de las listas m\u00e1s populares dentro de la poblaci\u00f3n y ojal\u00e1 seamos la m\u00e1s votada, pero eso lo va a decir la gente el 11 de mayo\u00bb, dijo a\u00a0P\u00e1gina Cero, Jos\u00e9 Pablo Pi\u00f1eiro Pastor\u00edn, [&hellip;]<\/p>\n","protected":false},"author":4,"featured_media":6856,"comment_status":"closed","ping_status":"closed","sticky":false,"template":"","format":"standard","meta":{"footnotes":""},"categories":[5],"tags":[],"class_list":["post-6855","post","type-post","status-publish","format-standard","has-post-thumbnail","hentry","category-durazno"],"_links":{"self":[{"href":"https:\/\/paginacero.com.uy\/index.php?rest_route=\/wp\/v2\/posts\/6855","targetHints":{"allow":["GET"]}}],"collection":[{"href":"https:\/\/paginacero.com.uy\/index.php?rest_route=\/wp\/v2\/posts"}],"about":[{"href":"https:\/\/paginacero.com.uy\/index.php?rest_route=\/wp\/v2\/types\/post"}],"author":[{"embeddable":true,"href":"https:\/\/paginacero.com.uy\/index.php?rest_route=\/wp\/v2\/users\/4"}],"replies":[{"embeddable":true,"href":"https:\/\/paginacero.com.uy\/index.php?rest_route=%2Fwp%2Fv2%2Fcomments&post=6855"}],"version-history":[{"count":1,"href":"https:\/\/paginacero.com.uy\/index.php?rest_route=\/wp\/v2\/posts\/6855\/revisions"}],"predecessor-version":[{"id":6857,"href":"https:\/\/paginacero.com.uy\/index.php?rest_route=\/wp\/v2\/posts\/6855\/revisions\/6857"}],"wp:featuredmedia":[{"embeddable":true,"href":"https:\/\/paginacero.com.uy\/index.php?rest_route=\/wp\/v2\/media\/6856"}],"wp:attachment":[{"href":"https:\/\/paginacero.com.uy\/index.php?rest_route=%2Fwp%2Fv2%2Fmedia&parent=6855"}],"wp:term":[{"taxonomy":"category","embeddable":true,"href":"https:\/\/paginacero.com.uy\/index.php?rest_route=%2Fwp%2Fv2%2Fcategories&post=6855"},{"taxonomy":"post_tag","embeddable":true,"href":"https:\/\/paginacero.com.uy\/index.php?rest_route=%2Fwp%2Fv2%2Ftags&post=6855"}],"curies":[{"name":"wp","href":"https:\/\/api.w.org\/{rel}","templated":true}]}}