{"id":6841,"date":"2025-04-21T17:37:55","date_gmt":"2025-04-21T20:37:55","guid":{"rendered":"https:\/\/paginacero.com.uy\/?p=6841"},"modified":"2025-04-21T19:18:53","modified_gmt":"2025-04-21T22:18:53","slug":"vidalin-una-evaluacion-de-las-politicas-sociales-y-el-desarrollo-del-departamento-del-cuatro-veces-intendente-electo","status":"publish","type":"post","link":"https:\/\/paginacero.com.uy\/?p=6841","title":{"rendered":"Vidal\u00edn, una evaluaci\u00f3n de las pol\u00edticas sociales y el desarrollo del departamento del cuatro veces Intendente electo"},"content":{"rendered":"<p>El\u00a0<b>Intendente Departamental de Durazno,\u00a0Lic. Carmelo Vidal\u00edn,<\/b>\u00a0comparti\u00f3 con\u00a0<b>P\u00e1gina Cero<\/b>\u00a0una charla en la que profundiz\u00f3 sobre diversos temas relacionados a sus\u00a0<b>m\u00e1s de 30 a\u00f1os\u00a0<\/b>en el \u00e1mbito de la pol\u00edtica partidaria y la gesti\u00f3n al mando del ejecutivo departamental.<!--more--><\/p>\n<div dir=\"auto\"><span style=\"font-size: large;\" data-olk-copy-source=\"MessageBody\"><span style=\"font-size: large;\" data-olk-copy-source=\"MessageBody\">Los t\u00f3picos repasados fueron entre otros, las\u00a0<b>pol\u00edticas de inversi\u00f3n y desarrollo\u00a0<\/b>efectuadas a trav\u00e9s de obras de infraestructura en el plano\u00a0<b>social, educativo e inclusivo, fomento al deporte, inclusi\u00f3n laboral; el medio ambiente<\/b>, las pol\u00edticas de\u00a0<b>carteras de tierra\u00a0<\/b>y\u00a0<b>construcci\u00f3n de viviendas<\/b>; la relaci\u00f3n con el gremio funcionarios\u00a0<b>(Adeom)<\/b>; el manejo\u00a0<b>econ\u00f3mico y financiero de la Intendencia<\/b>, y en el plano m\u00e1s personal, su mirada respecto a la pol\u00edtica local, los objetivos a futuro dentro o fuera de la \u00e9gida partidaria, y la importancia que le asigna al acto eleccionario del pr\u00f3ximo\u00a0<b>domingo 11 de mayo 2025<\/b>.<br \/>\n<b>Vidal\u00edn<\/b>, es de los \u00faltimos caudillos de la pol\u00edtica departamental, status que lo avalan sus propias credenciales dentro de la arena pol\u00edtica y gubernamental local, dado que ostenta el r\u00e9cord de haber sido electo\u00a0<b>Intendente en cuatro periodos,<\/b>\u00a0adem\u00e1s de haber transitado todos los estamentos de la labor legislativa, como\u00a0<b>Edil, Diputado y Senador<\/b>, y a nivel de jefes comunales, electo en tres ocasiones\u00a0<b>Presidente del Congreso Nacional de Intendentes.<\/b><\/span><\/span><b>Fuerte inversi\u00f3n en desarrollo y pol\u00edticas sociales; Durazno dej\u00f3 de ser el \u00abhueco del pa\u00eds\u00bb<\/b><br \/>\nAl realizar un balance de la actual\u00a0gesti\u00f3n\u00a0en la Intendencia de Durazno,\u00a0<b>\u00abCacho\u00bb Vidal\u00edn,<\/b>\u00a0sostuvo que \u00aben\u00a0este \u00faltimo periodo hemos continuado organizando obras, mejorando servicios, estimulando la<b>\u00a0instalaci\u00f3n de nuevos emprendimientos<\/b>, desarrollando\u00a0<b>pol\u00edticas sociales de vivienda<\/b>, apostando al\u00a0<b>deporte, la cultura, la recreaci\u00f3n y el cuidado del medio ambiente<\/b>. Durazno en los \u00faltimos a\u00f1os ha tenido muchas inversiones privadas, a las cuales hemos apostado para generar empleo en nuestra gente. Hemos hecho una gran apuesta en la recuperaci\u00f3n del\u00a0<b>Centro Cultural Teatro Espa\u00f1ol,<\/b>\u00a0un viejo escenario que tiene una vida art\u00edstica permanente.\u00a0Tambi\u00e9n construimos un\u00a0<b>espacio cultural\u00a0<\/b>para nuestras\u00a0<b>escuelas de arte y m\u00fasica;<\/b>\u00a0apostamos al deporte a trav\u00e9s de una importante infraestructura consistente en la construcci\u00f3n de gimnasios, piscinas climatizadas, mejoras de escenarios deportivos y son m\u00e1s de\u00a0<b>4.000 ni\u00f1os, j\u00f3venes y adultos<\/b>\u00a0que participan de las diferentes actividades deportivas generadas por nuestra administraci\u00f3n en todo el departamento\u00bb.<br \/>\nAgreg\u00f3 que desde la\u00a0<b>IDD\u00a0<\/b>\u00abapostamos a la formaci\u00f3n de nuestros j\u00f3venes apoyando a instituciones como la\u00a0<b>UTEC<\/b>; tambi\u00e9n trabajamos con el\u00a0<b>Polo Educativo Tecnol\u00f3gico<\/b>, con el\u00a0<b>Magisterio<\/b>, con las\u00a0<b>escuela agrarias,<\/b>\u00a0y para ello hemos construido un alojamiento transitorio que brinda las mismas posibilidades a los j\u00f3venes del Interior, como a los j\u00f3venes de la capital\u201c.<br \/>\n<b><br \/>\nIntendencia ordenada, con balance econ\u00f3mico financiero positivo<\/b><br \/>\nConsultado sobre cu\u00e1les han sido las principales l\u00edneas de acci\u00f3n de manera estrat\u00e9gica encaradas, el jefe comunal duraznense dijo que \u00abtenemos el compromiso de continuar trabajando para tener una Intendencia ordenada, sin deudas, con balance positivo. Contamos con\u00a0<b>auditor\u00edas internas y externas<\/b>\u00a0del\u00a0<b>Tribunal de Cuentas de la Rep\u00fablica (TCR)<\/b>\u00a0al que atendemos cumpliendo los dict\u00e1menes de esto.<br \/>\nConcretamos obras a lo largo y ancho del departamento y tenemos para estos meses, que quedan unas cuantas en construcci\u00f3n, algunas de las cuales quedar\u00e1n para la pr\u00f3xima administraci\u00f3n. Durazno es un departamento de\u00a0<b>multitudinarios eventos<\/b>, lo que genera optimismo, alegr\u00eda y esperanza en nuestra gente. Aunque siempre hay alg\u00fan grupo que no valora y no reconoce estas cosas; valora algunas cosas que se realizan en otros lugares sin tener en cuenta estas<b>\u00a0fiestas multitudinarias gratis\u00a0<\/b>que llevamos adelante en nuestro departamento\u00bb.<br \/>\nDijo seguidamente que \u00abme siento orgulloso en decir que tenemos\u00a0<b>ciudades y localidades limpias<\/b>, valorando el trabajo de nuestros\u00a0<b>compa\u00f1eros municipales<\/b>. Nos gusta trabajar con otras\u00a0<b>instituciones sociales, culturales, agropecuarias,<\/b>\u00a0como forma de lograr una integraci\u00f3n, as\u00ed como la\u00a0<b>Asociaci\u00f3n Down, la Fundaci\u00f3n San Pedro (del Durazno)<\/b>, que atienda a personas con baja visi\u00f3n;\u00a0<b>Panitea<\/b>;\u00a0<b>merenderos<\/b>; organizaciones de\u00a0<b>bienestar animal<\/b>, entre otras\u00bb y agreg\u00f3 que \u00abestamos comprometidos con el<b>\u00a0cierre de todos los vertederos a cielo abierto\u00a0<\/b>en todo el departamento. Para ello, hemos adquirido un predio para llevar adelante un relleno sanitario regional\u00bb.<b>Sin fideicomisos y sin deudas<\/b><br \/>\nSobre la situaci\u00f3n financiera del gobierno departamental,\u00a0<b>Vidal\u00edn\u00a0<\/b>fue categ\u00f3rico al se\u00f1alar que \u00abla\u00a0<b>Intendencia de Durazno\u00a0<\/b>posee n\u00fameros muy equilibrados, con un resultado acumulado positivo a partir del a\u00f1o 2005 a la fecha, lo que ha permitido\u00a0<b>hacer obras, pagar salarios en fecha<\/b>, invertir en la mejora y actualizaci\u00f3n de la\u00a0<b>flota vehicular<\/b>\u00bb y catalog\u00f3 como un aspecto importante que \u00abnunca hemos recurrido a\u00a0<b>pr\u00e9stamos, ni a fideicomiso;<\/b>\u00a0nunca, porque es una forma de dejar endeudada a las administraciones venideras. Tenemos que ser austeros y buenos administradores\u00bb.<br \/>\n\u00abEn el\u00a0<b>ejercicio 2024<\/b>, que se acaba de cerrar, destinamos un\u00a0<b>36,7%\u00a0<\/b>de nuestro presupuesto al pago de salarios; un\u00a0<b>39,6%\u00a0<\/b>fue destinado a obras e inversiones y un\u00a0<b>23,7%\u00a0<\/b>a gastos de funcionamiento. Ah\u00ed estamos incluyendo e<b>l 4%\u00a0<\/b>del porcentaje que destinamos a la\u00a0<b>Junta Departamental<\/b>\u00ab.<\/p>\n<p><b>UPM, Ferrocarril Central y grandes emprendimientos.<\/b><br \/>\n\u00abEl impacto ha sido positivo en lo que tiene que ver con el crecimiento y desarrollo de\u00a0<b>Pueblo Centenario,<\/b>\u00a0permitiendo la llegada de importantes emprendimientos &#8216;sat\u00e9lites&#8217; de la planta, como grandes\u00a0<b>talleres<\/b>,\u00a0<b>empresas transportistas, hoteles,<\/b>\u00a0entre otros. Sin embargo, nos hubiese gustado que las expectativas laborales que ten\u00edamos para la gente de esta regi\u00f3n fueran mayores. La construcci\u00f3n de esta planta llev\u00f3 a una importante mejora en la infraestructura de rutas, valorando especialmente el accionar del\u00a0<b>gobierno nacional<\/b>. La construcci\u00f3n del\u00a0<b>Ferrocarril Central<\/b>\u00a0a Durazno le crea expectativas junto al\u00a0<b>nuevo aeropuerto<\/b>, y el cruce de caminos, en especial de las\u00a0<b>rutas 5 y 14<\/b>, nos ilusiona que este centro geogr\u00e1fico sea un importante punto de desarrollo, y no puedo dejar de mencionar otros importantes emprendimientos que se instalaron en estos a\u00f1os en nuestro Durazno y que han generado importante mano de obra\u00bb.<\/p>\n<\/div>\n<div dir=\"auto\">\n<p><span style=\"font-size: large;\">\u00abNosotros recordamos que antes de ingresar a la Intendencia, en Durazno solo exist\u00eda la<b>\u00a0IDAC (Industria Duraznense de Art\u00edculos de Construcci\u00f3n)<\/b>, f\u00e1brica de art\u00edculos de hormig\u00f3n, y en esa \u00e9poca los duraznenses anhelaban ingresar a la\u00a0<b>Fuerza A\u00e9rea, a la Polic\u00eda o al Regimiento.<\/b>\u00a0Sin embargo, hemos logrado que se instalen emprendimientos que han generado empleo, como el frigor\u00edfico<b>\u00a0BPU (Breeders and Packers)<\/b>; como\u00a0<b>Frigoy\u00ed;<\/b>\u00a0como\u00a0<b>Frigocerro; Estancias del Lago; Numix<\/b>;\u00a0<b>silos<\/b>\u00a0por doquier, empresas transportistas, hoteles, empresas de hormigones, elaboradora de dulce leche; es decir, los duraznenses hoy tenemos mayores posibilidades de empleo. Lo que debemos hacer los gobernantes departamentales es coordinar con el gobierno nacional pol\u00edticas que sean capaces de preparar a los duraznenses para enfrentar estas nuevas situaciones, para que seamos capaces en el ma\u00f1ana de ser nosotros los ejecutores del empleo y que no sea la m\u00e1quina la que nos sustituya\u00bb.<\/span><\/p>\n<p><b>Que logros destacar\u00eda en el rubro de obras efectuadas por el gobierno departamental?<\/b><br \/>\n\u00abHemos construido el edificio del\u00a0<b>Espacio Cultural Durazno,<\/b>\u00a0remarcando la apuesta a nuestras distintas escuelas de\u00a0<b>arte y m\u00fasica,<\/b>\u00a0tambi\u00e9n en\u00a0<b>Sarand\u00ed del Yi,<\/b>\u00a0hemos construido un espacio para los talleres que all\u00ed funcionan, construimos\u00a0<b>piscinas climatizadas en Durazno, Ciudad del Carmen, Sarand\u00ed del Yi<\/b>; pr\u00f3ximamente se realizar\u00e1 el cerramiento y la climatizaci\u00f3n de la\u00a0<b>piscina de Cerro Chato\u00bb.<\/b><br \/>\n\u00abEn todo el departamento existen\u00a0<b>m\u00e1s de una docena de gimnasios<\/b>, que adem\u00e1s de desarrollar una intensa<b>\u00a0actividad deportiva, cultural,<\/b>\u00a0permiten se impartan\u00a0<b>cursos<\/b>\u00a0para la formaci\u00f3n en diferentes rubros como costura, inform\u00e1tica, peluquer\u00eda, y tambi\u00e9n cumplen una funci\u00f3n como centros de integraci\u00f3n barrial\u00bb.<br \/>\n\u00abRealizamos la reforma en todas las plazas p\u00fablicas del departamento y en especial la concreci\u00f3n de espacios recreativos para ni\u00f1os. Reformamos y modernizamos el<b>\u00a0estadio (Silvestre Octavio) Landoni, el estadio Juan Ram\u00f3n Carrasco (Sarand\u00ed del Yi), el estadio (Jos\u00e9 Pedro) Varela;<\/b>\u00a0estamos trabajando en el\u00a0<b>estadio Ernesto de Le\u00f3n,<\/b>\u00a0estamos a punto de inaugurar una cancha de piso de goma en la explanada del\u00a0<b>Complejo Landoni,<\/b>\u00a0construimos el\u00a0<b>Parque Bicentenario<\/b>, que se ha transformado en un lugar de encuentro de la familia duraznense; el\u00a0<b>Bioparque Durazno (\u00abWashington Rodr\u00edguez Piquinela\u00bb)<\/b>, donde los animales no est\u00e1n en jaulas, sino que se encuentran en espacios realmente amplios, imitando su h\u00e1bitat natural; recuperamos el patrimonio hist\u00f3rico del\u00a0<b>Teatro Espa\u00f1ol;\u00a0 Palacio Penza\u00a0<\/b>aqu\u00ed en la ciudad de Durazno; la\u00a0<b>Capilla Farruco; el Memorial de los Molinos de los Ingleses en San Jorge;\u00a0 la Casa del Primer Voto de la Mujer en Cerro Chato<\/b>, tambi\u00e9n construimos un moderno\u00a0<b>centro log\u00edstico<\/b>\u00a0un &#8216;corral\u00f3n&#8217; nuevo, usando t\u00e9rminos antiguos, de primera generaci\u00f3n, y hemos reconstruido a nuevo, por ejemplo, la<b>\u00a0ruta 4<\/b>,\u00a0 y en todo el departamento, en todos los barrios de Durazno y en el Interior,\u00a0 urbanizaci\u00f3n de las ciudades y de las localidades, con c<b>ord\u00f3n cuneta, asfalto bitumen\u00bb<\/b>.<br \/>\nMencion\u00f3 en particular el\u00a0<b>Parque de la Hispanidad,<\/b>\u00a0comentando que \u00abah\u00ed hemos transformado un lugar que era un lugar espacioso, en un lugar de un paseo permanente de los duraznenses, con pista de ciclismo, con juego de agua, con camerinos, con\u00a0<b>Ruedo (Criollo)<\/b>, con una\u00a0<b>iluminaci\u00f3n LED\u00a0<\/b>especial, y estamos actualmente licitando lo que ser\u00e1 la\u00a0<b>cancha de c\u00e9sped sint\u00e9tico para hockey, rugby y f\u00fatbol\u00bb.<\/b><\/p>\n<p><b>Saneamiento y avenidas<\/b><br \/>\n<b>Vidal\u00edn<\/b>\u00a0agreg\u00f3 en entrevista con\u00a0<b>P\u00e1gina Cero<\/b>\u00a0que \u00abhemos trabajado much\u00edsimo con\u00a0<b>OSE\u00a0<\/b>en la concreci\u00f3n de saneamiento para barrios alejados, en convenios tripartitos,\u00a0<b>OSE Intendencia y vecinos<\/b>, y en los \u00faltimos tiempos nos gusta hablar de Durazno como\u00a0<b>ciudad de avenidas.<\/b>\u00a0Antes en Durazno no hab\u00eda avenidas hermosas como las de\u00a0<b>Sarand\u00ed del Yi<\/b>, por lo que las hemos pretendido replicar en Durazno, con\u00a0<b>Avenida Salaverry; Apolo; Fugoni; Carlos Mar\u00eda de Pena; Liber Seregni; Guti\u00e9rrez Ruiz, Carlos Reyles; Kennedy<\/b>, que han permitido hermosear nuestra ciudad capital\u00bb.<\/p>\n<p><b>Merenderos; viviendas y nueva cartera de tierras en ex predio de la Sociedad de Fomento Rural<\/b><br \/>\nHabl\u00f3 luego de la importancia del desarrollo social en el accionar de la\u00a0<b>Intendencia,<\/b>\u00a0al se\u00f1alar que \u00abocupa un lugar muy importante, y voy a mencionar algunas peque\u00f1as cosas que sumadas hacen mucho. Contamos con un programa de canastas de complemento alimenticio destinado a personas de bajos recursos, dirigido a los adultos mayores, a los estudiantes y personas con menores a cargo. Prest\u00e1mos tambi\u00e9n otros servicios como los de<b>\u00a0INDA<\/b>\u00a0en todo el departamento, contamos con el programa integral de viviendas, destinado a diferentes estratos sociales. Brindamos canastas de materiales; trabajamos con\u00a0<b>Dinisu (Direcci\u00f3n Nacional de Integraci\u00f3n Social y Urbana),<\/b>\u00a0en lo que fue el\u00a0<b>Plan Avanzar<\/b>, tambi\u00e9n trabajamos con el\u00a0<b>Plan Juntos<\/b>. Con el\u00a0<b>Ministerio de Vivienda<\/b>\u00a0llevamos adelante apoyo a las diferentes cooperativas; la Intendencia aportando\u00a0<b>carteras de tierra<\/b>. En estos momentos estamos preparando nuevas carteras de tierra sobre Carlos Mar\u00eda de Pena, desde donde finaliza el<b>\u00a0Bioparque<\/b>,\u00a0 rumbo a lo que es calle\u00a0<b>Giordano,<\/b>\u00a0hemos adquirido lo que era el local de la\u00a0<b>Sociedad Fomento Rural<\/b>, y por lo tanto vamos a tener espacios realmente importantes para desarrollar esta cartera de tierras\u00bb. \u00abHemos trabajado much\u00edsimo tambi\u00e9n con\u00a0<b>Mevir\u00a0<\/b>en todo el departamento\u00bb, destac\u00f3 el jefe comunal duraznense.<\/p>\n<p><b>Pol\u00edticas contra la drogadicci\u00f3n; Casa del Adulto Mayor y alojamiento temporal<\/b><br \/>\n<b>Vidal\u00edn\u00a0<\/b>dijo que \u00abuno de los temas que m\u00e1s nos preocupa es el tema del alto consumo de sustancias, de drogas, para decirlo de manera sencilla. Y por eso hemos implementado, trabajando conjuntamente con el gobierno nacional anterior y el actual, un centro diurno como\u00a0<b>Ciudadela y un Centro Residencial Regional<\/b>\u00a0que se llama\u00a0<b>El Sauzal<\/b>; dispositivo p\u00fablico que opera a trav\u00e9s de un convenio entre la\u00a0<b>Secretar\u00eda Nacional de Drogas, ASSE y la Intendencia de Durazno\u00bb<\/b>\u00a0y destac\u00f3 otras realizaciones: \u00aben estos momentos estamos por inaugurar la<b>\u00a0Casa del Adulto Mayor<\/b>\u00a0para que est\u00e1s personas tengan un lugar para reencontrarse, como as\u00ed tambi\u00e9n el alojamiento transitorio para familiares de personas con problemas de salud provenientes de las localidades del Interior\u00bb.<\/p>\n<p><b>Contribuci\u00f3n a la educaci\u00f3n, becas, transporte, alojamiento y pasant\u00edas<\/b><br \/>\n\u00abSe hace una fuerte apuesta para que los j\u00f3venes de contexto vulnerable puedan continuar sus\u00a0<b>estudios terciarios y universitarios en Montevideo<\/b>, otorg\u00e1ndose\u00a0<b>50<\/b><b>\u00a0becas anuales,<\/b>\u00a0a las que se suman\u00a0<b>40 becas econ\u00f3micas<\/b>\u00a0destinadas a estudiantes de localidades del\u00a0<b>Interior del departamento\u00a0<\/b>que no tengan instituciones en su localidad;\u00a0<b>becas de apoyo en transporte<\/b>\u00a0para estudiantes que no tengan ninguna beca. A ello le hemos sumado la construcci\u00f3n de una\u00a0<b>Residencia Estudiantil\u00a0<\/b>aqu\u00ed en la ciudad de Durazno destinada a estudiantes de la\u00a0<b>UTEC, del Polo Tecnol\u00f3gico, del Instituto de Formaci\u00f3n Docente<\/b>, y llevamos tambi\u00e9n adelante programas de\u00a0<b>pasant\u00edas para estudiantes<\/b>\u00a0que est\u00e1n cursando diferentes carreras para que tengan su primera experiencia laboral aqu\u00ed en la\u00a0<b>Intendencia de Durazno<\/b>\u00ab.<\/p>\n<p><b>\u00abExcelente relaci\u00f3n\u00bb con funcionarios y el gremio de Adeom\u00bb<\/b><br \/>\nAnte la pregunta de c\u00f3mo ha sido la relaci\u00f3n con los funcionarios municipales y con\u00a0<b>Adeom (Asociaci\u00f3n de Empleados y Obreros Municipales)<\/b>, dijo que \u00abdebo destacar la excelente relaci\u00f3n que hemos tenido con todos los funcionarios municipales, valorando muchas de las concreciones que hemos logrado trabajando juntos con el gremio de\u00a0<b>Adeom<\/b>. Una de las satisfacciones m\u00e1s grandes para este Intendente es que el gobierno de Durazno haya podido ceder un terreno c\u00e9ntrico con destino a viviendas para funcionarios carentes de techo propio. Tambi\u00e9n con los funcionarios,\u00a0 en un di\u00e1logo muy fluido y permanente, hemos llevado adelante cursos de formaci\u00f3n en todo momento. Hemos trabajado con un sistema de calificaciones y concursos, que a veces lamentablemente no ha sido bien recibido. Ha habido acuerdos para\u00a0<b>partidas salariales extraordinarias, para vestimenta, \u00fatiles escolares<\/b>, para<b>\u00a0hijos de funcionarios, canasta de fin de a\u00f1o y D\u00eda de los Municipios de Am\u00e9rica<\/b>\u00ab, \u00ablos compa\u00f1eros municipales han logrado una mejora salarial para presupuestados y jornaleros promedialmente superior al<b>\u00a020% en los \u00faltimos 10 a\u00f1os<\/b>, y no estoy hablando de los aumentos establecidos por Ley, sino que estoy hablando, como dije, de una mejora salarial, y seguimos trabajando en un mont\u00f3n de sue\u00f1os y compromisos en una muy buena relaci\u00f3n, embarcados en un mismo proyecto, que es el de brindar mejoras en los servicios y la atenci\u00f3n de todos los ciudadanos\u00bb.<\/p>\n<p><b>Ingresos por concurso y sorteos: que no se vulnere la autonom\u00eda municipal<\/b><br \/>\nCon respecto a los concursos y las calificaciones en la \u00f3rbita de la\u00a0<b>IDD, Vidal\u00edn<\/b>\u00a0especific\u00f3 que \u00aben estos momentos el\u00a0<b>Parlamento Nacional<\/b>\u00a0est\u00e1 trabajando en un proyecto de Ley que establecer\u00e1 de qu\u00e9 manera se va a producir el ingreso a la\u00a0<b>Intendencia<\/b>\u00a0y cu\u00e1les ser\u00e1n los concursos que deber\u00e1n llevarse adelante o los sorteos. Durazno en ese sentido, se ha adelantado, y como\u00a0<b>Presidente del Congreso (Nacional de Intendentes),<\/b>\u00a0dialogando con mis colegas intendentes, estamos por presentar proyectos alternativos, porque entendemos que el Parlamento, al llevar adelante un\u00a0<b>proyecto de Ley\u00a0<\/b>de estas caracter\u00edsticas, estar\u00eda vulnerando lo que es la autonom\u00eda municipal. Nosotros apostamos, s\u00ed, a la formaci\u00f3n de nuestros funcionarios, apostamos, s\u00ed, a los concursos y sorteos, pero entendemos que es un tema que debemos manejar a nivel del\u00a0<b>Congreso de Intendentes<\/b>\u00a0y de los 19 titulares, trabajando acorde con las juntas departamentales de cada uno de nuestros departamentos\u00bb<\/p>\n<\/div>\n","protected":false},"excerpt":{"rendered":"<p>El\u00a0Intendente Departamental de Durazno,\u00a0Lic. Carmelo Vidal\u00edn,\u00a0comparti\u00f3 con\u00a0P\u00e1gina Cero\u00a0una charla en la que profundiz\u00f3 sobre diversos temas relacionados a sus\u00a0m\u00e1s de 30 a\u00f1os\u00a0en el \u00e1mbito de la pol\u00edtica partidaria y la gesti\u00f3n al mando del ejecutivo departamental.<\/p>\n","protected":false},"author":4,"featured_media":6847,"comment_status":"closed","ping_status":"closed","sticky":false,"template":"","format":"standard","meta":{"footnotes":""},"categories":[5],"tags":[],"class_list":["post-6841","post","type-post","status-publish","format-standard","has-post-thumbnail","hentry","category-durazno"],"_links":{"self":[{"href":"https:\/\/paginacero.com.uy\/index.php?rest_route=\/wp\/v2\/posts\/6841","targetHints":{"allow":["GET"]}}],"collection":[{"href":"https:\/\/paginacero.com.uy\/index.php?rest_route=\/wp\/v2\/posts"}],"about":[{"href":"https:\/\/paginacero.com.uy\/index.php?rest_route=\/wp\/v2\/types\/post"}],"author":[{"embeddable":true,"href":"https:\/\/paginacero.com.uy\/index.php?rest_route=\/wp\/v2\/users\/4"}],"replies":[{"embeddable":true,"href":"https:\/\/paginacero.com.uy\/index.php?rest_route=%2Fwp%2Fv2%2Fcomments&post=6841"}],"version-history":[{"count":3,"href":"https:\/\/paginacero.com.uy\/index.php?rest_route=\/wp\/v2\/posts\/6841\/revisions"}],"predecessor-version":[{"id":6848,"href":"https:\/\/paginacero.com.uy\/index.php?rest_route=\/wp\/v2\/posts\/6841\/revisions\/6848"}],"wp:featuredmedia":[{"embeddable":true,"href":"https:\/\/paginacero.com.uy\/index.php?rest_route=\/wp\/v2\/media\/6847"}],"wp:attachment":[{"href":"https:\/\/paginacero.com.uy\/index.php?rest_route=%2Fwp%2Fv2%2Fmedia&parent=6841"}],"wp:term":[{"taxonomy":"category","embeddable":true,"href":"https:\/\/paginacero.com.uy\/index.php?rest_route=%2Fwp%2Fv2%2Fcategories&post=6841"},{"taxonomy":"post_tag","embeddable":true,"href":"https:\/\/paginacero.com.uy\/index.php?rest_route=%2Fwp%2Fv2%2Ftags&post=6841"}],"curies":[{"name":"wp","href":"https:\/\/api.w.org\/{rel}","templated":true}]}}