{"id":6823,"date":"2025-04-11T10:56:08","date_gmt":"2025-04-11T13:56:08","guid":{"rendered":"https:\/\/paginacero.com.uy\/?p=6823"},"modified":"2025-04-11T10:59:16","modified_gmt":"2025-04-11T13:59:16","slug":"la-realidad-del-hospital-dr-emilio-penza-avances-desafios-y-perspectivas","status":"publish","type":"post","link":"https:\/\/paginacero.com.uy\/?p=6823","title":{"rendered":"La realidad del Hospital Dr. Emilio Penza: avances, desaf\u00edos y perspectivas"},"content":{"rendered":"<p><strong>En una entrevista exclusiva para P\u00e1gina Cero, el director del Hospital Dr. Marcos Motta y la subdirectora Lic. en Enfermer\u00eda Mar\u00eda Alejandra Pereira analizaron la situaci\u00f3n actual del hospital de la ciudad de Durazno. Conversamos sobre las fortalezas y debilidades del sistema, los avances en la atenci\u00f3n m\u00e9dica y los desaf\u00edos que enfrentan al cierre de su per\u00edodo administrativo.<\/strong><!--more--><\/p>\n<p><strong>Por: X.Fleurquin<\/strong><\/p>\n<p>Radiograf\u00eda del Hospital hoy<\/p>\n<p>El Hospital Dr. Emilio Penza es un centro de segundo nivel de atenci\u00f3n, lo que significa que recibe emergencias, brinda atenci\u00f3n en diversas especialidades m\u00e9dicas y cuenta con \u00e1reas de internaci\u00f3n, medicina general, cirug\u00eda, maternidad, ginecolog\u00eda, pediatr\u00eda y otras especialidades.<\/p>\n<p>Uno de los avances recientes en el hospital es la expansi\u00f3n de la capacidad quir\u00fargica. Actualmente, se realizan alrededor de 900 cirug\u00edas anuales en seis especialidades: traumatolog\u00eda, ginecolog\u00eda, mastolog\u00eda, cirug\u00eda maxilofacial, urolog\u00eda y otorrinolaringolog\u00eda. Adem\u00e1s, hace un a\u00f1o se incorpor\u00f3 la cirug\u00eda laparosc\u00f3pica, lo que ha mejorado significativamente la recuperaci\u00f3n de los pacientes y la eficiencia del servicio.<\/p>\n<p>Otro logro importante ha sido la implementaci\u00f3n de la Sala de Nacer, que ha permitido que casi el 100% de los nacimientos de ASSE en el departamento ocurran en el hospital, algo que no suced\u00eda en el pasado.<\/p>\n<p>Sin embargo, el hospital a\u00fan enfrenta d\u00e9ficit de especialistas en \u00e1reas clave como neurocirug\u00eda, cirug\u00eda cardiovascular, neumolog\u00eda, cirug\u00eda pl\u00e1stica y anatom\u00eda patol\u00f3gica. Muchos de estos cargos quedaron vacantes tras la jubilaci\u00f3n de los profesionales, aunque ya se han abierto llamados para su reemplazo.<\/p>\n<p>Recursos humanos y condiciones de trabajo<\/p>\n<p>El personal actual es suficiente para cubrir la demanda, aunque siempre hay aspectos a mejorar. Uno de los principales desaf\u00edos es la rotaci\u00f3n del personal y la falta de especialistas en el interior del pa\u00eds.<\/p>\n<p>Muchas veces, los cargos son ocupados por m\u00e9dicos extranjeros, ya que son ellos quienes se presentan a los llamados de ASSE. Sin embargo, el proceso de contrataci\u00f3n puede ser lento y burocr\u00e1tico, ya que los profesionales sin ciudadan\u00eda uruguaya deben esperar a que se agoten otras instancias antes de postularse.<\/p>\n<p>Salud mental y nuevas problem\u00e1ticas<\/p>\n<p>El hospital cuenta con un servicio espec\u00edfico de salud mental y una sala de psiquiatr\u00eda con 12 camas disponibles, siendo el \u00fanico centro con esta capacidad en la regi\u00f3n oeste del pa\u00eds.<\/p>\n<p>Las patolog\u00edas m\u00e1s frecuentes en esta \u00e1rea son:<\/p>\n<p>Intentos de autoeliminaci\u00f3n.<\/p>\n<p>Personas con consumo problem\u00e1tico de sustancias.<\/p>\n<p>Trastornos psiqui\u00e1tricos severos, como esquizofrenia.<\/p>\n<p>Sin embargo, los pacientes con trastornos psiqui\u00e1tricos graves, como lo son los usuarios con consumo problem\u00e1tico de sustancias son internados en la sala general, lo que ha generado conflictos con otros pacientes y sus familias. Para solucionar este problema, se present\u00f3 hace m\u00e1s de un a\u00f1o un proyecto para crear un espacio espec\u00edfico para estos pacientes, pero a\u00fan no ha habido respuesta de las autoridades.<\/p>\n<p>Otro desaf\u00edo es la cobertura de guardias psiqui\u00e1tricas los fines de semana, ya que los m\u00e9dicos pueden optar por no realizarlas. En varias ocasiones, el hospital ha quedado sin cobertura en estos d\u00edas cr\u00edticos.<\/p>\n<p>La salud en la dimensi\u00f3n social: violencia y seguridad en el hospital<\/p>\n<p>Recientemente, el hospital fue escenario de un episodio de violencia que encendi\u00f3 alarmas sobre la seguridad del personal y los pacientes.<\/p>\n<p>El hecho: Un paciente ingres\u00f3 con una fractura y fue hospitalizado para una cirug\u00eda. Lo que no se sab\u00eda en el momento era que otro paciente, internado por politraumatismos, pertenec\u00eda a un grupo delictivo rival. Este segundo paciente alert\u00f3 a personas del exterior sobre la presencia de su adversario.<\/p>\n<p>El ataque: Al finalizar el horario de visitas, el guardia de seguridad acompa\u00f1\u00f3 a los visitantes hasta la salida. En ese breve lapso, un individuo ingres\u00f3 y efectu\u00f3 disparos dentro del hospital.<\/p>\n<p>Tras el incidente, se reforz\u00f3 la seguridad con presencia policial en la entrada, aumento de guardias privados y control m\u00e1s estricto de ingresos. Tambi\u00e9n se est\u00e1n evaluando medidas adicionales, como la instalaci\u00f3n de c\u00e1maras de seguridad y un aumento del servicio policial de 222.<\/p>\n<p>Reflexi\u00f3n final: un hospital clave para la regi\u00f3n<\/p>\n<p>El Hospital Dr. Emilio Penza es un pilar fundamental en la salud p\u00fablica de Durazno y la regi\u00f3n centro del pa\u00eds. A pesar de los avances en infraestructura y servicios, persisten desaf\u00edos en la falta de especialistas, la atenci\u00f3n en salud mental y la seguridad dentro del hospital.<\/p>\n<p>Las autoridades del hospital destacan que han trabajado con honestidad y compromiso, priorizando el bienestar del usuario de ASSE, que muchas veces enfrenta mayores carencias en todas las \u00e1reas de su vida.<\/p>\n<p>Tras la realizaci\u00f3n de esta entrevista, se confirm\u00f3 que el Dr. Marcos Motta y la Lic. Mar\u00eda Alejandra Pereyra finalizaron su gesti\u00f3n al frente del hospital, dando paso a una nueva direcci\u00f3n. Ahora, con el nombramiento del nuevo director o directora, se abre una etapa de transici\u00f3n en la que ser\u00e1 clave dar continuidad a los proyectos en curso y afrontar los desaf\u00edos pendientes.<\/p>\n<p>M\u00e1s all\u00e1 de los cambios administrativos, la pregunta sigue siendo la misma: \u00bfqu\u00e9 m\u00e1s se necesita para que la salud en Durazno sea realmente un derecho garantizado para todos?<\/p>\n","protected":false},"excerpt":{"rendered":"<p>En una entrevista exclusiva para P\u00e1gina Cero, el director del Hospital Dr. Marcos Motta y la subdirectora Lic. en Enfermer\u00eda Mar\u00eda Alejandra Pereira analizaron la situaci\u00f3n actual del hospital de la ciudad de Durazno. Conversamos sobre las fortalezas y debilidades del sistema, los avances en la atenci\u00f3n m\u00e9dica y los desaf\u00edos que enfrentan al cierre [&hellip;]<\/p>\n","protected":false},"author":4,"featured_media":6827,"comment_status":"closed","ping_status":"closed","sticky":false,"template":"","format":"standard","meta":{"footnotes":""},"categories":[5],"tags":[],"class_list":["post-6823","post","type-post","status-publish","format-standard","has-post-thumbnail","hentry","category-durazno"],"_links":{"self":[{"href":"https:\/\/paginacero.com.uy\/index.php?rest_route=\/wp\/v2\/posts\/6823","targetHints":{"allow":["GET"]}}],"collection":[{"href":"https:\/\/paginacero.com.uy\/index.php?rest_route=\/wp\/v2\/posts"}],"about":[{"href":"https:\/\/paginacero.com.uy\/index.php?rest_route=\/wp\/v2\/types\/post"}],"author":[{"embeddable":true,"href":"https:\/\/paginacero.com.uy\/index.php?rest_route=\/wp\/v2\/users\/4"}],"replies":[{"embeddable":true,"href":"https:\/\/paginacero.com.uy\/index.php?rest_route=%2Fwp%2Fv2%2Fcomments&post=6823"}],"version-history":[{"count":2,"href":"https:\/\/paginacero.com.uy\/index.php?rest_route=\/wp\/v2\/posts\/6823\/revisions"}],"predecessor-version":[{"id":6826,"href":"https:\/\/paginacero.com.uy\/index.php?rest_route=\/wp\/v2\/posts\/6823\/revisions\/6826"}],"wp:featuredmedia":[{"embeddable":true,"href":"https:\/\/paginacero.com.uy\/index.php?rest_route=\/wp\/v2\/media\/6827"}],"wp:attachment":[{"href":"https:\/\/paginacero.com.uy\/index.php?rest_route=%2Fwp%2Fv2%2Fmedia&parent=6823"}],"wp:term":[{"taxonomy":"category","embeddable":true,"href":"https:\/\/paginacero.com.uy\/index.php?rest_route=%2Fwp%2Fv2%2Fcategories&post=6823"},{"taxonomy":"post_tag","embeddable":true,"href":"https:\/\/paginacero.com.uy\/index.php?rest_route=%2Fwp%2Fv2%2Ftags&post=6823"}],"curies":[{"name":"wp","href":"https:\/\/api.w.org\/{rel}","templated":true}]}}