{"id":6811,"date":"2025-04-09T17:00:30","date_gmt":"2025-04-09T20:00:30","guid":{"rendered":"https:\/\/paginacero.com.uy\/?p=6811"},"modified":"2025-04-09T17:00:30","modified_gmt":"2025-04-09T20:00:30","slug":"copa-de-clubes-de-ofi-se-realizo-el-lanzamiento-fixture-y-distinciones","status":"publish","type":"post","link":"https:\/\/paginacero.com.uy\/?p=6811","title":{"rendered":"Copa de Clubes de OFI: se realiz\u00f3 el lanzamiento, fixture y distinciones"},"content":{"rendered":"<p><strong>La Organizaci\u00f3n de F\u00fatbol del Interior (OFI) realiz\u00f3 en Montevideo la ceremonia de lanzamiento del torneo Copas A y B 2025 que comenzar\u00e1 a finales de este mes (detalles de inicio a confirmar).<\/strong><!--more--><\/p>\n<div id=\"geom_inter_1744228743188_31_48\" dir=\"auto\" data-olk-copy-source=\"MessageBody\">Los representantes del f\u00fatbol duraznense Wanderers en la Copa A y Racing y Sarand\u00ed FC (Sarand\u00ed del Yi) en la Copa B, tienen sus rivales y cuando ser\u00e1n locales y visitantes.<\/div>\n<div id=\"geom_inter_1744228762179_85_49\" dir=\"auto\">En la ceremonia el duraznense Mart\u00edn Ferr\u00e1n, volante central del CR Porongos FC Campe\u00f3n del Interior 2024, recibi\u00f3 la distinci\u00f3n como integrante del equipo ideal de ese torneo.<\/div>\n<div dir=\"auto\">Gonzalo \u00abChory\u00bb Castro, el \u00abtrinitario\u00bb Campe\u00f3n con el equipo de toda su vida recibi\u00f3 el m\u00e1ximo galard\u00f3n individual y Diego \u00abTabaco\u00bb Torres, el trofeo de Goleador, al igual que los dem\u00e1s futbolistas destacados en la oncena ideal.<\/div>\n<div dir=\"auto\"><\/div>\n<div dir=\"auto\">Wanderers en el Grupo D<\/div>\n<div dir=\"auto\">El equipo \u00abbohemio\u00bb duraznense, se medir\u00e1 en la fase inicial con Rio Negro de San Jos\u00e9, Horqueta Wanderers de Colonia y Arroyo Grande de Ismael Cortinas, Flores.<\/div>\n<div id=\"geom_inter_1744228765179_3_50\" dir=\"auto\"><\/div>\n<div dir=\"auto\">\n<div dir=\"auto\">Racing tambi\u00e9n conoce sus rivales<\/div>\n<div id=\"geom_inter_1744228765179_9_51\" dir=\"auto\">La \u00abacademia\u00bb tendr\u00e1 de rivales en la Copa B, a Defensor (Paso de los Toros), Hurac\u00e1n (Rivera) y Central (Tacuaremb\u00f3).<\/div>\n<div dir=\"auto\"><\/div>\n<div id=\"geom_inter_1744228765179_5_52\" dir=\"auto\">Sarand\u00ed FC de Sarand\u00ed del Yi<\/div>\n<div id=\"geom_inter_1744228766177_13_55\" dir=\"auto\">Rivales de la Serie H, Fraternidad de Sarand\u00ed Grande (Florida); Candil y Avenida (ambos de Florida)<\/div>\n<div id=\"geom_inter_1744228765179_15_53\" dir=\"auto\"><\/div>\n<div dir=\"auto\">\n<div dir=\"auto\">COPA A<\/div>\n<div id=\"geom_inter_1744228766178_55_56\" dir=\"auto\">Los partidos de Wanderers<\/div>\n<div id=\"geom_inter_1744228765179_10_54\" dir=\"auto\"><\/div>\n<div dir=\"auto\">Fecha 1<\/div>\n<div id=\"geom_inter_1744228766180_0_60\" dir=\"auto\"><span id=\"geom_inter_1744228766178_72_57\">Wanderers-Horqueta Wanderers (Colonia)<\/span><\/div>\n<div id=\"geom_inter_1744228766178_46_58\" dir=\"auto\">\n<span style=\"font-family: pt serif, sans-serif;\"><b>Fecha 2<\/b><\/span><br \/>\nR\u00edo Negro (San Jos\u00e9 )-Wanderers<\/div>\n<div id=\"geom_inter_1744228766179_9_59\" dir=\"auto\">\n<span style=\"font-family: pt serif, sans-serif;\"><b>Fecha 3<\/b><\/span><br \/>\nWanderers-Arroyo Grande (Flores)<\/p>\n<\/div>\n<div id=\"geom_inter_1744228767178_37_61\" dir=\"auto\"><span style=\"font-family: pt serif, sans-serif;\"><b>Fecha 4<\/b><\/span><br \/>\nHorqueta Wanderers -Wanderers<\/p>\n<p>Fecha 5<br \/>\nArroyo Grande-Wanderers<\/p>\n<p><span style=\"font-family: pt serif, sans-serif;\">Fecha 6<\/span><\/div>\n<div id=\"geom_inter_1744228767179_88_62\" dir=\"auto\">\n<strong>6ta fecha<\/strong><br \/>\nWanderers-R\u00edo Negro<\/div>\n<div id=\"geom_inter_1744228767179_11_63\" dir=\"auto\"><\/div>\n<div dir=\"auto\">COPA B<\/div>\n<div dir=\"auto\">\n<div dir=\"auto\">Los partidos de Racing<\/div>\n<div id=\"geom_inter_1744228767179_67_64\" dir=\"auto\"><\/div>\n<div dir=\"auto\">Fecha 1<\/div>\n<div dir=\"auto\">Central (Tacuaremb\u00f3)- Racing<\/div>\n<div id=\"geom_inter_1744228768185_89_65\" dir=\"auto\"><\/div>\n<div dir=\"auto\">Fecha 2<\/div>\n<div dir=\"auto\">Defensor (Paso de los Toros)- Racing<\/div>\n<div id=\"geom_inter_1744228768186_48_66\" dir=\"auto\"><\/div>\n<div dir=\"auto\">Fecha 3<\/div>\n<div dir=\"auto\">Racing-Hurac\u00e1n (Rivera)<\/div>\n<div id=\"geom_inter_1744228768186_52_67\" dir=\"auto\"><\/div>\n<div dir=\"auto\">Fecha 4<\/div>\n<div dir=\"auto\">Racing-Central (Tacuaremb\u00f3)<\/div>\n<div id=\"geom_inter_1744228768187_91_68\" dir=\"auto\"><\/div>\n<div dir=\"auto\">Fecha 5<\/div>\n<div dir=\"auto\">Hurac\u00e1n (Rivera)-Racing<\/div>\n<div id=\"geom_inter_1744228768187_54_69\" dir=\"auto\"><\/div>\n<div dir=\"auto\">Fecha 6<\/div>\n<div id=\"geom_inter_1744228769180_25_70\" dir=\"auto\">Racing-Defensor (Paso de los Toros)<\/div>\n<div dir=\"auto\"><\/div>\n<\/div>\n<\/div>\n<\/div>\n<div dir=\"auto\"><\/div>\n<div id=\"geom_inter_1744228769180_7_71\" dir=\"auto\">Fotos gentileza Julio C\u00e9sar (Flores)<\/div>\n","protected":false},"excerpt":{"rendered":"<p>La Organizaci\u00f3n de F\u00fatbol del Interior (OFI) realiz\u00f3 en Montevideo la ceremonia de lanzamiento del torneo Copas A y B 2025 que comenzar\u00e1 a finales de este mes (detalles de inicio a confirmar).<\/p>\n","protected":false},"author":4,"featured_media":6812,"comment_status":"closed","ping_status":"closed","sticky":false,"template":"","format":"standard","meta":{"footnotes":""},"categories":[12,5],"tags":[],"class_list":["post-6811","post","type-post","status-publish","format-standard","has-post-thumbnail","hentry","category-deporte","category-durazno"],"_links":{"self":[{"href":"https:\/\/paginacero.com.uy\/index.php?rest_route=\/wp\/v2\/posts\/6811","targetHints":{"allow":["GET"]}}],"collection":[{"href":"https:\/\/paginacero.com.uy\/index.php?rest_route=\/wp\/v2\/posts"}],"about":[{"href":"https:\/\/paginacero.com.uy\/index.php?rest_route=\/wp\/v2\/types\/post"}],"author":[{"embeddable":true,"href":"https:\/\/paginacero.com.uy\/index.php?rest_route=\/wp\/v2\/users\/4"}],"replies":[{"embeddable":true,"href":"https:\/\/paginacero.com.uy\/index.php?rest_route=%2Fwp%2Fv2%2Fcomments&post=6811"}],"version-history":[{"count":1,"href":"https:\/\/paginacero.com.uy\/index.php?rest_route=\/wp\/v2\/posts\/6811\/revisions"}],"predecessor-version":[{"id":6813,"href":"https:\/\/paginacero.com.uy\/index.php?rest_route=\/wp\/v2\/posts\/6811\/revisions\/6813"}],"wp:featuredmedia":[{"embeddable":true,"href":"https:\/\/paginacero.com.uy\/index.php?rest_route=\/wp\/v2\/media\/6812"}],"wp:attachment":[{"href":"https:\/\/paginacero.com.uy\/index.php?rest_route=%2Fwp%2Fv2%2Fmedia&parent=6811"}],"wp:term":[{"taxonomy":"category","embeddable":true,"href":"https:\/\/paginacero.com.uy\/index.php?rest_route=%2Fwp%2Fv2%2Fcategories&post=6811"},{"taxonomy":"post_tag","embeddable":true,"href":"https:\/\/paginacero.com.uy\/index.php?rest_route=%2Fwp%2Fv2%2Ftags&post=6811"}],"curies":[{"name":"wp","href":"https:\/\/api.w.org\/{rel}","templated":true}]}}