{"id":6808,"date":"2025-04-09T16:10:35","date_gmt":"2025-04-09T19:10:35","guid":{"rendered":"https:\/\/paginacero.com.uy\/?p=6808"},"modified":"2025-04-09T16:10:35","modified_gmt":"2025-04-09T19:10:35","slug":"landoni-de-ganar-gobernara-rielli-y-no-otra-persona","status":"publish","type":"post","link":"https:\/\/paginacero.com.uy\/?p=6808","title":{"rendered":"Landoni \u00abde ganar gobernar\u00e1 Rielli y no otra persona\u00bb"},"content":{"rendered":"<p><span data-olk-copy-source=\"MessageBody\">Se trata de dos experimentados dirigentes nacionalistas, que en esta oportunidad salen a la arena pol\u00edtico partidaria en apoyo a la candidatura de\u00a0<\/span><b>Domingo Rielli a la Intendencia de Durazno.<\/b><!--more--><\/p>\n<p>Se trata de Luis Omar Fern\u00e1ndez \u00abChivi\u00bb y Daniel Landoni, quienes junto a Pedro Barrag\u00e1n Pintos, ofrecieron una rueda de prensa, confirmando su adhesi\u00f3n al actual Diputado.<\/p>\n<p>La interna partidaria estuvo en uno de los temas hablados en la ocasi\u00f3n y surgieron detalles y puntos de vista, como el de las \u00abestrategias para captar votos\u00bb.<\/p>\n<p>&gt; \u00abYo creo que intentar decir o tener la imagen de que Domingo (Rielli) va a ser en la Intendencia un Intendente &#8216;marioneta&#8217;, y que va a ser lo que diga otra persona, no es correcto, no es as\u00ed. Las personas que conocen el car\u00e1cter de Domingo (Rielli), las personas que conocen el car\u00e1cter de las personas que lo rodeamos, que lo apoyamos y que estamos hace mucho tiempo trabajando juntos, sabemos que no es as\u00ed. Son estrategias y son v\u00e1lidas, pero no es as\u00ed\u00bb, coment\u00f3 en la conferencia de prensa Daniel Landoni.<\/p>\n<p>&nbsp;<\/p>\n<p>Landoni coment\u00f3 en la oportunidad que en el sector que integra hay personas que se desarrollan en distintas tareas \u2014caso de municipales, oficios y trabajos en general\u2014:<\/p>\n<p>&gt; \u00abCreo que cada uno de esas personas da su aporte y su visi\u00f3n diferente, como para que, si se logra obtener un esca\u00f1o, a ese representante de estos sectores, que puedan aportar esas distintas visiones y aportarle a un Intendente al cual vamos a apoyar, sin duda, visiones y cosas para poder \u2014repito\u2014 mejorar lo que de repente no se ha hecho de la mejor manera.<br \/>\nNo podemos tampoco, digo yo, enfrentarnos a nuestros compa\u00f1eros del Partido Nacional. No soy de la idea de andar en ese tipo de &#8216;dimes y diretes&#8217;; yo creo que son dos facciones del Partido (Nacional), que cada uno tiene su visi\u00f3n, cada uno tiene su idea, cada uno ha hecho y ha tambi\u00e9n trabajado en los distintos gobiernos del Partido Nacional, y bueno, haga cada uno con su visi\u00f3n, pero \u2014y lo he dicho varias veces\u2014 no olvidarse que el d\u00eda de ma\u00f1ana, ganando el Partido Nacional, tenemos que sentarnos en la Junta (Departamental) a conversar, porque Durazno tiene que seguir trabajando y avanzando.<br \/>\nNo se puede cortar esto porque en la Junta Departamental despu\u00e9s no se puede llegar a un acuerdo entre los propios compa\u00f1eros del Partido Nacional. Entonces, yo creo que ah\u00ed tambi\u00e9n ponemos un poquito de balanza y un poquito de experiencia en lo que sabemos que, luego de una elecci\u00f3n municipal, va a pasar.\u00bb<\/p>\n<p><strong>\u00bfPolarizada entre el PN y el FA?<\/strong><br \/>\n<strong>Ante esa consulta period\u00edstica, el dirigente Fern\u00e1ndez respondi\u00f3 que \u00abno\u00bb, se\u00f1alando:<\/strong><\/p>\n<p>&gt; \u00abPienso que no vamos a ganar por diferencias como ganamos en otras elecciones, pero el triunfo del Partido Nacional es Durazno, y no al menosprecio de nadie, ni que yo quiera ser peyorativo con otro Partido, porque no es la intenci\u00f3n, simplemente es la realidad.<br \/>\nAc\u00e1 en Durazno, va a ganar el Partido Nacional, y por una diferencia, tal vez \u2014y eso es una opini\u00f3n personal\u2014 de m\u00e1s de 3.000 votos.\u00bb<\/p>\n<p><strong>Preguntado sobre si la interna del PN va a ser &#8216;peleada&#8217;, Fern\u00e1ndez dijo:<\/strong><\/p>\n<p>&gt; \u00abPienso que vamos a andar ah\u00ed, que hay una diferencia. Por eso decimos que somos la diferencia, que va a estar en los votos, que esa que est\u00e1 lista, que yo estimo que va a andar entre los ochocientos votos \u2014tal vez, sin duda, sean algunos m\u00e1s\u2014.<br \/>\nPero no queremos tampoco tirar n\u00fameros al aire, porque ustedes saben que la pol\u00edtica no es una ciencia exacta. Uno hace c\u00e1lculo en funci\u00f3n de un mont\u00f3n de experiencias que tiene, y por lo que yo he podido saber, nosotros andamos 800 o 1.000 votos, pero esa va a ser la diferencia que va a haber tambi\u00e9n.\u00bb<\/p>\n<p>&nbsp;<\/p>\n<p>Desde el Frente Amplio se dice que esta campa\u00f1a \u00abes m\u00e1s de lo mismo\u00bb, plante\u00f3 un periodista, ante lo cual Fern\u00e1ndez opin\u00f3:<\/p>\n<p>&gt; \u00abNo es tan as\u00ed, porque los dos candidatos han estado con Vidal\u00edn. Felipe Algorta fue un a\u00f1o Diputado ahora, por un acuerdo que hizo con Vidal\u00edn en el 2019; si no, no hubiera salido (Diputado).<br \/>\nY le digo m\u00e1s: Felipe Algorta llega a Durazno en el 2010, porque ustedes saben que fui Edil un a\u00f1o, fui Presidente de la Junta (Departamental) dos veces, fui Presidente del Congreso Nacional de Ediles, el primer duraznense que tuvo ese logro, y cuando vino, lleg\u00f3, arma el gabinete Vidal\u00edn y \u00e9l pone un Director, Luis Alberto Mart\u00ednez Menditeguy, que hoy es Jefe de la Oficina (Electoral de Durazno)\u00bb.<\/p>\n<p>&nbsp;<\/p>\n<p><strong>Agregando m\u00e1s adelante que:<\/strong><\/p>\n<p>&gt; \u00abDe ah\u00ed siempre estuvo vinculado tambi\u00e9n. No solamente Domingo (Rielli), porque Domingo arranca con (Juan Jos\u00e9) Bruno all\u00e1 en su momento. Est\u00e1n en un paquete. Despu\u00e9s, por distintas circunstancias que fueron explicadas, que no viene al caso, Rielli tom\u00f3 su camino y Bruno tom\u00f3 el suyo. Pero tambi\u00e9n Bruno siempre estuvo con Rielli\u00bb, subray\u00f3 el dirigente.<\/p>\n<p>&nbsp;<\/p>\n<p>Landoni: \u00abRielli no va a ser un Intendente marioneta\u00bb<br \/>\nSobre ese punto, Landoni expres\u00f3:<\/p>\n<p>&gt; \u00abTenemos que a la ciudadan\u00eda decirle bien, claro \u2014y los que est\u00e1n en pol\u00edtica capaz que lo entienden; los que no, o los que no les gusta, o los que no les interesa, capaz que no\u2014: hay una cosa que se llama estrategias electorales.<br \/>\nEntonces yo creo que hay una parte del Partido que, en su derecho, elige una estrategia e intenta posicionarse como la oposici\u00f3n.<br \/>\nComo dice &#8216;Chivi&#8217; (Fern\u00e1ndez), yo creo que no es tan as\u00ed, cuando t\u00fa despu\u00e9s de much\u00edsimos a\u00f1os compartiste gobiernos, compartiste proyectos, compartiste ideas.<br \/>\nNo fuiste un denunciante, porque si a m\u00ed me dicen, bueno no, tuvimos una figura denunciante durante 20 a\u00f1os por constantes \u2014ll\u00e1mese\u2014 irregularidades, errores y dem\u00e1s; no la tuvimos.<br \/>\nEntonces, yo creo que hay que decirle a la gente: es una estrategia, es v\u00e1lida, ser\u00e1 mejor, ser\u00e1 peor para ganar o intentar ganar, como dec\u00eda &#8216;Chivi&#8217;.<br \/>\nVarios compa\u00f1eros del Partido (Nacional) que trabajan con Domingo (Rielli), y varios compa\u00f1eros del Partido (Nacional) que trabajan con (Felipe) Algorta, han compartido gobiernos en los \u00faltimos 20 a\u00f1os y eso es innegable y est\u00e1 en los archivos. Creo que la prensa lo tiene m\u00e1s que claro.<br \/>\nLo que s\u00ed, yo repito una y otra vez, que la gente tiene que tener claro \u2014y creo que hubo un ejemplo en esta peque\u00f1a disputa que hubo unas semanas atr\u00e1s\u2014 que Domingo (Rielli) tiene clar\u00edsimo que en caso de ganar, el que va a gobernar el departamento es Domingo Rielli, y su gente, que \u00e9l disponga para acompa\u00f1arlo en el ejecutivo.<br \/>\nEso es clar\u00edsimo.<br \/>\nY tan claro es que tuvimos esta peque\u00f1a ruptura \u2014llam\u00e9mosle as\u00ed\u2014 en una discusi\u00f3n interna entre Domingo (Rielli) y \u00abCacho\u00bb (Carmelo Vidal\u00edn), que, con todo respeto, Domingo le dijo a \u00abCacho\u00bb que la Lista a la Intendencia la conformaba \u00e9l, con la elecci\u00f3n que le parec\u00eda lo mejor y no impuesta.<br \/>\nYo creo que eso es un mensaje fuerte, claro, y sin querer tener divisiones, ni rupturas, ni disputas ni dem\u00e1s; es una realidad, as\u00ed se dio y as\u00ed ser\u00e1. Y as\u00ed est\u00e1 conversado.<br \/>\nYo creo que intentar decir o tener la imagen de que Domingo (Rielli) va a ser en la Intendencia un Intendente &#8216;marioneta&#8217; y que va a ser lo que diga otra persona, no es correcto, no es as\u00ed.<br \/>\nLas personas que conocen el car\u00e1cter de Domingo (Rielli), las personas que conocen el car\u00e1cter de las personas que lo rodeamos, que lo apoyamos y que estamos hace mucho tiempo trabajando juntos, sabemos que no es as\u00ed.\u00bb<\/p>\n<p>&nbsp;<\/p>\n<p><strong>De vuelta, subray\u00f3 Landoni:<\/strong><\/p>\n<p>&gt; \u00abComo estrategia electoral es v\u00e1lida y buena. Son estrategias electorales que uno elige seguir, y que uno de repente percibe que le puede llevar votos para su candidatura.<br \/>\nDe vuelta, no es as\u00ed. Entendemos que va a ser totalmente distinto lo que la gente elija, no por esa estrategia electoral.<br \/>\nNo s\u00e9 si queda claro el mensaje que les quiero dar \u2014y con total naturalidad y honestidad\u2014 que la gente quede tranquila que esto es as\u00ed\u00bb.<\/p>\n<p>&nbsp;<\/p>\n<p>&#8212;<\/p>\n<p>Barrag\u00e1n: \u00abHemos marcado siempre unos 500 votos\u00bb<br \/>\nBarrag\u00e1n Pintos, de la Lista 425, junto a Landoni, Juan Volpe y dem\u00e1s personas, mencion\u00f3 que las dem\u00e1s listas que componen el sector que apoya en esta agrupaci\u00f3n a Rielli son:<\/p>\n<p>la 28 de \u00c1ngel M\u00e1s Pacheco (\u00abProspiti\u00bb),<\/p>\n<p>la Lista 99925 del Dr. Federico Arr\u00e9iz,<\/p>\n<p>y la 25025 de Luis Rosano, bajo el Sublema \u00abEs ahora\u00bb.<\/p>\n<p><strong>Se\u00f1alando que:<\/strong><\/p>\n<p>&gt; \u00abNo vamos a dejar pasar, obviamente, el agradecimiento por habernos elegido, tanto a &#8216;Chivi&#8217; (Fern\u00e1ndez), como a Laura (L\u00f3pez) tambi\u00e9n, que ha sido una referente en estos \u00faltimos 10 a\u00f1os de nuestro Partido Nacional.<br \/>\nEstuvo con nosotros, bienvenida de vuelta a la casa, con la Lista 410, luego tuvo un parate militando para otro sector, con la 425 en las elecciones pasadas, y nuevamente vuelve con nosotros.<br \/>\nLa experiencia que nos va a aportar &#8216;Chivi&#8217;, obviamente que va a ser muy buena \u2014todos lo conocemos\u2014, la experiencia que nos va a aportar Laura tambi\u00e9n.<br \/>\nY nosotros, como dijo Daniel (Landoni), somos una lista que siempre estamos apoyando, tratando de que el Partido Nacional tenga una buena votaci\u00f3n, y nuestro granito de arena siempre ha estado marcando el eje de los 500 votos.<br \/>\nY me parece que lleg\u00f3 el momento de dar un impulso un poquito m\u00e1s grande, en conformar este Sublema con otras listas m\u00e1s, para ver si \u2014obviamente, trabajando en conjunto\u2014 tenemos la esperanza y la confianza, y vamos a trabajar para que este Sublema llegue a tener\u00a0una\u00a0Edil.\u00bb<\/p>\n","protected":false},"excerpt":{"rendered":"<p>Se trata de dos experimentados dirigentes nacionalistas, que en esta oportunidad salen a la arena pol\u00edtico partidaria en apoyo a la candidatura de\u00a0Domingo Rielli a la Intendencia de Durazno.<\/p>\n","protected":false},"author":4,"featured_media":6809,"comment_status":"closed","ping_status":"closed","sticky":false,"template":"","format":"standard","meta":{"footnotes":""},"categories":[5],"tags":[],"class_list":["post-6808","post","type-post","status-publish","format-standard","has-post-thumbnail","hentry","category-durazno"],"_links":{"self":[{"href":"https:\/\/paginacero.com.uy\/index.php?rest_route=\/wp\/v2\/posts\/6808","targetHints":{"allow":["GET"]}}],"collection":[{"href":"https:\/\/paginacero.com.uy\/index.php?rest_route=\/wp\/v2\/posts"}],"about":[{"href":"https:\/\/paginacero.com.uy\/index.php?rest_route=\/wp\/v2\/types\/post"}],"author":[{"embeddable":true,"href":"https:\/\/paginacero.com.uy\/index.php?rest_route=\/wp\/v2\/users\/4"}],"replies":[{"embeddable":true,"href":"https:\/\/paginacero.com.uy\/index.php?rest_route=%2Fwp%2Fv2%2Fcomments&post=6808"}],"version-history":[{"count":1,"href":"https:\/\/paginacero.com.uy\/index.php?rest_route=\/wp\/v2\/posts\/6808\/revisions"}],"predecessor-version":[{"id":6810,"href":"https:\/\/paginacero.com.uy\/index.php?rest_route=\/wp\/v2\/posts\/6808\/revisions\/6810"}],"wp:featuredmedia":[{"embeddable":true,"href":"https:\/\/paginacero.com.uy\/index.php?rest_route=\/wp\/v2\/media\/6809"}],"wp:attachment":[{"href":"https:\/\/paginacero.com.uy\/index.php?rest_route=%2Fwp%2Fv2%2Fmedia&parent=6808"}],"wp:term":[{"taxonomy":"category","embeddable":true,"href":"https:\/\/paginacero.com.uy\/index.php?rest_route=%2Fwp%2Fv2%2Fcategories&post=6808"},{"taxonomy":"post_tag","embeddable":true,"href":"https:\/\/paginacero.com.uy\/index.php?rest_route=%2Fwp%2Fv2%2Ftags&post=6808"}],"curies":[{"name":"wp","href":"https:\/\/api.w.org\/{rel}","templated":true}]}}