{"id":6804,"date":"2025-04-08T20:05:01","date_gmt":"2025-04-08T23:05:01","guid":{"rendered":"https:\/\/paginacero.com.uy\/?p=6804"},"modified":"2025-04-08T20:05:01","modified_gmt":"2025-04-08T23:05:01","slug":"grupo-de-marcos-motta-se-suma-felipe-algorta","status":"publish","type":"post","link":"https:\/\/paginacero.com.uy\/?p=6804","title":{"rendered":"Grupo de Marcos Motta se suma Felipe Algorta"},"content":{"rendered":"<p><strong>Los ex Ediles \u00abvidalinistas\u00bb, el Esc. Marcos Motta; el Prof. Hugo Irrazabal y la Mtra. Mabel Maciel, Lista 880, adhirieron a la candidatura del Dr. Felipe Algorta, a la Intendencia de Durazno.<\/strong><!--more--><\/p>\n<div dir=\"auto\" data-olk-copy-source=\"MessageBody\">La incorporaci\u00f3n se conoci\u00f3 d\u00edas pasados en el acto de lanzamiento de la postulaci\u00f3n de Algorta, realizado en Plaza Rod\u00f3, y ahora fue comunicada oficialmente por el sector.<\/div>\n<div dir=\"auto\">Tanto Motta (escribano de la IDD) como Irrazabal (actual Director del Liceo N\u00b0 2) y Maciel (docente de amplia trayectoria), provienen de espacios \u00abvidalinistas\u00bb, dado que fueron electos ediles por la lista 41 en el per\u00edodo 2015-2020.<\/div>\n<div dir=\"auto\"><\/div>\n<div dir=\"auto\"><strong>Comunicado de la decisi\u00f3n adoptada<\/strong><\/div>\n<div dir=\"auto\" aria-hidden=\"true\"><\/div>\n<div dir=\"auto\">\n<div dir=\"auto\">En comunicado enviado a P\u00e1gina Cero, de inform\u00f3 por parte del sector de Marcos Motta que \u00abde esta manera pasaron a formar parte de la lista que entre otros integran, el productor Agropecuario Alfredo Iriarte, la Dra. Mar\u00eda Jos\u00e9 Navarro, el Lic. en Educaci\u00f3n F\u00edsica Jhonatan Olivera, los Contadores Emiliano Bed\u00e1t y Gast\u00f3n Cavadini, conjuntamente con el empresario Nicol\u00e1s Rodriguez El Helou, la Escribana Lucia Iriarte y el Enfermero Carlos Figueira\u00bb<\/div>\n<div dir=\"auto\">Agrega que \u00aba pocas horas de la presentaci\u00f3n oficial de la lista ante la Corte Electoral, se asegura estar muy pr\u00f3ximo tambi\u00e9n de contar con la incorporaci\u00f3n de una persona que fue candidata a la Alcald\u00eda de Ciudad del Carmen en las pasadas elecciones, que se sumar\u00eda con todo su equipo\u00bb, y hace referencia tambi\u00e9n a la ausencia del dirigentes \u00cdtalo Cantera, que se\u00f1ala \u00abse retira moment\u00e1neamente de la actividad pol\u00edtica\u00bb<\/div>\n<div dir=\"auto\">\u00abEl dirigente herrerista \u00cdtalo Cantera, quien participara activamente en la \u00faltima elecci\u00f3n nacional como segundo suplente de Juan Sartori, estar\u00eda dando un paso al costado en esta elecci\u00f3n departamental esgrimiendo temas de \u00edndole personal que impedir\u00edan su participaci\u00f3n activa en el tramo de lo que queda de la campa\u00f1a rumbo al 11 de mayo, seg\u00fan se lo comunic\u00f3 a la dirigencia de la 880. No obstante su deseo de una real renovaci\u00f3n en filas partidarias de la mano de la candidatura de Felipe Algorta, se mantiene intacto\u00bb, agrega el comunicado.<\/div>\n<div dir=\"auto\"><\/div>\n<div dir=\"auto\">Previamente en Plaza Rod\u00f3 estoy dec\u00eda el dirigente Alfredo Iriarte.<\/div>\n<div dir=\"auto\">\n<div dir=\"auto\"><span style=\"font-size: large;\">\u00abPara quien no me conoce, soy oriundo de Durazno. Este a\u00f1o me un\u00ed con la\u00a0Lista 880\u00a0con el\u00a0<b>escribano Marcos Motta\u00a0<\/b>y un grupo de gente que gracias a todos hoy estamos aqu\u00ed presentes, apoyando la\u00a0lista\u00a0de\u00a0<b>Felipe Algorta<\/b>, quiz\u00e1s ya muy pronto lo veamos como el futuro Intendente de Durazno para el bien de todos.\u00a0As\u00ed que arriba Felipe\u00bb.<\/span><\/div>\n<\/div>\n<\/div>\n","protected":false},"excerpt":{"rendered":"<p>Los ex Ediles \u00abvidalinistas\u00bb, el Esc. Marcos Motta; el Prof. Hugo Irrazabal y la Mtra. Mabel Maciel, Lista 880, adhirieron a la candidatura del Dr. Felipe Algorta, a la Intendencia de Durazno.<\/p>\n","protected":false},"author":4,"featured_media":6805,"comment_status":"closed","ping_status":"closed","sticky":false,"template":"","format":"standard","meta":{"footnotes":""},"categories":[5],"tags":[],"class_list":["post-6804","post","type-post","status-publish","format-standard","has-post-thumbnail","hentry","category-durazno"],"_links":{"self":[{"href":"https:\/\/paginacero.com.uy\/index.php?rest_route=\/wp\/v2\/posts\/6804","targetHints":{"allow":["GET"]}}],"collection":[{"href":"https:\/\/paginacero.com.uy\/index.php?rest_route=\/wp\/v2\/posts"}],"about":[{"href":"https:\/\/paginacero.com.uy\/index.php?rest_route=\/wp\/v2\/types\/post"}],"author":[{"embeddable":true,"href":"https:\/\/paginacero.com.uy\/index.php?rest_route=\/wp\/v2\/users\/4"}],"replies":[{"embeddable":true,"href":"https:\/\/paginacero.com.uy\/index.php?rest_route=%2Fwp%2Fv2%2Fcomments&post=6804"}],"version-history":[{"count":1,"href":"https:\/\/paginacero.com.uy\/index.php?rest_route=\/wp\/v2\/posts\/6804\/revisions"}],"predecessor-version":[{"id":6806,"href":"https:\/\/paginacero.com.uy\/index.php?rest_route=\/wp\/v2\/posts\/6804\/revisions\/6806"}],"wp:featuredmedia":[{"embeddable":true,"href":"https:\/\/paginacero.com.uy\/index.php?rest_route=\/wp\/v2\/media\/6805"}],"wp:attachment":[{"href":"https:\/\/paginacero.com.uy\/index.php?rest_route=%2Fwp%2Fv2%2Fmedia&parent=6804"}],"wp:term":[{"taxonomy":"category","embeddable":true,"href":"https:\/\/paginacero.com.uy\/index.php?rest_route=%2Fwp%2Fv2%2Fcategories&post=6804"},{"taxonomy":"post_tag","embeddable":true,"href":"https:\/\/paginacero.com.uy\/index.php?rest_route=%2Fwp%2Fv2%2Ftags&post=6804"}],"curies":[{"name":"wp","href":"https:\/\/api.w.org\/{rel}","templated":true}]}}