{"id":6798,"date":"2025-04-08T19:52:40","date_gmt":"2025-04-08T22:52:40","guid":{"rendered":"https:\/\/paginacero.com.uy\/?p=6798"},"modified":"2025-04-08T19:52:40","modified_gmt":"2025-04-08T22:52:40","slug":"leonel-bozzano-sera-entrenador-superior-nivel-3-uefa-pro","status":"publish","type":"post","link":"https:\/\/paginacero.com.uy\/?p=6798","title":{"rendered":"Leonel Bozzano ser\u00e1 Entrenador Superior Nivel 3 UEFA PRO"},"content":{"rendered":"<p><strong>Bozzano Inciarte, ex futbolista duraznense del Club Racing, Selecci\u00f3n de Durazno, Danubio FC de Montevideo, entre otros equipos, est\u00e1 radicado junto a su familia en Logro\u00f1o, Espa\u00f1a.<\/strong><!--more--><\/p>\n<div id=\"geom_inter_1744152690426_3_120\" dir=\"auto\" data-olk-copy-source=\"MessageBody\">All\u00ed adem\u00e1s de sus actividades particulares, viene realizando el curso de Entrenador de Futbol Nivel Pro, lo que le permitir\u00e1 estar habilitado para dirigir en el balompi\u00e9 profesional de Primera Divisi\u00f3n.<\/div>\n<div id=\"geom_inter_1744152689464_0_117\" dir=\"auto\">En esa capacitaci\u00f3n, recientemente particip\u00f3 en las instalaciones del Club Atl\u00e9tico Osasuna, de la jornada te\u00f3rica final de la carrera de<\/div>\n<div id=\"geom_inter_1744152690427_52_121\" dir=\"auto\">Entrenador Superior de Futbol Nivel 3 UEFA PRO, que culminar\u00e1 en el mes de Junio 2025.<\/div>\n<div id=\"geom_inter_1744152689465_71_118\" dir=\"auto\"><\/div>\n<div dir=\"auto\"><strong>Publicaci\u00f3n sobre la jornada en Pamplona<\/strong><\/div>\n<div id=\"geom_inter_1744152712450_96_122\" dir=\"auto\"><\/div>\n<div id=\"geom_inter_1744152689465_15_119\" dir=\"auto\">\u00abLos alumnos de T\u00e9cnico Deportivo en F\u00fatbol visitan La Ciudad Deportiva de Tajonar en Pamplona. El pasado 3 de abril una selecci\u00f3n de los alumnos de T\u00e9cnico Deportivo Superior en F\u00fatbol visit\u00f3 las instalaciones de entrenamiento del\u00a0<a title=\"http:\/\/C.AT\" href=\"http:\/\/c.at\/\" target=\"_blank\" rel=\"noopener noreferrer\" data-auth=\"NotApplicable\" data-linkindex=\"0\">C.AT<\/a>\u00a0Osasuna y pusieron el punto final a la formaci\u00f3n te\u00f3rica del curso en la Ciudad Deportiva de Tajonar en Pamplona.<\/div>\n<div id=\"geom_inter_1744152713431_59_123\" dir=\"auto\">Durante la jornada los alumnos pudieron conocer y charlar con profesionales de primer nivel como Vicente Moreno y Dani Pend\u00edn (entrenador y asistente del\u00a0<a id=\"geom_inter_1744152714461_24_125\" title=\"http:\/\/C.AT\" href=\"http:\/\/c.at\/\" target=\"_blank\" rel=\"noopener noreferrer\" data-auth=\"NotApplicable\" data-linkindex=\"1\">C.AT<\/a>\u00a0Osasuna de Primera Divisi\u00f3n).<\/div>\n<div id=\"geom_inter_1744152714456_72_124\" dir=\"auto\">La jornada comenz\u00f3 con una conferencia de Julen Galdeano, responsable del departamento de formaci\u00f3n de porteros del f\u00fatbol base, y que vers\u00f3 sobre la implicaci\u00f3n del portero en la idea de juego del equipo.<\/div>\n<div dir=\"auto\">Por \u00faltimo, y para poner el broche final a un curso excepcional, pudimos conocer la metodolog\u00eda de trabajo del\u00a0<a title=\"http:\/\/C.AT\" href=\"http:\/\/c.at\/\" target=\"_blank\" rel=\"noopener noreferrer\" data-auth=\"NotApplicable\" data-linkindex=\"2\">C.AT<\/a>\u00a0Osasuna en su f\u00fatbol base, de la mano del responsable en esta materia Gorka Chocarro, entrenador de f\u00fatbol y maestro.<\/div>\n<div id=\"geom_inter_1744152715460_71_126\" dir=\"auto\">Aprovechamos para felicitar y dar las gracias al\u00a0<a title=\"http:\/\/C.AT\" href=\"http:\/\/c.at\/\" target=\"_blank\" rel=\"noopener noreferrer\" data-auth=\"NotApplicable\" data-linkindex=\"3\">C.AT<\/a>\u00a0Osasuna, por permitirnos conocer de primera mano una las canteras mejor valoradas por la Liga de F\u00fatbol Profesional y por el trato recibido por sus responsables\u00bb.<\/div>\n","protected":false},"excerpt":{"rendered":"<p>Bozzano Inciarte, ex futbolista duraznense del Club Racing, Selecci\u00f3n de Durazno, Danubio FC de Montevideo, entre otros equipos, est\u00e1 radicado junto a su familia en Logro\u00f1o, Espa\u00f1a.<\/p>\n","protected":false},"author":4,"featured_media":6799,"comment_status":"closed","ping_status":"closed","sticky":false,"template":"","format":"standard","meta":{"footnotes":""},"categories":[5],"tags":[],"class_list":["post-6798","post","type-post","status-publish","format-standard","has-post-thumbnail","hentry","category-durazno"],"_links":{"self":[{"href":"https:\/\/paginacero.com.uy\/index.php?rest_route=\/wp\/v2\/posts\/6798","targetHints":{"allow":["GET"]}}],"collection":[{"href":"https:\/\/paginacero.com.uy\/index.php?rest_route=\/wp\/v2\/posts"}],"about":[{"href":"https:\/\/paginacero.com.uy\/index.php?rest_route=\/wp\/v2\/types\/post"}],"author":[{"embeddable":true,"href":"https:\/\/paginacero.com.uy\/index.php?rest_route=\/wp\/v2\/users\/4"}],"replies":[{"embeddable":true,"href":"https:\/\/paginacero.com.uy\/index.php?rest_route=%2Fwp%2Fv2%2Fcomments&post=6798"}],"version-history":[{"count":1,"href":"https:\/\/paginacero.com.uy\/index.php?rest_route=\/wp\/v2\/posts\/6798\/revisions"}],"predecessor-version":[{"id":6800,"href":"https:\/\/paginacero.com.uy\/index.php?rest_route=\/wp\/v2\/posts\/6798\/revisions\/6800"}],"wp:featuredmedia":[{"embeddable":true,"href":"https:\/\/paginacero.com.uy\/index.php?rest_route=\/wp\/v2\/media\/6799"}],"wp:attachment":[{"href":"https:\/\/paginacero.com.uy\/index.php?rest_route=%2Fwp%2Fv2%2Fmedia&parent=6798"}],"wp:term":[{"taxonomy":"category","embeddable":true,"href":"https:\/\/paginacero.com.uy\/index.php?rest_route=%2Fwp%2Fv2%2Fcategories&post=6798"},{"taxonomy":"post_tag","embeddable":true,"href":"https:\/\/paginacero.com.uy\/index.php?rest_route=%2Fwp%2Fv2%2Ftags&post=6798"}],"curies":[{"name":"wp","href":"https:\/\/api.w.org\/{rel}","templated":true}]}}