{"id":6792,"date":"2025-04-08T19:47:05","date_gmt":"2025-04-08T22:47:05","guid":{"rendered":"https:\/\/paginacero.com.uy\/?p=6792"},"modified":"2025-04-08T19:47:05","modified_gmt":"2025-04-08T22:47:05","slug":"jovenes-del-partido-nacional-expondran-ante-los-dos-candidatos","status":"publish","type":"post","link":"https:\/\/paginacero.com.uy\/?p=6792","title":{"rendered":"J\u00f3venes del Partido Nacional expondr\u00e1n ante los dos candidatos"},"content":{"rendered":"<p><strong>Mediante un comunicado de prensa, la Juventud del Partido Nacional de Durazno, di\u00f3 a conocer la informaci\u00f3n de que el pr\u00f3ximo s\u00e1bado 19 de abril a la hora 12:00, en la sala de conferencias del Hotel Central, se llevar\u00e1 a cabo un nuevo Encuentro Departamental de J\u00f3venes del Partido Nacional.<\/strong><!--more--><\/p>\n<div id=\"geom_inter_1744152331421_34_33\" dir=\"auto\" data-olk-copy-source=\"MessageBody\">Agrega que \u00aben primera instancia se presentar\u00e1 una agenda de propuestas a los<\/div>\n<div id=\"geom_inter_1744152344430_82_34\" dir=\"auto\">candidatos a intendente, Domingo Rielli y Felipe Algorta, quienes se postulan por el<\/div>\n<div id=\"geom_inter_1744152364423_75_36\" dir=\"auto\">Partido Nacional en las pr\u00f3ximas elecciones departamentales. El cometido es que<\/div>\n<div id=\"geom_inter_1744152344430_68_35\" dir=\"auto\">puedan llevar adelante estas propuestas durante su gesti\u00f3n al frente de la comuna<\/div>\n<div id=\"geom_inter_1744152365430_83_38\" dir=\"auto\">departamental en caso de ser electos por la ciudadan\u00eda\u00bb.<\/div>\n<div id=\"geom_inter_1744152364424_72_37\" dir=\"auto\"><\/div>\n<div id=\"geom_inter_1744152365430_63_39\" dir=\"auto\"><strong>Homenaje al Intendente Vidal\u00edn<\/strong><\/div>\n<div dir=\"auto\"><\/div>\n<div id=\"geom_inter_1744152367431_10_40\" dir=\"auto\">\u00abComo segundo punto, se llevar\u00e1 a cabo un cambio de presidencia en nuestra<\/div>\n<div id=\"geom_inter_1744152367431_34_41\" dir=\"auto\">Comisi\u00f3n. Alexandre Melgarejo, actual presidente, dejar\u00e1 su lugar a Andr\u00e9s Viera.<\/div>\n<div dir=\"auto\">Adem\u00e1s se realizar\u00e1 un reconocimiento al Intendente Carmelo Vidal\u00edn por su<\/div>\n<div id=\"geom_inter_1744152368427_81_42\" dir=\"auto\">trayectoria y constante apoyo a la juventud de nuestro Partido\u00bb<\/div>\n<div id=\"geom_inter_1744152368427_60_43\" dir=\"auto\">El comunicado agrega que \u00abconsideramos este evento uno de los mayores logros desde el inicio de nuestra gesti\u00f3n; con \u00e9l cumplimos varios de los objetivos que nos hab\u00edamos<\/div>\n<div id=\"geom_inter_1744152368427_94_44\" dir=\"auto\">planteado. Nos sentimos orgullosos de colaborar para llevar a cabo la mejor gesti\u00f3n<\/div>\n<div id=\"geom_inter_1744152374433_64_47\" dir=\"auto\">departamental posible, fomentar la unidad partidaria y llevar la voz de la juventud de<\/div>\n<div id=\"geom_inter_1744152369424_93_45\" dir=\"auto\">nuestro departamento ante nuestras autoridades\u00bb.<\/div>\n","protected":false},"excerpt":{"rendered":"<p>Mediante un comunicado de prensa, la Juventud del Partido Nacional de Durazno, di\u00f3 a conocer la informaci\u00f3n de que el pr\u00f3ximo s\u00e1bado 19 de abril a la hora 12:00, en la sala de conferencias del Hotel Central, se llevar\u00e1 a cabo un nuevo Encuentro Departamental de J\u00f3venes del Partido Nacional.<\/p>\n","protected":false},"author":4,"featured_media":6793,"comment_status":"closed","ping_status":"closed","sticky":false,"template":"","format":"standard","meta":{"footnotes":""},"categories":[5],"tags":[],"class_list":["post-6792","post","type-post","status-publish","format-standard","has-post-thumbnail","hentry","category-durazno"],"_links":{"self":[{"href":"https:\/\/paginacero.com.uy\/index.php?rest_route=\/wp\/v2\/posts\/6792","targetHints":{"allow":["GET"]}}],"collection":[{"href":"https:\/\/paginacero.com.uy\/index.php?rest_route=\/wp\/v2\/posts"}],"about":[{"href":"https:\/\/paginacero.com.uy\/index.php?rest_route=\/wp\/v2\/types\/post"}],"author":[{"embeddable":true,"href":"https:\/\/paginacero.com.uy\/index.php?rest_route=\/wp\/v2\/users\/4"}],"replies":[{"embeddable":true,"href":"https:\/\/paginacero.com.uy\/index.php?rest_route=%2Fwp%2Fv2%2Fcomments&post=6792"}],"version-history":[{"count":1,"href":"https:\/\/paginacero.com.uy\/index.php?rest_route=\/wp\/v2\/posts\/6792\/revisions"}],"predecessor-version":[{"id":6794,"href":"https:\/\/paginacero.com.uy\/index.php?rest_route=\/wp\/v2\/posts\/6792\/revisions\/6794"}],"wp:featuredmedia":[{"embeddable":true,"href":"https:\/\/paginacero.com.uy\/index.php?rest_route=\/wp\/v2\/media\/6793"}],"wp:attachment":[{"href":"https:\/\/paginacero.com.uy\/index.php?rest_route=%2Fwp%2Fv2%2Fmedia&parent=6792"}],"wp:term":[{"taxonomy":"category","embeddable":true,"href":"https:\/\/paginacero.com.uy\/index.php?rest_route=%2Fwp%2Fv2%2Fcategories&post=6792"},{"taxonomy":"post_tag","embeddable":true,"href":"https:\/\/paginacero.com.uy\/index.php?rest_route=%2Fwp%2Fv2%2Ftags&post=6792"}],"curies":[{"name":"wp","href":"https:\/\/api.w.org\/{rel}","templated":true}]}}