{"id":6789,"date":"2025-04-08T19:42:37","date_gmt":"2025-04-08T22:42:37","guid":{"rendered":"https:\/\/paginacero.com.uy\/?p=6789"},"modified":"2025-04-08T19:42:37","modified_gmt":"2025-04-08T22:42:37","slug":"comision-de-ganaderia-de-diputados-presidida-por-domingo-rielli-recibio-al-ministro-fratti","status":"publish","type":"post","link":"https:\/\/paginacero.com.uy\/?p=6789","title":{"rendered":"Comisi\u00f3n de Ganader\u00eda de Diputados presidida por Domingo Rielli recibi\u00f3 al Ministro Fratti\u00a0"},"content":{"rendered":"<div dir=\"auto\" data-olk-copy-source=\"MessageBody\"><strong>El Diputado por el Partido Nacional de Durazno, Domingo Rielli, Presidente de la Comisi\u00f3n de Ganader\u00eda de la C\u00e1mara Baja, hizo referencia a la reuni\u00f3n mantenida por la comisi\u00f3n, con autoridades del Ministerio de Ganader\u00eda Agricultura y Pesca (Mgap).<\/strong><\/div>\n<p><!--more--><\/p>\n<div dir=\"auto\" data-olk-copy-source=\"MessageBody\">Dijo que \u00abescuchar al Ministro (Luis Alfredo Fratti), a todos los asesores, los directores de las diferentes secciones del Ministerio de Ganader\u00eda, el Ministerio planteando sus bases program\u00e1ticas, el aumento del Procreo, la sanidad del Rodeo Nacional, poniendo especial \u00e9nfasis en el combate a la garrapata\u00bb.<\/div>\n<div dir=\"auto\" data-olk-copy-source=\"MessageBody\">\n<div dir=\"auto\">Se\u00f1al\u00f3 que hubo planteos de diferente \u00edndole, \u00abdesde los pr\u00e9stamos que est\u00e1n llegando a su vencimiento, para peque\u00f1os productores, que se est\u00e1n analizando por parte del Ministerio, el tema; el Plan de Aguas que va a estar efectivizando el Ministerio, y varios temas que de alguna manera hicieron una reuni\u00f3n m\u00e1s que interesante y que en la persona del propio Ministro podemos ir evacuando una a una todas estas dudas de los diputados, pero por sobre todas las cosas, fue una reuni\u00f3n, dir\u00edamos, en un buen ambiente y de intercambio de ideas\u00bb.<\/div>\n<div dir=\"auto\"><\/div>\n<div dir=\"auto\"><strong>\u00bfSe plantearon los problemas de la UAM?<\/strong><\/div>\n<div dir=\"auto\"><\/div>\n<div dir=\"auto\">\u00abS\u00ed, la UAM, nosotros la recibimos la semana pasada, estuvimos hablando, indudablemente que desde el Ministerio, si bien est\u00e1n trabajando, se nos inform\u00f3 que se est\u00e1 en un peque\u00f1o impasse hasta que se definan las autoridades; parte de la UAM se define a trav\u00e9s de lo que va a ser la Intendencia de Montevideo, el hecho de que vayan a cambiar las autoridades, habla tambi\u00e9n de un proceso de recambio que seguramente a partir del mes de julio se puede estar estableciendo, pero hay una preocupaci\u00f3n importante, m\u00e1s all\u00e1 de la valorizaci\u00f3n que como instituci\u00f3n todos tenemos, el problema es econ\u00f3mico-financiero, no es de funcionamiento, sino de lo que tiene que empezar a pagar la UAM con respecto a todo lo que son las amortizaciones del capital inicial y de eso seguramente se va a estar trabajando, hay que hablar tambi\u00e9n de gobernanza que ha generado algunas situaciones dif\u00edciles, pero como dec\u00edamos, ellos (Mgap) dijeron que cuando el cambio de gobierno, sobre todo a nivel departamental en Montevideo, se va a seguir trabajando en eso\u00bb.<\/div>\n<div dir=\"auto\">Agreg\u00f3 luego que la posibilidad de asistencia del Banco Rep\u00fablica a la UAM, fue deslizada por el Ministro Fratti, \u00abes un tema que lo va a encarar el Ministerio, nosotros tambi\u00e9n desde la C\u00e1mara de Diputados quedamos a las \u00f3rdenes de la UAM, quedamos incluso en la posibilidad de alguna visita, pero bueno, es un tema que si bien como Comisi\u00f3n de Ganader\u00eda nos interesa, nos preocupa, pero tenemos que estar un poco a la definici\u00f3n tambi\u00e9n que venga y llega desde el Gobierno Nacional\u00bb.<\/div>\n<div dir=\"auto\"><\/div>\n<div dir=\"auto\">Ante la consulta de si en la reuni\u00f3n mantenida con las autoridades del Ministerio de Ganader\u00eda, Agricultura y Pesca (Mgap) se habl\u00f3 sobre el problema del terreno de la UAM, Rielli, dijo que no.<\/div>\n<div dir=\"auto\">\u00abEso se habl\u00f3 en alg\u00fan momento de la reuni\u00f3n pasada, de la reuni\u00f3n con la UAM, ahora con el Ministerio se fue muy gen\u00e9rico en todos los temas, hubo much\u00edsimas preguntas de los diputados, nosotros vamos a enviar la versi\u00f3n taquigr\u00e1fica para que nos hagan la devoluci\u00f3n, desde por ejemplo cuando el Ministro habla de elevar el Procreo Nacional que anda en el entorno del 65%, bueno, \u00bfcu\u00e1les son las herramientas para elevar ese Procreo?. Una extensi\u00f3n que se va a estar realizando alrededor de mil productores, un hecho que al parecer resulta interesante, pero bueno, habr\u00e1 que ver c\u00f3mo se llega a eso, la sanidad, la garrapata, qu\u00e9 herramientas tambi\u00e9n va a tener el Ministerio para el combate a la garrapata, tambi\u00e9n se habl\u00f3 algo de la brucelosis, la posibilidad de una vacuna obligatoria o no, el Ministerio a\u00fan no lo tiene definido, no est\u00e1 claro, pero yo dir\u00eda que todos temas gen\u00e9ricos por el hecho de que la representaci\u00f3n del Ministerio fue muy abundante y tambi\u00e9n un n\u00famero importante de diputados integrantes de la Comisi\u00f3n de Ganader\u00eda y algunos otros que no eran, pero que tambi\u00e9n participaron de la reuni\u00f3n\u00bb.<\/div>\n<\/div>\n<div dir=\"auto\"><\/div>\n","protected":false},"excerpt":{"rendered":"<p>El Diputado por el Partido Nacional de Durazno, Domingo Rielli, Presidente de la Comisi\u00f3n de Ganader\u00eda de la C\u00e1mara Baja, hizo referencia a la reuni\u00f3n mantenida por la comisi\u00f3n, con autoridades del Ministerio de Ganader\u00eda Agricultura y Pesca (Mgap).<\/p>\n","protected":false},"author":4,"featured_media":6790,"comment_status":"closed","ping_status":"closed","sticky":false,"template":"","format":"standard","meta":{"footnotes":""},"categories":[5],"tags":[],"class_list":["post-6789","post","type-post","status-publish","format-standard","has-post-thumbnail","hentry","category-durazno"],"_links":{"self":[{"href":"https:\/\/paginacero.com.uy\/index.php?rest_route=\/wp\/v2\/posts\/6789","targetHints":{"allow":["GET"]}}],"collection":[{"href":"https:\/\/paginacero.com.uy\/index.php?rest_route=\/wp\/v2\/posts"}],"about":[{"href":"https:\/\/paginacero.com.uy\/index.php?rest_route=\/wp\/v2\/types\/post"}],"author":[{"embeddable":true,"href":"https:\/\/paginacero.com.uy\/index.php?rest_route=\/wp\/v2\/users\/4"}],"replies":[{"embeddable":true,"href":"https:\/\/paginacero.com.uy\/index.php?rest_route=%2Fwp%2Fv2%2Fcomments&post=6789"}],"version-history":[{"count":1,"href":"https:\/\/paginacero.com.uy\/index.php?rest_route=\/wp\/v2\/posts\/6789\/revisions"}],"predecessor-version":[{"id":6791,"href":"https:\/\/paginacero.com.uy\/index.php?rest_route=\/wp\/v2\/posts\/6789\/revisions\/6791"}],"wp:featuredmedia":[{"embeddable":true,"href":"https:\/\/paginacero.com.uy\/index.php?rest_route=\/wp\/v2\/media\/6790"}],"wp:attachment":[{"href":"https:\/\/paginacero.com.uy\/index.php?rest_route=%2Fwp%2Fv2%2Fmedia&parent=6789"}],"wp:term":[{"taxonomy":"category","embeddable":true,"href":"https:\/\/paginacero.com.uy\/index.php?rest_route=%2Fwp%2Fv2%2Fcategories&post=6789"},{"taxonomy":"post_tag","embeddable":true,"href":"https:\/\/paginacero.com.uy\/index.php?rest_route=%2Fwp%2Fv2%2Ftags&post=6789"}],"curies":[{"name":"wp","href":"https:\/\/api.w.org\/{rel}","templated":true}]}}