{"id":6785,"date":"2025-04-08T18:02:54","date_gmt":"2025-04-08T21:02:54","guid":{"rendered":"https:\/\/paginacero.com.uy\/?p=6785"},"modified":"2025-04-08T18:02:54","modified_gmt":"2025-04-08T21:02:54","slug":"entre-vacunas-nacimientos-y-urgencias-la-salud-como-derecho-en-durazno-y-en-el-mundo","status":"publish","type":"post","link":"https:\/\/paginacero.com.uy\/?p=6785","title":{"rendered":"Entre vacunas, nacimientos y urgencias: la salud como derecho en Durazno y en el mundo"},"content":{"rendered":"<p><strong>En el marco del D\u00eda Mundial de la Salud, Durazno refuerza la vacunaci\u00f3n y enfrenta desaf\u00edos en la atenci\u00f3n sanitaria.<\/strong><!--more--><\/p>\n<p><strong>Por: X. Fleurquin<\/strong><\/p>\n<p>Este lunes 7 de abril se conmemora el D\u00eda Mundial de la Salud, bajo el lema \u00abComienzos saludables, futuros esperanzadores\u00bb. La campa\u00f1a de este a\u00f1o, impulsada por la Organizaci\u00f3n Mundial de la Salud (OMS), busca poner en primer plano la salud materna y neonatal, destacando la necesidad de garantizar condiciones dignas y seguras desde el nacimiento.<\/p>\n<p>La salud como derecho humano fundamental<\/p>\n<p>La salud es un derecho humano fundamental, reconocido por la Constituci\u00f3n uruguaya y por organismos internacionales como la ONU y la OMS. Un sistema de salud p\u00fablico debe garantizar acceso equitativo, calidad en la atenci\u00f3n y cobertura universal.<\/p>\n<p>En Uruguay, el Sistema Nacional Integrado de Salud (SNIS) ha sido clave en la ampliaci\u00f3n del acceso sanitario, pero a\u00fan persisten desaf\u00edos importantes.<\/p>\n<p>Campa\u00f1as y descentralizaci\u00f3n de la salud en Durazno<\/p>\n<p>En Durazno, diversas acciones se alinean con este objetivo, promoviendo actividades en favor de la salud. Desde este enfoque, la Intendencia Departamental inform\u00f3 que, del 7 al 11 de abril, se aplicar\u00e1 la vacuna antigripal en Petrona Tuboras 419 (casi 19 de Abril), de 12:00 a 16:00 horas, sin necesidad de agenda previa.<\/p>\n<p>La iniciativa est\u00e1 dirigida especialmente a personas mayores, embarazadas, ni\u00f1os peque\u00f1os y personas con enfermedades cr\u00f3nicas.<\/p>\n<p>M\u00e1s all\u00e1 de la vacunaci\u00f3n, Durazno avanza en la descentralizaci\u00f3n de la salud, acercando servicios a zonas rurales. En los \u00faltimos a\u00f1os, se han desarrollado Ferias de Salud Rural y otras iniciativas comunitarias que buscan garantizar atenci\u00f3n equitativa. Estas acciones han sido posibles gracias a la articulaci\u00f3n con organismos como el CLAP\/OPS y ASSE.<\/p>\n<p>El Hospital \u00abDr. Emilio Penza\u00bb cumple un papel central en esta red de atenci\u00f3n. Es el principal centro asistencial del departamento y uno de los m\u00e1s relevantes del centro del pa\u00eds, con una cobertura que abarca no solo la capital departamental, sino tambi\u00e9n localidades vecinas y zonas rurales.<\/p>\n<p>Con servicios de internaci\u00f3n, maternidad, pediatr\u00eda, urgencias, salud mental, medicina general y diversas especialidades, el hospital se posiciona como un pilar de la salud p\u00fablica regional.<\/p>\n<p>El rol de las parteras: entre el feminismo y la lucha por el reconocimiento<\/p>\n<p>En el marco del lema \u00abComienzos saludables, futuros esperanzadores\u00bb, resulta clave reconocer el papel fundamental de las parteras y matronas, hist\u00f3ricamente invisibilizadas dentro del sistema de salud. Su labor ha sido central en la salud materna y neonatal, especialmente en comunidades rurales y sectores vulnerables, garantizando partos seguros y respetados.<\/p>\n<p>Sin embargo, su trabajo ha sido desvalorizado, reflejando una desigualdad de g\u00e9nero dentro del \u00e1mbito sanitario. Desde una perspectiva feminista, es esencial reivindicar la importancia de las parteras, asegurar condiciones laborales dignas y reconocerlas como protagonistas en la garant\u00eda del derecho a la salud de madres y reci\u00e9n nacidos.<\/p>\n<p>Su rol no solo es t\u00e9cnico, sino tambi\u00e9n emocional y social, acompa\u00f1ando a las mujeres en un momento trascendental de sus vidas y manteniendo efectivo el derecho a la salud desde el nacimiento.<\/p>\n<p>Desaf\u00edos del sistema de salud<\/p>\n<p>A pesar de los avances, el sistema de salud enfrenta dificultades estructurales que afectan la calidad de atenci\u00f3n. Entre los principales problemas se destacan:<\/p>\n<p>Falta de recursos humanos especializados: d\u00e9ficit de m\u00e9dicos y especialistas en el interior del pa\u00eds.<\/p>\n<p>Infraestructura deficiente: necesidad de mejoras edilicias en hospitales y policl\u00ednicas.<\/p>\n<p>Acceso desigual: dificultades para que habitantes de zonas rurales accedan a los mismos servicios que en Montevideo.<\/p>\n<p>Largos tiempos de espera: demoras en consultas, estudios y tratamientos.<\/p>\n<p>Seguridad y violencia en centros de salud: recientemente, un episodio de violencia dentro del hospital encendi\u00f3 nuevas alarmas sobre la seguridad del personal y los pacientes.<\/p>\n<p>Esta realidad plantea interrogantes cruciales:<br \/>\n\u00bfC\u00f3mo enfrenta el sistema sanitario la violencia dentro de los centros de salud?<br \/>\n\u00bfQu\u00e9 medidas pueden tomarse para garantizar atenci\u00f3n r\u00e1pida y segura?<br \/>\nSi la salud es un derecho, \u00bfse est\u00e1 garantizando de manera efectiva?<\/p>\n<p>Posibles soluciones y estrategias para mejorar el sistema<\/p>\n<p>Para fortalecer el acceso a la salud como un derecho real, se podr\u00edan considerar diversas estrategias:<\/p>\n<p>M\u00e1s incentivos para profesionales en el interior: programas que motiven a m\u00e9dicos y especialistas a radicarse en zonas con d\u00e9ficit de atenci\u00f3n.<\/p>\n<p>Expansi\u00f3n de la telemedicina: fomentar las consultas virtuales para mejorar el acceso en localidades alejadas, por ejemplo, del interior m\u00e1s profundo.<\/p>\n<p>Fortalecimiento de la Atenci\u00f3n Primaria de Salud (APS): m\u00e1s policl\u00ednicas barriales y comunitarias para reducir la saturaci\u00f3n de los hospitales.<\/p>\n<p>Mejoras en infraestructura y equipamiento: inversi\u00f3n en hospitales y centros de salud, principalmente en el interior del territorio nacional.<\/p>\n<p>Protocolos de seguridad en hospitales: capacitaci\u00f3n para prevenir y manejar situaciones de violencia en centros asistenciales.<\/p>\n<p>Mayor participaci\u00f3n comunitaria: espacios de di\u00e1logo entre usuarios y autoridades para generar soluciones concretas.<\/p>\n<p>Garantizar el derecho a la salud es tarea de todos<\/p>\n<p>Este D\u00eda Mundial de la Salud invita a la reflexi\u00f3n:<br \/>\n\u00bfQu\u00e9 pasos concretos deber\u00edan tomarse en Durazno para garantizar que la salud sea un derecho efectivo y no solo una declaraci\u00f3n en papel?<\/p>\n<p>M\u00e1s all\u00e1 de la vacunaci\u00f3n y las campa\u00f1as preventivas, el desaf\u00edo est\u00e1 en consolidar un sistema m\u00e1s equitativo, eficiente y seguro para toda la poblaci\u00f3n.<\/p>\n<p>La mejora del sistema de salud requiere compromiso de las autoridades, inversi\u00f3n adecuada y participaci\u00f3n de la comunidad en la construcci\u00f3n de soluciones\u00a0duraderas.<\/p>\n","protected":false},"excerpt":{"rendered":"<p>En el marco del D\u00eda Mundial de la Salud, Durazno refuerza la vacunaci\u00f3n y enfrenta desaf\u00edos en la atenci\u00f3n sanitaria.<\/p>\n","protected":false},"author":4,"featured_media":6786,"comment_status":"closed","ping_status":"closed","sticky":false,"template":"","format":"standard","meta":{"footnotes":""},"categories":[5],"tags":[],"class_list":["post-6785","post","type-post","status-publish","format-standard","has-post-thumbnail","hentry","category-durazno"],"_links":{"self":[{"href":"https:\/\/paginacero.com.uy\/index.php?rest_route=\/wp\/v2\/posts\/6785","targetHints":{"allow":["GET"]}}],"collection":[{"href":"https:\/\/paginacero.com.uy\/index.php?rest_route=\/wp\/v2\/posts"}],"about":[{"href":"https:\/\/paginacero.com.uy\/index.php?rest_route=\/wp\/v2\/types\/post"}],"author":[{"embeddable":true,"href":"https:\/\/paginacero.com.uy\/index.php?rest_route=\/wp\/v2\/users\/4"}],"replies":[{"embeddable":true,"href":"https:\/\/paginacero.com.uy\/index.php?rest_route=%2Fwp%2Fv2%2Fcomments&post=6785"}],"version-history":[{"count":1,"href":"https:\/\/paginacero.com.uy\/index.php?rest_route=\/wp\/v2\/posts\/6785\/revisions"}],"predecessor-version":[{"id":6787,"href":"https:\/\/paginacero.com.uy\/index.php?rest_route=\/wp\/v2\/posts\/6785\/revisions\/6787"}],"wp:featuredmedia":[{"embeddable":true,"href":"https:\/\/paginacero.com.uy\/index.php?rest_route=\/wp\/v2\/media\/6786"}],"wp:attachment":[{"href":"https:\/\/paginacero.com.uy\/index.php?rest_route=%2Fwp%2Fv2%2Fmedia&parent=6785"}],"wp:term":[{"taxonomy":"category","embeddable":true,"href":"https:\/\/paginacero.com.uy\/index.php?rest_route=%2Fwp%2Fv2%2Fcategories&post=6785"},{"taxonomy":"post_tag","embeddable":true,"href":"https:\/\/paginacero.com.uy\/index.php?rest_route=%2Fwp%2Fv2%2Ftags&post=6785"}],"curies":[{"name":"wp","href":"https:\/\/api.w.org\/{rel}","templated":true}]}}