{"id":6782,"date":"2025-04-08T11:07:41","date_gmt":"2025-04-08T14:07:41","guid":{"rendered":"https:\/\/paginacero.com.uy\/?p=6782"},"modified":"2025-04-08T11:07:41","modified_gmt":"2025-04-08T14:07:41","slug":"elecciones-en-departamentos-limitrofes-vuelven-tres-peso-pesado-y-uno-no-podra","status":"publish","type":"post","link":"https:\/\/paginacero.com.uy\/?p=6782","title":{"rendered":"Elecciones en departamentos limitrofes: vuelven tres \u00abpeso pesado\u00bb y uno no podr\u00e1"},"content":{"rendered":"<p><strong>Armando Castaingdebat en Flores; Carlos \u00abP\u00e1jaro\u00bb Enciso en Florida, y Wilson Ezquerra en Tacuaremb\u00f3, vuelven a sus departamentos, mientras que Jos\u00e9 Yurramendi, va por la reelecci\u00f3n en Cerro Largo.<\/strong><br \/>\n<!--more--><\/p>\n<p>En el caso de Durazno no estar\u00e1 en la puja comicial Carmelo Vidal\u00edn, el actual jefe comunal, impedido de postularse en 2025 al no poder ser re-reelecto; lo que al parecer no significar\u00eda retirarse de sus aspiraciones y objetivos en el departamento, en el que ha sido cuatro veces electo Intendente Departamental (a\u00f1os 2000-2005; 2005-2010; 2015-2020 y 2020-2025).<\/p>\n<p>Aunque es un tema que solo \u00e9l sabr\u00e1 y determinar\u00e1 en su momento, pero teniendo en cuenta su pasi\u00f3n por la pol\u00edtica y en especial su preferencia por la labor ejecutiva, por sobre la legislativa, surge la pregunta; ir\u00e1 por la quinta gesti\u00f3n en 2030?<br \/>\nEs algo que en los corrillos de la pol\u00edtica local es \u00abvox populi\u00bb, incluso esa posibilidad fue insinuada d\u00edas pasados en una entrevista con Pagina Cero y Alternativa de Radio Durazno, por el Ing. Benjam\u00edn \u00abLalo\u00bb Irazabal, quien sostuvo que \u00abno podemos desconocer la experiencia de Vidalin para el pr\u00f3ximo Intendente. Vidalin tiene que ser una persona de consulta, no digo diaria, pero de consulta permanente; es el \u00fanico Intendente de los que est\u00e1n ahora en ejercicio que tiene cuatro gobiernos sobre sus espaldas. Que no es candidato porque no puede ser y yo no lo descarto para dentro de cinco a\u00f1os, porque Vidalin es un hombre pol\u00edtico, por excelencia, tiene una vocaci\u00f3n de servicio inquebrantable\u00bb.<\/p>\n<p>En diciembre de 2024, en entrevista con Canal 12 de Montevideo, Vidal\u00edn, anunci\u00f3 \u00abque se alejar\u00e1 de la actividad pol\u00edtica el a\u00f1o que viene luego de dejar la Intendencia de Durazno\u00bb.<\/p>\n<p>\u00abTres veces Diputado, integrante del honorable directorio blanco, cuatro veces Intendente, Senador, he ocupado todos los cargos. Es tiempo que el le\u00f3n descanse y ayude a acompa\u00f1ar las iniciativas buenas que se den por el bienestar de los uruguayos\u00bb, dec\u00eda en aquella ocasi\u00f3n el dirigente nacionalista.<\/p>\n<p>La entrevista agregaba que \u00abel jerarca municipal dijo que se dedicar\u00e1 a disfrutar de sus hijos y nietos y a sus \u00abproyectos\u00bb, de los que no brind\u00f3 m\u00e1s detalles. \u00abTengo que agradecer a Dios y a los profesionales que me atendieron en los momentos dif\u00edciles. Tuve un quebranto de salud y me costaba levantarme de la cama, me costaba ir al ba\u00f1o solo. Gracias a Dios estoy bien y aprend\u00ed a disfrutar de mi familia. El poquito espacio que Dios nos regal\u00f3 lo vamos a disfrutar con intensidad\u00bb, declar\u00f3.<\/p>\n<p>\u00abVidal\u00edn tuvo durante sus a\u00f1os de Intendente m\u00e1s de un percance de salud. El \u00faltimo y m\u00e1s cr\u00edtico fue en agosto de 2023, cuando debi\u00f3 permanecer internado varios d\u00edas por problemas en su columna. En julio de 2018 tambi\u00e9n fue hospitalizado durante algunos d\u00edas por un pico de estr\u00e9s\u00bb, informaba\u00a0Canal\u00a012.<\/p>\n","protected":false},"excerpt":{"rendered":"<p>Armando Castaingdebat en Flores; Carlos \u00abP\u00e1jaro\u00bb Enciso en Florida, y Wilson Ezquerra en Tacuaremb\u00f3, vuelven a sus departamentos, mientras que Jos\u00e9 Yurramendi, va por la reelecci\u00f3n en Cerro Largo.<\/p>\n","protected":false},"author":4,"featured_media":6774,"comment_status":"closed","ping_status":"closed","sticky":false,"template":"","format":"standard","meta":{"footnotes":""},"categories":[5],"tags":[],"class_list":["post-6782","post","type-post","status-publish","format-standard","has-post-thumbnail","hentry","category-durazno"],"_links":{"self":[{"href":"https:\/\/paginacero.com.uy\/index.php?rest_route=\/wp\/v2\/posts\/6782","targetHints":{"allow":["GET"]}}],"collection":[{"href":"https:\/\/paginacero.com.uy\/index.php?rest_route=\/wp\/v2\/posts"}],"about":[{"href":"https:\/\/paginacero.com.uy\/index.php?rest_route=\/wp\/v2\/types\/post"}],"author":[{"embeddable":true,"href":"https:\/\/paginacero.com.uy\/index.php?rest_route=\/wp\/v2\/users\/4"}],"replies":[{"embeddable":true,"href":"https:\/\/paginacero.com.uy\/index.php?rest_route=%2Fwp%2Fv2%2Fcomments&post=6782"}],"version-history":[{"count":1,"href":"https:\/\/paginacero.com.uy\/index.php?rest_route=\/wp\/v2\/posts\/6782\/revisions"}],"predecessor-version":[{"id":6783,"href":"https:\/\/paginacero.com.uy\/index.php?rest_route=\/wp\/v2\/posts\/6782\/revisions\/6783"}],"wp:featuredmedia":[{"embeddable":true,"href":"https:\/\/paginacero.com.uy\/index.php?rest_route=\/wp\/v2\/media\/6774"}],"wp:attachment":[{"href":"https:\/\/paginacero.com.uy\/index.php?rest_route=%2Fwp%2Fv2%2Fmedia&parent=6782"}],"wp:term":[{"taxonomy":"category","embeddable":true,"href":"https:\/\/paginacero.com.uy\/index.php?rest_route=%2Fwp%2Fv2%2Fcategories&post=6782"},{"taxonomy":"post_tag","embeddable":true,"href":"https:\/\/paginacero.com.uy\/index.php?rest_route=%2Fwp%2Fv2%2Ftags&post=6782"}],"curies":[{"name":"wp","href":"https:\/\/api.w.org\/{rel}","templated":true}]}}