{"id":6779,"date":"2025-04-07T16:35:48","date_gmt":"2025-04-07T19:35:48","guid":{"rendered":"https:\/\/paginacero.com.uy\/?p=6779"},"modified":"2025-04-07T16:35:48","modified_gmt":"2025-04-07T19:35:48","slug":"ciclismo-4ta-y-ultima-fecha-del-campeonato-nocturno","status":"publish","type":"post","link":"https:\/\/paginacero.com.uy\/?p=6779","title":{"rendered":"Ciclismo: 4ta. y \u00faltima fecha del Campeonato Nocturno"},"content":{"rendered":"<p><strong>Con la organizaci\u00f3n de la Federaci\u00f3n Ciclista de Durazno y el apoyo de la Intendencia, tuvo lugar el jueves en la pista iluminada del Parque de la Hispanidad de Durazno, la etapa correspondiente a la \u00faltima fecha del torneo Nocturno.<\/strong><!--more--><\/p>\n<div id=\"geom_inter_1744054471604_61_101\" dir=\"auto\" data-olk-copy-source=\"MessageBody\">En Mountain Bike (MTB) el Campeonato fue para Alejo Modernell, del departamento de Flores, y en Damas Yanina Runco, de Sarand\u00ed Grande; en Preliminar Eduardo Bentancor, de Florida, y en categor\u00eda Damas, Silvana Clark, de Florida.<\/div>\n<div dir=\"auto\"><\/div>\n<div id=\"geom_inter_1744054493613_32_102\" dir=\"auto\">El jueves los resultados fueron los siguientes:<\/div>\n<div id=\"geom_inter_1744054494605_35_104\" dir=\"auto\">Categor\u00eda MTB<\/div>\n<div dir=\"auto\">1\u00b0 Guillermo Cordero (Flores)<\/div>\n<div id=\"geom_inter_1744054493614_16_103\" dir=\"auto\">2\u00b0 Nahuel Dayuto (Flores)<\/div>\n<div id=\"geom_inter_1744054494605_41_105\" dir=\"auto\">3\u00b0 William Rodr\u00edguez (Flores)<\/div>\n<div dir=\"auto\">4\u00b0 Alejo Modernell (Flores)<\/div>\n<div dir=\"auto\">5\u00b0 Mart\u00edn Gonz\u00e1lez (Durazno)<\/div>\n<div dir=\"auto\"><\/div>\n<div dir=\"auto\">MTB Damas<\/div>\n<div dir=\"auto\">1\u00b0 Elena Pedrozo (Durazno)<\/div>\n<div dir=\"auto\">2\u00b0 Yanina Runco (Sarand\u00ed Grande, Florida)<\/div>\n<div dir=\"auto\"><\/div>\n<div dir=\"auto\">Preliminar<\/div>\n<div dir=\"auto\">1\u00b0 Leonardo Bentancor (Florida)<\/div>\n<div dir=\"auto\">2\u00b0 Eduardo Bentancor (Florida)<\/div>\n<div dir=\"auto\">3\u00b0 Sebasti\u00e1n Barcel\u00f3 (Durazno)<\/div>\n<div dir=\"auto\">4\u00b0 Juan Gonz\u00e1lez (Sarand\u00ed Grande, Florida)<\/div>\n<div dir=\"auto\">5\u00b0 Jos\u00e9 luis Coto (Florida)<\/div>\n<div dir=\"auto\"><\/div>\n<div dir=\"auto\">Damas<\/div>\n<div dir=\"auto\">1\u00b0 Silvana Clark (Florida)<\/div>\n<div dir=\"auto\">2\u00b0 Luciana Rodr\u00edguez (Flores)<\/div>\n<div dir=\"auto\"><\/div>\n<div dir=\"auto\">Resultados finales del Campeonato<\/div>\n<div dir=\"auto\">Categoria MTB<\/div>\n<div dir=\"auto\">1\u00b0 Alejo Modernell\u00a0 (Flores)<\/div>\n<div dir=\"auto\">2\u00b0 Martin Gonz\u00e1lez\u00a0 (Durazno)<\/div>\n<div dir=\"auto\">3\u00b0 William Rodr\u00edguez (Flores)<\/div>\n<div dir=\"auto\">4\u00b0 Jose Nozzar (Durazno)<\/div>\n<div dir=\"auto\">5\u00b0 Eduardo Revello (Durazno)<\/div>\n<div dir=\"auto\"><\/div>\n<div id=\"geom_inter_1744054495616_93_106\" dir=\"auto\">MTB Damas<\/div>\n<div dir=\"auto\">1\u00b0 Yanina Runco (Sarand\u00ed Grande, Florida)<\/div>\n<div dir=\"auto\">2\u00b0 Elena Pedrozo (Durazno)<\/div>\n<div id=\"geom_inter_1744054495616_45_107\" dir=\"auto\"><\/div>\n<div dir=\"auto\">Preliminar<\/div>\n<div dir=\"auto\">1\u00b0 Eduardo Bentancor (Florida)<\/div>\n<div id=\"geom_inter_1744054495616_22_108\" dir=\"auto\">2\u00b0Juan Gonz\u00e1lez (Sarand\u00ed Grande, Florida)<\/div>\n<div dir=\"auto\">3\u00b0 Eduardo Revello\u00a0 (Durazno)<\/div>\n<div dir=\"auto\">4\u00b0 Sebasti\u00e1n Barcel\u00f3 (Durazno)<\/div>\n<div id=\"geom_inter_1744054495616_13_109\" dir=\"auto\">5\u00b0 Jos\u00e9 luis Coto (Florida)<\/div>\n<div dir=\"auto\"><\/div>\n<div dir=\"auto\">Damas<\/div>\n<div id=\"geom_inter_1744054495617_77_110\" dir=\"auto\">1\u00b0 Silvana Clark (Florida)<\/div>\n<div dir=\"auto\"><\/div>\n<div dir=\"auto\">Informaci\u00f3n y fotos gentileza Mauricio Delgado Cabral.<\/div>\n","protected":false},"excerpt":{"rendered":"<p>Con la organizaci\u00f3n de la Federaci\u00f3n Ciclista de Durazno y el apoyo de la Intendencia, tuvo lugar el jueves en la pista iluminada del Parque de la Hispanidad de Durazno, la etapa correspondiente a la \u00faltima fecha del torneo Nocturno.<\/p>\n","protected":false},"author":4,"featured_media":6780,"comment_status":"closed","ping_status":"closed","sticky":false,"template":"","format":"standard","meta":{"footnotes":""},"categories":[12,5],"tags":[],"class_list":["post-6779","post","type-post","status-publish","format-standard","has-post-thumbnail","hentry","category-deporte","category-durazno"],"_links":{"self":[{"href":"https:\/\/paginacero.com.uy\/index.php?rest_route=\/wp\/v2\/posts\/6779","targetHints":{"allow":["GET"]}}],"collection":[{"href":"https:\/\/paginacero.com.uy\/index.php?rest_route=\/wp\/v2\/posts"}],"about":[{"href":"https:\/\/paginacero.com.uy\/index.php?rest_route=\/wp\/v2\/types\/post"}],"author":[{"embeddable":true,"href":"https:\/\/paginacero.com.uy\/index.php?rest_route=\/wp\/v2\/users\/4"}],"replies":[{"embeddable":true,"href":"https:\/\/paginacero.com.uy\/index.php?rest_route=%2Fwp%2Fv2%2Fcomments&post=6779"}],"version-history":[{"count":1,"href":"https:\/\/paginacero.com.uy\/index.php?rest_route=\/wp\/v2\/posts\/6779\/revisions"}],"predecessor-version":[{"id":6781,"href":"https:\/\/paginacero.com.uy\/index.php?rest_route=\/wp\/v2\/posts\/6779\/revisions\/6781"}],"wp:featuredmedia":[{"embeddable":true,"href":"https:\/\/paginacero.com.uy\/index.php?rest_route=\/wp\/v2\/media\/6780"}],"wp:attachment":[{"href":"https:\/\/paginacero.com.uy\/index.php?rest_route=%2Fwp%2Fv2%2Fmedia&parent=6779"}],"wp:term":[{"taxonomy":"category","embeddable":true,"href":"https:\/\/paginacero.com.uy\/index.php?rest_route=%2Fwp%2Fv2%2Fcategories&post=6779"},{"taxonomy":"post_tag","embeddable":true,"href":"https:\/\/paginacero.com.uy\/index.php?rest_route=%2Fwp%2Fv2%2Ftags&post=6779"}],"curies":[{"name":"wp","href":"https:\/\/api.w.org\/{rel}","templated":true}]}}