{"id":6776,"date":"2025-04-07T16:33:57","date_gmt":"2025-04-07T19:33:57","guid":{"rendered":"https:\/\/paginacero.com.uy\/?p=6776"},"modified":"2025-04-07T16:33:57","modified_gmt":"2025-04-07T19:33:57","slug":"lfcd-torneo-sub-15-comenzo-con-goleadas","status":"publish","type":"post","link":"https:\/\/paginacero.com.uy\/?p=6776","title":{"rendered":"LFCD: Torneo Sub 15 comenz\u00f3 con goleadas"},"content":{"rendered":"<div id=\"geom_inter_1744054299617_32_67\" dir=\"auto\" data-olk-copy-source=\"MessageBody\"><strong>La Liga de F\u00fatbol Ciudad de Durazno (LFCD), di\u00f3 inicio el s\u00e1bado al Campeonato Sub 15, temporada que lleva el nombre del recordado dirigente y periodista, Jorge Abraham Mejeses Aranaga, y el tuyo se denomina Ernesto \u00abPopelka\u00bb P\u00e9rez, en homenaje a quien alejado de la actividad, di\u00f3 mucho de si para el Club Santa Bernardina y al f\u00fatbol local todo.<\/strong><\/div>\n<div id=\"geom_inter_1744054313616_55_69\" dir=\"auto\"><strong>En este torneo decidi\u00f3 no participar Molles FC.<\/strong><\/div>\n<p><!--more--><\/p>\n<div dir=\"auto\"><\/div>\n<div dir=\"auto\">\n<div id=\"geom_inter_1744054318626_57_71\" dir=\"auto\" data-olk-copy-source=\"MessageBody\">Resultados de la Fecha 1:<\/div>\n<div id=\"geom_inter_1744054313616_62_70\" dir=\"auto\">La Lanera 4 Racing 0; Nacional 3 Central 1; Wanderers 15 Artigas 0; Juvenil 11 Rampla Juniors 1 y Sportivo Yi 3 Santa Bernardina 0.<\/div>\n<div dir=\"auto\"><\/div>\n<div id=\"geom_inter_1744054318626_55_72\" dir=\"auto\">Posiciones: La Lanera, Nacional, Wanderers, Juvenil y Sportivo Yi y Nacional 3 puntos; Racing, Central, Artigas, Rampla Juniors y\u00a0 Santa Bernardina 0.<\/div>\n<div id=\"geom_inter_1744054391604_99_74\" dir=\"auto\"><\/div>\n<div dir=\"auto\">Pr\u00f3xima fecha 2:<\/div>\n<div id=\"geom_inter_1744054391604_36_75\" dir=\"auto\">Racing-Central; Wanderers-Nacional; Juvenil-Santa Bernardina; Sportivo Yi-La Lanera y Rampla Juniors-Artigas<\/div>\n<div dir=\"auto\"><\/div>\n<div id=\"geom_inter_1744054393606_92_76\" dir=\"auto\">Por su parte el Campeonato en la categor\u00eda Sub 20 estar\u00e1 comenzando el pr\u00f3ximo fin de semana, con la participaci\u00f3n de La Lanera, Nacional, Wanderers, Juvenil, Nacional, Racing, Central, Artigas y Santa Bernardina (declinaron participar Molles FC, Rampla Juniors y Sportivo Yi).<\/div>\n<\/div>\n","protected":false},"excerpt":{"rendered":"<p>La Liga de F\u00fatbol Ciudad de Durazno (LFCD), di\u00f3 inicio el s\u00e1bado al Campeonato Sub 15, temporada que lleva el nombre del recordado dirigente y periodista, Jorge Abraham Mejeses Aranaga, y el tuyo se denomina Ernesto \u00abPopelka\u00bb P\u00e9rez, en homenaje a quien alejado de la actividad, di\u00f3 mucho de si para el Club Santa Bernardina [&hellip;]<\/p>\n","protected":false},"author":4,"featured_media":6777,"comment_status":"closed","ping_status":"closed","sticky":false,"template":"","format":"standard","meta":{"footnotes":""},"categories":[12,5],"tags":[],"class_list":["post-6776","post","type-post","status-publish","format-standard","has-post-thumbnail","hentry","category-deporte","category-durazno"],"_links":{"self":[{"href":"https:\/\/paginacero.com.uy\/index.php?rest_route=\/wp\/v2\/posts\/6776","targetHints":{"allow":["GET"]}}],"collection":[{"href":"https:\/\/paginacero.com.uy\/index.php?rest_route=\/wp\/v2\/posts"}],"about":[{"href":"https:\/\/paginacero.com.uy\/index.php?rest_route=\/wp\/v2\/types\/post"}],"author":[{"embeddable":true,"href":"https:\/\/paginacero.com.uy\/index.php?rest_route=\/wp\/v2\/users\/4"}],"replies":[{"embeddable":true,"href":"https:\/\/paginacero.com.uy\/index.php?rest_route=%2Fwp%2Fv2%2Fcomments&post=6776"}],"version-history":[{"count":1,"href":"https:\/\/paginacero.com.uy\/index.php?rest_route=\/wp\/v2\/posts\/6776\/revisions"}],"predecessor-version":[{"id":6778,"href":"https:\/\/paginacero.com.uy\/index.php?rest_route=\/wp\/v2\/posts\/6776\/revisions\/6778"}],"wp:featuredmedia":[{"embeddable":true,"href":"https:\/\/paginacero.com.uy\/index.php?rest_route=\/wp\/v2\/media\/6777"}],"wp:attachment":[{"href":"https:\/\/paginacero.com.uy\/index.php?rest_route=%2Fwp%2Fv2%2Fmedia&parent=6776"}],"wp:term":[{"taxonomy":"category","embeddable":true,"href":"https:\/\/paginacero.com.uy\/index.php?rest_route=%2Fwp%2Fv2%2Fcategories&post=6776"},{"taxonomy":"post_tag","embeddable":true,"href":"https:\/\/paginacero.com.uy\/index.php?rest_route=%2Fwp%2Fv2%2Ftags&post=6776"}],"curies":[{"name":"wp","href":"https:\/\/api.w.org\/{rel}","templated":true}]}}