{"id":6770,"date":"2025-04-07T16:27:11","date_gmt":"2025-04-07T19:27:11","guid":{"rendered":"https:\/\/paginacero.com.uy\/?p=6770"},"modified":"2025-04-07T16:27:11","modified_gmt":"2025-04-07T19:27:11","slug":"rodolfo-rodriguez-una-charla-imperdible-del-golero-en-el-colegio-san-luis","status":"publish","type":"post","link":"https:\/\/paginacero.com.uy\/?p=6770","title":{"rendered":"Rodolfo Rodr\u00edguez, una charla imperdible del golero en el Colegio San Luis"},"content":{"rendered":"<p><strong>El colegio San Luis de Durazno recibi\u00f3 el pasado viernes 4 de abril, la visita de Rodolfo Sergio \u00abPantera\u00bb Rodr\u00edguez, ex Capit\u00e1n de la Selecci\u00f3n Uruguaya y referente del Club Nacional de Futbol y el Santos de Brasil.<\/strong><!--more--><\/p>\n<div id=\"geom_inter_1744053958608_4_26\" dir=\"auto\" data-olk-copy-source=\"MessageBody\">El deportista -alejado del mundo del f\u00fatbol y que alterna sus actividades particulares y familiares entre Montevideo y su establecimiento agropecuario en cercan\u00edas de Ciudad del Carmen- tuvo el gesto de compartir lo que fue una magn\u00edfica jornada con los j\u00f3venes de Noveno de EBI y Primero de Educaci\u00f3n Media Superior, que expectantes le formularon diversas preguntas para interiorizarse con las vivencias del legendario guardameta .<\/div>\n<div id=\"geom_inter_1744053987608_87_27\" dir=\"auto\">Rodolfo fue invitado a modo de \u00abbroche de oro\u00bb de un proyecto que los docentes denominaron \u00abConvivencia, 40 a\u00f1os de Democracia\u00bb, coordinado por los docentes Leonardo Mart\u00ednez, Manuel Buonomo y Diego Berm\u00fadez,<\/div>\n<div id=\"geom_inter_1744053992611_44_28\" dir=\"auto\">que abord\u00f3 como eje transversal el concepto de convivencia social durante el proceso de restauraci\u00f3n democr\u00e1tica en nuestro pa\u00eds.<\/div>\n<div dir=\"auto\">La Copa de Oro (tambi\u00e9n conocido como el \u00abMundialito del 80\u00bb), se tom\u00f3 en este proyecto, como epicentro de lo que implicaba la actividad deportiva en el escenario de una dictadura c\u00edvico militar y c\u00f3mo el pueblo gener\u00f3 un lazo de identificaci\u00f3n con aquella selecci\u00f3n campeona, la cual Rodolfo lideraba ejerciendo el capitanato.<\/div>\n<div dir=\"auto\" aria-hidden=\"true\"><\/div>\n<div id=\"geom_inter_1744053993610_30_29\" dir=\"auto\"><strong>El futbolista y la educacion<\/strong><\/div>\n<div dir=\"auto\"><\/div>\n<div id=\"geom_inter_1744053993610_63_30\" dir=\"auto\">Rodolfo con esa t\u00edpica humildad que caracteriza a aquellos que realmente son grandes y han contribuido a la rica historia de nuestro f\u00fatbol; respondi\u00f3 cada una de las preguntas realizadas por los j\u00f3venes que oficiaron\u00a0 de avezados periodistas.<\/div>\n<div id=\"geom_inter_1744053993611_14_31\" dir=\"auto\">\u00abPantera\u00bb Rodr\u00edguez, dej\u00f3 conceptos en el auditorio que quedaron resonando, al igual que en los vestuarios cuando motivaba a sus compa\u00f1eros: \u00abla educaci\u00f3n es una cuenta pendiente en mi vida, pude ingresar al primer a\u00f1o de la carrera de derecho pero por diferentes motivos no pude continuar. Hoy mis tres hijos son profesionales y con mi se\u00f1ora consideramos que haber invertido en su educaci\u00f3n ha sido uno de nuestros mayores logros\u00bb<\/div>\n<div dir=\"auto\">Muchos padres, que de ni\u00f1os se maravillaron con las espectaculares atajadas de Rodolfo, no dejaron pasar la oportunidad para pedirle al gran capit\u00e1n, alg\u00fan aut\u00f3grafo a trav\u00e9s de sus hijos.<\/div>\n<div dir=\"auto\"><\/div>\n<div id=\"geom_inter_1744053994609_4_32\" dir=\"auto\">\u00abSe trat\u00f3 de una experiencia diferente pero muy rica en todos los sentidos. La educaci\u00f3n es un conjunto de valores que trasciende al aula y este tipo de jornadas, con el testimonio de un crack como Rodolfo, son de esas instancias que para los que nos dedicamos a la docencia, hacen que la profesi\u00f3n valga la pena\u00bb\u00a0 sostuvieron los profesores a cargo.<\/div>\n","protected":false},"excerpt":{"rendered":"<p>El colegio San Luis de Durazno recibi\u00f3 el pasado viernes 4 de abril, la visita de Rodolfo Sergio \u00abPantera\u00bb Rodr\u00edguez, ex Capit\u00e1n de la Selecci\u00f3n Uruguaya y referente del Club Nacional de Futbol y el Santos de Brasil.<\/p>\n","protected":false},"author":4,"featured_media":6771,"comment_status":"closed","ping_status":"closed","sticky":false,"template":"","format":"standard","meta":{"footnotes":""},"categories":[5],"tags":[],"class_list":["post-6770","post","type-post","status-publish","format-standard","has-post-thumbnail","hentry","category-durazno"],"_links":{"self":[{"href":"https:\/\/paginacero.com.uy\/index.php?rest_route=\/wp\/v2\/posts\/6770","targetHints":{"allow":["GET"]}}],"collection":[{"href":"https:\/\/paginacero.com.uy\/index.php?rest_route=\/wp\/v2\/posts"}],"about":[{"href":"https:\/\/paginacero.com.uy\/index.php?rest_route=\/wp\/v2\/types\/post"}],"author":[{"embeddable":true,"href":"https:\/\/paginacero.com.uy\/index.php?rest_route=\/wp\/v2\/users\/4"}],"replies":[{"embeddable":true,"href":"https:\/\/paginacero.com.uy\/index.php?rest_route=%2Fwp%2Fv2%2Fcomments&post=6770"}],"version-history":[{"count":1,"href":"https:\/\/paginacero.com.uy\/index.php?rest_route=\/wp\/v2\/posts\/6770\/revisions"}],"predecessor-version":[{"id":6772,"href":"https:\/\/paginacero.com.uy\/index.php?rest_route=\/wp\/v2\/posts\/6770\/revisions\/6772"}],"wp:featuredmedia":[{"embeddable":true,"href":"https:\/\/paginacero.com.uy\/index.php?rest_route=\/wp\/v2\/media\/6771"}],"wp:attachment":[{"href":"https:\/\/paginacero.com.uy\/index.php?rest_route=%2Fwp%2Fv2%2Fmedia&parent=6770"}],"wp:term":[{"taxonomy":"category","embeddable":true,"href":"https:\/\/paginacero.com.uy\/index.php?rest_route=%2Fwp%2Fv2%2Fcategories&post=6770"},{"taxonomy":"post_tag","embeddable":true,"href":"https:\/\/paginacero.com.uy\/index.php?rest_route=%2Fwp%2Fv2%2Ftags&post=6770"}],"curies":[{"name":"wp","href":"https:\/\/api.w.org\/{rel}","templated":true}]}}