{"id":6767,"date":"2025-04-07T16:24:49","date_gmt":"2025-04-07T19:24:49","guid":{"rendered":"https:\/\/paginacero.com.uy\/?p=6767"},"modified":"2025-04-07T16:24:49","modified_gmt":"2025-04-07T19:24:49","slug":"candidatos-del-fa-clientelismo-se-erradica-cambiando-el-gobierno-departamental","status":"publish","type":"post","link":"https:\/\/paginacero.com.uy\/?p=6767","title":{"rendered":"Candidatos del FA \u00abclientelismo se erradica cambiando el gobierno departamental\u00bb."},"content":{"rendered":"<p><strong>El acto de presentaci\u00f3n del Programa Departamental de Gobierno del FA, se realiz\u00f3 en la Plaza La Guayre\u00f1a, mismo lugar que meses antes de las elecciones nacionales acogi\u00f3 a la f\u00f3rmula nacional que result\u00f3 electa, integrada por el Prof. Yamand\u00fa Orsi y la Ing. Carolina Cosse.<\/strong><!--more--><\/p>\n<div dir=\"auto\" data-olk-copy-source=\"MessageBody\">En esta ocasi\u00f3n los candidatos Dr. Mauricio Bertalm\u00edo y Ra\u00fal Licandro, expusieron sus mensajes ante el p\u00fablico asistente, incluso antes de iniciada la parte oratoria -que incluy\u00f3 una actuaci\u00f3n musical- ambos candidatos cantaron en micr\u00f3fono la canci\u00f3n \u00abA Don Jos\u00e9\u00bb, de Ruben Lena, interpretaci\u00f3n a la que se fueron sumando dirigentes y el p\u00fablico.<\/div>\n<div dir=\"auto\"><\/div>\n<div dir=\"auto\">En esta entrega presentamos hoy las palabras del Dr. Mauricio Bertalm\u00edo Ramos (en la siguiente: Ra\u00fal Licandro)<\/div>\n<div dir=\"auto\"><\/div>\n<div dir=\"auto\">El conocido m\u00e9dico comenz\u00f3 agradeciendo \u00aben especial a los vecinos, a los militantes de nuestro Frente Amplio, que con esperanza y compromiso est\u00e1n ac\u00e1 y estar\u00e1n recorriendo<\/div>\n<div dir=\"auto\">todo el departamento, &#8216;puerta a puerta&#8217;, hablando con vecinos, compa\u00f1eros de trabajo, familiares y amigos sobre la necesidad de cambiar que tenemos en Durazno y qu\u00e9 cambios estamos proponiendo en este programa de gobierno que estamos<\/div>\n<div dir=\"auto\">presentando\u00bb.<\/div>\n<div dir=\"auto\"><\/div>\n<div dir=\"auto\">\u00abUn agradecimiento enorme a los much\u00edsimos compa\u00f1eros que se involucraron en la tareas de recopilar, consensuar y resumir tantos anhelos, propuestas para solucionar temas pendientes en Durazno, propuestas para desarrollar Durazno y transformarlo en un departamento pujante, que d\u00e9 trabajo y<\/div>\n<div dir=\"auto\">oportunidades para todas y todos, donde se brinden los servicios de la manera que la gente se merece y sobre todo solidario con los m\u00e1s desfavorecidos\u00bb.<\/div>\n<div dir=\"auto\"><\/div>\n<div dir=\"auto\">\u00abTodo eso tiene nuestro programa\u00bb, valor\u00f3, Bertalm\u00edo, destacando que se trata de \u00abun programa unitario, ambicioso y posible de llevar adelante. Hoy Uruguay est\u00e1 dando nuevos pasos de este segundo ciclo<\/div>\n<div dir=\"auto\">progresista. El compa\u00f1ero Yamand\u00fa (Orsi), sus ministros son portadores de la confianza y la esperanza que nuevamente los uruguayos depositamos en un proyecto de desarrollo con<\/div>\n<div dir=\"auto\">justicia social. Un Uruguay transparente en el manejo de la cosa p\u00fablica, innovador en el abordaje de los desaf\u00edos que tenemos por<\/div>\n<div dir=\"auto\">delante y sobre todo sensible con la deuda social existente, la pobreza infantil, la necesidad de trabajo digno, necesidad de<\/div>\n<div dir=\"auto\">mejorar la atenci\u00f3n de la salud, los resultados educativos y mejorar la convivencia y seguridad ciudadana\u00bb<\/div>\n<div dir=\"auto\"><\/div>\n<div dir=\"auto\">Tenemos esperanza, agreg\u00f3, \u00abde que los mismos vientos que llegaron a Uruguay lleguen a Durazno; tenemos el compromiso de que as\u00ed sea\u00bb.<\/div>\n<div dir=\"auto\"><\/div>\n<div dir=\"auto\"><strong>CIB \u00abse construyeron durante el gobierno frenteamplista\u00bb<\/strong><\/div>\n<div dir=\"auto\"><\/div>\n<div dir=\"auto\">Subray\u00f3 luego que \u00abhace ya much\u00edsimos a\u00f1os de que este departamento es gobernado por el mismo Partido pol\u00edtico, con las mismas<\/div>\n<div dir=\"auto\">familias ostentando el poder. Se brindan servicios deficientes, hay una pobr\u00edsima promoci\u00f3n de la cultura y el deporte. No se descentraliza la toma de decisiones, no se crean municipios y no se fomentan<\/div>\n<div dir=\"auto\">comisiones barriales entorno a las bonitas infraestructuras que significan los Centros de Integraci\u00f3n Barrial que se construyeron durante el gobierno frenteamplista. Tendr\u00edan que ser nucleadores de actividad social, constructores de ciudadan\u00eda, generadores de cultura y actividades deportivas\u00bb.<\/div>\n<div dir=\"auto\"><\/div>\n<div dir=\"auto\">\u00abY lo que m\u00e1s duele es que Durazno se ha gobernado con clientelismo pol\u00edtico para los ingresos, ascensos, contrataci\u00f3n de empresas privadas y mirando a quien se le brinda el servicio. En especial en las localidades del interior, donde nuestros compa\u00f1eros tienen naturalizado de que a ellos no les toca el servicio de barom\u00e9trica o no se les recoge la basura o tienen problemas para acceder al beneficio del comedor, los que lo necesitan\u00bb, \u00abestas miserias no son propiedad de un Secretario de Junta Local o de un funcionario o de un Intendente; es propiedad del Partido de gobierno y por tanto no se erradica cambiando nombres dentro de la misma colectividad que funciona con esas l\u00f3gicas, que promete o presiona en tiempos electorales sin nunca hacer una autocr\u00edtica o mostrar verg\u00fcenza de lo hecho antes\u00bb.<\/div>\n<div dir=\"auto\"><\/div>\n<div dir=\"auto\">\u00abEstas pr\u00e1cticas se erradican cambiando al Partido que gobierna el departamento; que llegue sin esos viejos vicios. Se cambia d\u00e1ndole la oportunidad al Frente Amplio. Esa ser\u00e1 nuestra principal responsabilidad, y el principal rol militante de todos ustedes, ser\u00e1 controlar que se act\u00fae con la transparencia a las que nos comprometemos hoy; nunca<\/div>\n<div dir=\"auto\">reclamar un beneficio personal, o para un compa\u00f1ero, sino reclamar ecuanimidad, apego a la \u00e9tica y la Ley. Velar por el concurso y sorteos p\u00fablicos para el ingreso a la funci\u00f3n<\/div>\n<div dir=\"auto\">p\u00fablica. Tambi\u00e9n controlar que el rumbo seguido sea el del proyecto pol\u00edtico que est\u00e1 plasmado en este programa\u00bb.<\/div>\n<div dir=\"auto\"><\/div>\n<div dir=\"auto\">Bertalm\u00edo, subray\u00f3 que el programa al que hizo referencia, \u00abes una s\u00edntesis de much\u00edsimos aportes, es una herramienta de unidad y es abarcativo de toda la gesti\u00f3n departamental.<\/div>\n<div dir=\"auto\">Tiene la ambici\u00f3n de desarrollar Durazno en lo econ\u00f3mico, favoreciendo nuevos emprendimientos que generen mano de<\/div>\n<div dir=\"auto\">obra de calidad, apoyando nuestros emprendedores, en especial a los j\u00f3venes; licitaciones de obra p\u00fablica que impliquen la contrataci\u00f3n de mano de obra local. En nuestro programa marcamos el compromiso en desarrollar una cartera de tierras din\u00e1micas. La Intendencia debe poner a disposici\u00f3n las tierras fiscales que hoy posee e invertir en nuevos terrenos con los servicios para ponerlos a disposici\u00f3n de cooperativas o de los programas de vivienda del gobierno<\/div>\n<div dir=\"auto\">nacional, el valor del terreno se recupera y se vuelve a invertir en nuevas tierras para volver a ofrecerlas\u00bb.<\/div>\n<div dir=\"auto\"><\/div>\n<div dir=\"auto\"><strong>Juventud, empresas, zonas rurales<\/strong><\/div>\n<div dir=\"auto\"><\/div>\n<div dir=\"auto\">\u00abLas pol\u00edticas de juventud deben ser mucho m\u00e1s integrales que una simple oficina organizadora de eventos. Debe haber eventos y espect\u00e1culos. Invertir en nuevos espacios juveniles donde puedan juntarse sanamente en cada barrio y localidad; actividades culturales y deportivas integradoras. Pretendemos desarrollar una pol\u00edtica de juventud que<\/div>\n<div dir=\"auto\">contemple muchos otros aspectos de la vida y los problemas de los j\u00f3venes, debemos tener un programa de primera experiencia laboral, en especial para las muchachas y muchachos que egresan de los centros de estudios de Durazno, apoyar a nuestros j\u00f3venes emprendedores.<\/div>\n<div dir=\"auto\">Si tantos beneficios se les suele dar a poderosas empresas que vienen de afuera \u00bfcu\u00e1nto m\u00e1s tenemos qu\u00e9 hacer por<\/div>\n<div dir=\"auto\">nuestros j\u00f3venes?\u00bb, pregunt\u00f3.<\/div>\n<div dir=\"auto\"><\/div>\n<div dir=\"auto\">Dijo que \u00ablas pol\u00edticas de juventud tambi\u00e9n deben incluir una mano tendida a las chiquilinas madres solteras, las j\u00f3venes parejas que sue\u00f1an con independizarse, los muchos que sufren dependencia de drogas. Nos jugamos el futuro como sociedad en apoyar a nuestros j\u00f3venes ahora. Ellos no son el futuro, son el presente, hay que atenderlos ahora. Estas pol\u00edticas de apoyo y promoci\u00f3n social son importantes en la ciudad de Durazno y mucho m\u00e1s importantes en el Interior del departamento, donde la falta de oportunidades nos va dejando una campa\u00f1a desierta. Soy criado en campa\u00f1a, s\u00e9 lo que duele la ausencia del Estado en el interior profundo. La primera inversi\u00f3n en el Interior es mantener y mejorar la caminer\u00eda rural, en especial debemos atender las rutas 100 y\u00a0 19, sin dilaciones y siendo exigentes con las empresas que han<\/div>\n<div dir=\"auto\">cobrado, pero no cumplido con la obra p\u00fablica\u00bb.<\/div>\n<div dir=\"auto\"><\/div>\n<div dir=\"auto\">\u00abLa Intendencia Departamental debe estar atenta al cuidado de nuestro entorno natural, por responsabilidad con las generaciones futuras porque como dice el proverbio \u201cNo<\/div>\n<div dir=\"auto\">heredamos la Tierra de nuestros mayores, la tenemos prestada de nuestros hijos\u00bb, destac\u00f3.<\/div>\n<div dir=\"auto\"><\/div>\n<div dir=\"auto\"><strong>Acciones en los primeros 100 d\u00edas<\/strong><\/div>\n<div dir=\"auto\"><\/div>\n<div dir=\"auto\">Adelant\u00f3 que de llegar a la Intendencia \u00aben los primeros cien d\u00edas de gobierno debemos tener definido un Plan Departamental de Residuos que implique el cierre de los basureros a cielo abierto, fuente de contaminaci\u00f3n y problemas para el barrio, la concreci\u00f3n de un nuevo sitio de disposici\u00f3n final que se viene prometiendo desde hace 20 a\u00f1os y avanzar paulatinamente hacia la clasificaci\u00f3n de residuos en origen, mejora de la calidad del servicio y la organizaci\u00f3n del trabajo de los actuales hurgadores que se merecen trabajar en<\/div>\n<div dir=\"auto\">condiciones saludables y ganar m\u00e1s dinero, sin sufrir la explotaci\u00f3n de mayoristas que pasan a buscar el fruto de su esfuerzo\u00bb<\/div>\n<div dir=\"auto\">\u00abSon muchas las cosas que anhelamos cambiar, se necesita el compromiso de todos, aspiramos a una organizaci\u00f3n horizontal en la toma de decisiones, con m\u00e1s municipios, donde las comisiones barriales tengan injerencia en definir las prioridades de obras y servicios y en base de ellas planificar el<\/div>\n<div dir=\"auto\">presupuesto de la Intendencia y Municipio. El presupuesto participativo no es una promesa para el Frente Amplio, se lleva a cabo en todas las Intendencias que nos ha tocado gobernar.<\/div>\n<div dir=\"auto\">Y sin dudas que desde ya tenemos el apoyo de los compa\u00f1eros que tienen hoy y han tenido antes estas responsabilidades en las intendencias de Montevideo, Canelones, Salto, Paysand\u00fa, R\u00edo Negro, Rocha o Florida\u00bb<\/div>\n<div dir=\"auto\"><\/div>\n<div dir=\"auto\">\u00abTambi\u00e9n tenemos la confianza que significa el tener a nuestros compa\u00f1eros llevando adelante el Gobierno Nacional, con la facilidad de hablar un mismo idioma con las autoridades nacionales. Llegar\u00e1n de mucho mejor manera a Durazno las pol\u00edticas nacionales de vivienda, de salud, de desarrollo y de todas las \u00e1reas si le damos la oportunidad al Frente Amplio de gobernar Durazno\u00bb.<\/div>\n<div dir=\"auto\"><\/div>\n<div dir=\"auto\">\u00abEstamos presentando hoy el programa de la esperanza para Durazno. Un programa elaborado con seriedad, ambicioso en su alcance, que se ocupa de todos los<\/div>\n<div dir=\"auto\">temas que a la gente importa, y lo m\u00e1s importante: un programa posible de ser<\/div>\n<div dir=\"auto\">llevado a la pr\u00e1ctica\u00bb, concluy\u00f3.<\/div>\n","protected":false},"excerpt":{"rendered":"<p>El acto de presentaci\u00f3n del Programa Departamental de Gobierno del FA, se realiz\u00f3 en la Plaza La Guayre\u00f1a, mismo lugar que meses antes de las elecciones nacionales acogi\u00f3 a la f\u00f3rmula nacional que result\u00f3 electa, integrada por el Prof. Yamand\u00fa Orsi y la Ing. Carolina Cosse.<\/p>\n","protected":false},"author":4,"featured_media":6768,"comment_status":"closed","ping_status":"closed","sticky":false,"template":"","format":"standard","meta":{"footnotes":""},"categories":[5],"tags":[],"class_list":["post-6767","post","type-post","status-publish","format-standard","has-post-thumbnail","hentry","category-durazno"],"_links":{"self":[{"href":"https:\/\/paginacero.com.uy\/index.php?rest_route=\/wp\/v2\/posts\/6767","targetHints":{"allow":["GET"]}}],"collection":[{"href":"https:\/\/paginacero.com.uy\/index.php?rest_route=\/wp\/v2\/posts"}],"about":[{"href":"https:\/\/paginacero.com.uy\/index.php?rest_route=\/wp\/v2\/types\/post"}],"author":[{"embeddable":true,"href":"https:\/\/paginacero.com.uy\/index.php?rest_route=\/wp\/v2\/users\/4"}],"replies":[{"embeddable":true,"href":"https:\/\/paginacero.com.uy\/index.php?rest_route=%2Fwp%2Fv2%2Fcomments&post=6767"}],"version-history":[{"count":1,"href":"https:\/\/paginacero.com.uy\/index.php?rest_route=\/wp\/v2\/posts\/6767\/revisions"}],"predecessor-version":[{"id":6769,"href":"https:\/\/paginacero.com.uy\/index.php?rest_route=\/wp\/v2\/posts\/6767\/revisions\/6769"}],"wp:featuredmedia":[{"embeddable":true,"href":"https:\/\/paginacero.com.uy\/index.php?rest_route=\/wp\/v2\/media\/6768"}],"wp:attachment":[{"href":"https:\/\/paginacero.com.uy\/index.php?rest_route=%2Fwp%2Fv2%2Fmedia&parent=6767"}],"wp:term":[{"taxonomy":"category","embeddable":true,"href":"https:\/\/paginacero.com.uy\/index.php?rest_route=%2Fwp%2Fv2%2Fcategories&post=6767"},{"taxonomy":"post_tag","embeddable":true,"href":"https:\/\/paginacero.com.uy\/index.php?rest_route=%2Fwp%2Fv2%2Ftags&post=6767"}],"curies":[{"name":"wp","href":"https:\/\/api.w.org\/{rel}","templated":true}]}}