{"id":6764,"date":"2025-04-07T16:21:50","date_gmt":"2025-04-07T19:21:50","guid":{"rendered":"https:\/\/paginacero.com.uy\/?p=6764"},"modified":"2025-04-07T16:21:50","modified_gmt":"2025-04-07T19:21:50","slug":"licandro-fa-plan-calles-camaras-y-garitas-y-gestionar-los-cib-entre-las-propuestas","status":"publish","type":"post","link":"https:\/\/paginacero.com.uy\/?p=6764","title":{"rendered":"Licandro (FA): Plan Calles; c\u00e1maras y garitas y gestionar los CIB, entre las propuestas"},"content":{"rendered":"<p><strong>En el acto celebrando el domingo de noche en Plaza La Guayre\u00f1a, el candidato que lidera el sector \u00abOrejanos\u00bb, Ra\u00fal Licandro, manifest\u00f3 los puntos que abarca el Programa Departamental del Frente Amplio de Durazno.\u00a0<\/strong><!--more--><\/p>\n<div dir=\"auto\" data-olk-copy-source=\"MessageBody\">\u00abHemos derrotado un mito, en Durazno el Frente Amplio gan\u00f3 en octubre por primera vez en la historia, y la posibilidad de repetir en mayo est\u00e1 latente. Estamos en una suerte de oto\u00f1o primaveral donde por un lado se caen viejos modelos de gestion basados en el amiguismo, en el clientelismo politico, en los favores, pero por otro lado brotan nuevos proyectos que estan reflejados en el Programa Departamental del Frente Amplio de Durazno, basados en la transparencia, en la responsabilidad, en la participacion, en el respeto a la ciudadania sin importar el color politico\u00bb.<\/div>\n<div dir=\"auto\"><\/div>\n<div dir=\"auto\">A nivel de las propuestas que contiene el documento elaborado por los diferentes sectores y actores partidarios del FA, Licandro hizo referencia a algunos temas<\/div>\n<div dir=\"auto\"><\/div>\n<div dir=\"auto\">En el empleo, dijo \u00abvamos a apoyar las micro, peque\u00f1as y medianas empresas, a los feriantes, a los emprendedores, a peque\u00f1os productores, a los productores familiares, a las empresas que reinvierten sus ganancias en Durazno, que generan fuentes de trabajo realmente y no simplemente desplazan a empresarios locales, empresas que respetan las normas laborales, los derechos de las y los trabajadores. Esas son realmente las de Inter\u00e9s Departamental\u00bb, \u00bb mientras en Sarandi del Yi se le niega la exoneraci\u00f3n del pago de contribucion a una Cooperativa que atiende a mas de 150 productores familiares, que contribuye con la comunidad; se le otorgan beneficios a traves de la declaracion de Inter\u00e9s Departamental a empresas de la industria c\u00e1rnica que atropellan los derechos de los trabajadores, rebajando salarios, haciendo abuso del seguro de paro, o directamente persiguiendo al sindicato. Los trabajadores del Bpu y Frigorifico Durazno saben bien de lo que hablo\u00bb, sostuvo.<\/div>\n<div dir=\"auto\"><\/div>\n<div dir=\"auto\">\u00abVamos a promover a traves de las licitaciones el empleo de la gente del departamento, no queremos m\u00e1s trabajadores desocupados o buscando la &#8216;changa&#8217; en otros departamentos, porque las empresas que contrata la Intendencia, forzando los convenios y las leyes traen su personal \u00edntegramente de otros puntos del pais\u00bb, al tiempo que resalt\u00f3: \u00abtransmitir tranquilidad a la familia municipal, no vamos a echar a contratados y jornaleros, al contrario vamos a presupuestar, subir salarios, respetar estatuto, vamos a promover ingresos por concurso y\u00a0 sorteo, vamos a respetar las cuotas por ley para las minorias; eso si, sepan los violentos y acosadores que no tendr\u00e1n mi complicidad\u00bb.<\/div>\n<div dir=\"auto\"><\/div>\n<div dir=\"auto\"><strong>Caminer\u00eda y calles<\/strong><\/div>\n<div dir=\"auto\">Sobre estos puntos Licandro dijo que Durazno \u00abtiene la mayor red de caminer\u00eda interna del pais. De ella depende la salida de la produccion, pero tambien el libre tr\u00e1nsito de las y los ciudadanos, &#8216;me gusta vivir en el medio rural, pero tengo que poder salir por la ruta cuando lo necesite\u00bb; dijo reflejando planteos, y consider\u00f3 que es necesario \u00abatender la situacion de la ruta 100 a San Jorge, la ruta 4 a Baygorria, el Camino de los Paraguayos; hacer de una vez por todas el camino a la Colonia Rosell y Rius, largamente prometido. Ampliaremos el cord\u00f3n cuneta y el asfaltado en los barrios hoy olvidados, como la calle Alcides Burgues en el (barrio) Dur\u00e1n, el barrio Cementerio, o el Puerto de los Barriles, por nombrar algunos de la capital departamental, sabiendo bien que desde Centenario a La Paloma hay tambien demandas en ese sentido\u00bb.<\/div>\n<div dir=\"auto\"><\/div>\n<div dir=\"auto\"><strong>Seguridad y convivencia<\/strong><\/div>\n<div dir=\"auto\"><\/div>\n<div dir=\"auto\">\u00abNos preocupa la inseguridad en todo el departamento\u00bb, dijo y agreg\u00f3 que \u00abdesde la Intendencia vamos promover la integracion social. Aportaremos c\u00e1maras y garita para el trabajo del Ministerio del Interior, tambi\u00e9n m\u00e1s personal capacitado y equipado para el control del tr\u00e1nsito. Vamos a aumentar la iluminacion de calles y espacios publicos, plazas con cuidadores y propuestas para todas las edades, limpieza y\/o eliminacion de baldios, eliminacion tambien de casas ruinosas y abandonadas a traves de Ley 19.676\u00bb, agregando que los Centros de Integraci\u00f3n Barrial (CIB), \u00abdeben ser realmente centros de integracion generando propuestas culturales, deportivas y sociales en acuerdo con los y las vecinas del barrio. Vamos a instrumentar el plan calles con la Intendencia, Mides e Inau, coordinando adem\u00e1s con otros organismos del Estado y tambien privados, para atender en forma urgente el fenomeno de personas que viven en situacion de calle\u00bb.<\/div>\n<div dir=\"auto\"><\/div>\n<div dir=\"auto\"><strong>No m\u00e1s bald\u00edos ni fincas ruinosas\u00bb<\/strong><\/div>\n<div dir=\"auto\"><\/div>\n<div dir=\"auto\">\u00abNi casas sin gente, ni gente sin casas\u00bb, apunt\u00f3 con respecto a la tem\u00e1tica de la vivienda.<\/div>\n<div dir=\"auto\">El candidato Licandro, sostuvo que desde la IDD \u00abcrearemos una cartera de tierras con servicios, terminando con baldios y fincas abandonadas o ruinosas, tambien expropiando o negociando por deudas, conveniando con organismo estatales, para adquirir padrones en los centros poblados donde ya estan los servicios imprescindibles de luz electrica, agua, saneamiento, calles, recoleccion de residuos, centros de estudio y atencion m\u00e9dica, comercios, transporte, atendiendo particularmente la necesidad de proceder al realojo en zonas inundables\u00bb.<\/div>\n<div dir=\"auto\">Habl\u00f3 tambi\u00e9n de las canastas de materiales \u00abentregas que ir\u00e1n acompa\u00f1adas de asesoramiento a las familias para poder construir viviendas\u00bb, \u00abni casas sin gente ni gente sin casas\u00bb, reiter\u00f3.<\/div>\n<div dir=\"auto\"><\/div>\n<div dir=\"auto\"><strong>Descentralizacion: 6 nuevos Municipios<\/strong><\/div>\n<div dir=\"auto\"><\/div>\n<div dir=\"auto\">Plante\u00f3 la creaci\u00f3n de Municipios en Centenario, Carlos Reyles, Blanquillo, La Paloma, Cerro Chato y Santa Bernardina, y \u00abfortalecer con presupuesto, autonomia de gestion y equipos tecnicos al Carmen y Sarand\u00ed del Yi\u00bb.<\/div>\n<div dir=\"auto\">\u00abParafraseando a Tabar\u00e9 (Vazquez) en su discurso en 2004 le digo: ojal\u00e1 Durazno pueda amanecer el 12 de mayo feliz con su apoyo\u00bb.<\/div>\n","protected":false},"excerpt":{"rendered":"<p>En el acto celebrando el domingo de noche en Plaza La Guayre\u00f1a, el candidato que lidera el sector \u00abOrejanos\u00bb, Ra\u00fal Licandro, manifest\u00f3 los puntos que abarca el Programa Departamental del Frente Amplio de Durazno.\u00a0<\/p>\n","protected":false},"author":4,"featured_media":6765,"comment_status":"closed","ping_status":"closed","sticky":false,"template":"","format":"standard","meta":{"footnotes":""},"categories":[5],"tags":[],"class_list":["post-6764","post","type-post","status-publish","format-standard","has-post-thumbnail","hentry","category-durazno"],"_links":{"self":[{"href":"https:\/\/paginacero.com.uy\/index.php?rest_route=\/wp\/v2\/posts\/6764","targetHints":{"allow":["GET"]}}],"collection":[{"href":"https:\/\/paginacero.com.uy\/index.php?rest_route=\/wp\/v2\/posts"}],"about":[{"href":"https:\/\/paginacero.com.uy\/index.php?rest_route=\/wp\/v2\/types\/post"}],"author":[{"embeddable":true,"href":"https:\/\/paginacero.com.uy\/index.php?rest_route=\/wp\/v2\/users\/4"}],"replies":[{"embeddable":true,"href":"https:\/\/paginacero.com.uy\/index.php?rest_route=%2Fwp%2Fv2%2Fcomments&post=6764"}],"version-history":[{"count":1,"href":"https:\/\/paginacero.com.uy\/index.php?rest_route=\/wp\/v2\/posts\/6764\/revisions"}],"predecessor-version":[{"id":6766,"href":"https:\/\/paginacero.com.uy\/index.php?rest_route=\/wp\/v2\/posts\/6764\/revisions\/6766"}],"wp:featuredmedia":[{"embeddable":true,"href":"https:\/\/paginacero.com.uy\/index.php?rest_route=\/wp\/v2\/media\/6765"}],"wp:attachment":[{"href":"https:\/\/paginacero.com.uy\/index.php?rest_route=%2Fwp%2Fv2%2Fmedia&parent=6764"}],"wp:term":[{"taxonomy":"category","embeddable":true,"href":"https:\/\/paginacero.com.uy\/index.php?rest_route=%2Fwp%2Fv2%2Fcategories&post=6764"},{"taxonomy":"post_tag","embeddable":true,"href":"https:\/\/paginacero.com.uy\/index.php?rest_route=%2Fwp%2Fv2%2Ftags&post=6764"}],"curies":[{"name":"wp","href":"https:\/\/api.w.org\/{rel}","templated":true}]}}