{"id":6758,"date":"2025-04-07T12:04:22","date_gmt":"2025-04-07T15:04:22","guid":{"rendered":"https:\/\/paginacero.com.uy\/?p=6758"},"modified":"2025-04-07T12:47:35","modified_gmt":"2025-04-07T15:47:35","slug":"ideas-jovenes-raices-duraznenses","status":"publish","type":"post","link":"https:\/\/paginacero.com.uy\/?p=6758","title":{"rendered":"Ideas j\u00f3venes, ra\u00edces duraznenses"},"content":{"rendered":"<p><strong>Creatividad, esfuerzo y dedicaci\u00f3n impulsan a una nueva generaci\u00f3n de emprendedores que elige apostar por Durazno. Historias que inspiran desde el coraz\u00f3n del pa\u00eds.<\/strong><!--more--><\/p>\n<p><strong>por<\/strong> <span data-olk-copy-source=\"MessageBody\">X. Fleurquin.<\/span><\/p>\n<p>Cada vez m\u00e1s j\u00f3venes duraznenses eligen quedarse en su ciudad y apostar al crecimiento y desarrollo personal desde aqu\u00ed. Algunos transformaron un hobby en negocio, otros tomaron una idea inicial de muchos a\u00f1os y decidieron darle un vuelco moderno y dispuesto a acompa\u00f1ar a las nuevas tecnolog\u00edas que ya estamos viviendo: gastronom\u00eda, dise\u00f1o o servicios. Lo que los une es la decisi\u00f3n de crear desde sus ra\u00edces.<\/p>\n<p>En esta serie de art\u00edculos, compartimos algunas de esas historias, que muestran que el talento local est\u00e1 m\u00e1s vivo que nunca. Conoceremos a j\u00f3venes emprendedores que no solo apuestan a un futuro laboral distinto, sino que tambi\u00e9n impactan positivamente en la vida de su comunidad. Muchos comenzaron en sus casas, en ferias, por redes sociales o simplemente con una idea que no los dejaba dormir. Hoy cada uno de ellos est\u00e1 dejando una huella sobre su tierra natal.<\/p>\n<p><strong>An\u00edbal, 40 a\u00f1os. Desarrollador de software, accionista de Cablevisi\u00f3n Durazno.<\/strong> Curioso desde ni\u00f1o, comenz\u00f3 por desarmar la computadora de su padre para entender c\u00f3mo funcionaba desde adentro. En su infancia y adolescencia descubri\u00f3 su pasi\u00f3n en el centro \u00abPC Choice\u00bb de la ciudad de Durazno, donde se impart\u00edan clases de inform\u00e1tica. Desde ah\u00ed inici\u00f3 la odisea de adentrarse y conocer el mundo, no solo de la inform\u00e1tica sino tambi\u00e9n de la programaci\u00f3n, las que luego ser\u00edan las que le proporcionar\u00edan el sustento para su vida adulta como profesi\u00f3n de manera efectiva y le permitir\u00edan gerenciar y aportar innovaciones a Cablevisi\u00f3n, que transita un cambio de paradigma debido al avance de nuevas tecnolog\u00edas.<\/p>\n<p><strong>Mart\u00edn, 30 a\u00f1os. Profesor de educaci\u00f3n f\u00edsica, jugador de f\u00fatbol.<\/strong> Mart\u00edn naci\u00f3 y creci\u00f3 en Durazno. Desde chico se destac\u00f3 con la pelota, pero ya crec\u00eda dentro de \u00e9l la vocaci\u00f3n de guiar y ense\u00f1ar. Se recibi\u00f3 de profesor de educaci\u00f3n f\u00edsica, y aunque tuvo oportunidades para irse, decidi\u00f3 quedarse y volcar su energ\u00eda en su comunidad. Hoy da clases en una escuela p\u00fablica y entrena ni\u00f1os y adolescentes en un club local, y a\u00fan encuentra tiempo para jugar como mediocampista en la selecci\u00f3n de Durazno. Su doble rol, el de educador y deportista, le permite conectar con los j\u00f3venes desde distintos lugares.<\/p>\n<p><strong>Agust\u00edn, 32 a\u00f1os. Contador p\u00fablico. Due\u00f1o de la cervecer\u00eda TBH (The Beer House) y el gimnasio Athletic 360.<\/strong> Agust\u00edn se recibi\u00f3 de contador p\u00fablico hace algunos a\u00f1os y, de hecho, comenz\u00f3 ejerciendo su profesi\u00f3n en Deloitte, empresa consultora en la ciudad de Montevideo; pero so\u00f1aba con algo m\u00e1s que balances y planillas. Amante de la buena cocina, la m\u00fasica y los buenos momentos entre amigos, decidi\u00f3 combinar sus talentos y abrir TBH, una cervecer\u00eda furor en Durazno, que es uno de los puntos de encuentro favoritos de los j\u00f3venes y adultos de la ciudad.<\/p>\n<p><strong>Francisco, 36 a\u00f1os. Profesor de m\u00fasica. Propietario de \u00abFranchesco\u00bb, panader\u00eda y rotiser\u00eda en Sarand\u00ed del Y\u00ed.<\/strong> Detr\u00e1s del mostrador de una panader\u00eda que huele a esfuerzo y a pan caliente reci\u00e9n horneado, a\u00fan late el coraz\u00f3n de un artista. Francisco es profesor de m\u00fasica, pero su historia va m\u00e1s all\u00e1 del aula. Nacido y criado en Durazno, sus primeros acordes los encontr\u00f3 no solamente en el teclado, sino tambi\u00e9n entre las ovejas y los amaneceres junto a su abuelo en el campo. Fue combinando sus m\u00faltiples conocimientos aprendidos a lo largo de su vida que naci\u00f3 Franchesco, una empresa familiar que fue creciendo y hoy es el sustento de varias familias Sarandiyenses en el interior del departamento.<\/p>\n<p>En las pr\u00f3ximas ediciones de esta secci\u00f3n, te invitamos a conocer sus historias de cerca: sus inicios, sus sue\u00f1os, sus desaf\u00edos, y lo que los impulsa a seguir adelante. Porque cuando se emprende desde las ra\u00edces, las ideas florecen.<\/p>\n","protected":false},"excerpt":{"rendered":"<p>Creatividad, esfuerzo y dedicaci\u00f3n impulsan a una nueva generaci\u00f3n de emprendedores que elige apostar por Durazno. Historias que inspiran desde el coraz\u00f3n del pa\u00eds.<\/p>\n","protected":false},"author":4,"featured_media":6759,"comment_status":"closed","ping_status":"closed","sticky":false,"template":"","format":"standard","meta":{"footnotes":""},"categories":[5,48],"tags":[],"class_list":["post-6758","post","type-post","status-publish","format-standard","has-post-thumbnail","hentry","category-durazno","category-emprendedores"],"_links":{"self":[{"href":"https:\/\/paginacero.com.uy\/index.php?rest_route=\/wp\/v2\/posts\/6758","targetHints":{"allow":["GET"]}}],"collection":[{"href":"https:\/\/paginacero.com.uy\/index.php?rest_route=\/wp\/v2\/posts"}],"about":[{"href":"https:\/\/paginacero.com.uy\/index.php?rest_route=\/wp\/v2\/types\/post"}],"author":[{"embeddable":true,"href":"https:\/\/paginacero.com.uy\/index.php?rest_route=\/wp\/v2\/users\/4"}],"replies":[{"embeddable":true,"href":"https:\/\/paginacero.com.uy\/index.php?rest_route=%2Fwp%2Fv2%2Fcomments&post=6758"}],"version-history":[{"count":3,"href":"https:\/\/paginacero.com.uy\/index.php?rest_route=\/wp\/v2\/posts\/6758\/revisions"}],"predecessor-version":[{"id":6763,"href":"https:\/\/paginacero.com.uy\/index.php?rest_route=\/wp\/v2\/posts\/6758\/revisions\/6763"}],"wp:featuredmedia":[{"embeddable":true,"href":"https:\/\/paginacero.com.uy\/index.php?rest_route=\/wp\/v2\/media\/6759"}],"wp:attachment":[{"href":"https:\/\/paginacero.com.uy\/index.php?rest_route=%2Fwp%2Fv2%2Fmedia&parent=6758"}],"wp:term":[{"taxonomy":"category","embeddable":true,"href":"https:\/\/paginacero.com.uy\/index.php?rest_route=%2Fwp%2Fv2%2Fcategories&post=6758"},{"taxonomy":"post_tag","embeddable":true,"href":"https:\/\/paginacero.com.uy\/index.php?rest_route=%2Fwp%2Fv2%2Ftags&post=6758"}],"curies":[{"name":"wp","href":"https:\/\/api.w.org\/{rel}","templated":true}]}}