{"id":6748,"date":"2025-04-03T11:48:48","date_gmt":"2025-04-03T14:48:48","guid":{"rendered":"https:\/\/paginacero.com.uy\/?p=6748"},"modified":"2025-04-03T11:48:48","modified_gmt":"2025-04-03T14:48:48","slug":"fallecio-juan-andres-ramirez-exministro-del-interior-y-referente-del-partido-nacional-a-los-77-anos","status":"publish","type":"post","link":"https:\/\/paginacero.com.uy\/?p=6748","title":{"rendered":"Falleci\u00f3 Juan Andr\u00e9s Ram\u00edrez, exministro del Interior y referente del Partido Nacional, a los 77 a\u00f1os"},"content":{"rendered":"<p><strong>El destacado pol\u00edtico y abogado uruguayo falleci\u00f3 este jueves a los 77 a\u00f1os. Fue ministro del Interior, senador y candidato presidencial, dejando una huella en la pol\u00edtica y el derecho. Su partida gener\u00f3 m\u00faltiples reacciones en el \u00e1mbito pol\u00edtico y acad\u00e9mico.<\/strong><br \/>\n<!--more--><\/p>\n<p>Juan Andr\u00e9s Ram\u00edrez Turell naci\u00f3 en Montevideo el 11 de octubre de 1946. Abogado de profesi\u00f3n, se desempe\u00f1\u00f3 como docente de Derecho Civil en la Universidad de la Rep\u00fablica y lleg\u00f3 a ser decano de la Facultad de Derecho entre 2017 y 2018.<\/p>\n<p>En pol\u00edtica, tuvo un papel central dentro del Partido Nacional. En 1989 fue electo senador y, al a\u00f1o siguiente, el presidente Luis Alberto Lacalle Herrera lo design\u00f3 ministro del Interior, cargo que ocup\u00f3 hasta 1993. Durante su gesti\u00f3n, enfrent\u00f3 importantes desaf\u00edos en materia de seguridad p\u00fablica.<\/p>\n<p>En las elecciones de 1994, fue candidato a la presidencia acompa\u00f1ado por Juan Chiruchi, resultando derrotado por Julio Mar\u00eda Sanguinetti. Luego, en 1995, fund\u00f3 el sector Desaf\u00edo Nacional y particip\u00f3 en las internas de 1999, donde fue superado por Luis Alberto Lacalle. A partir de entonces, se alej\u00f3 de la pol\u00edtica activa, aunque mantuvo su apoyo a distintas figuras del Partido Nacional.<\/p>\n<p>Su fallecimiento caus\u00f3 gran impacto en el \u00e1mbito pol\u00edtico. El Partido Nacional expres\u00f3 en redes sociales: \u00abLamentamos profundamente el fallecimiento del Dr. Juan Andr\u00e9s Ram\u00edrez Turell. Destacado abogado, docente, ministro, senador y precandidato a la presidencia. Su compromiso y dedicaci\u00f3n dejar\u00e1n una huella imborrable en nuestra colectividad.\u00bb<\/p>\n<p>Por su parte, su hijo, Juan Andr\u00e9s Ram\u00edrez Saravia, le dedic\u00f3 un mensaje: \u00abGracias pap\u00e1 por tanto. Nos pusiste la vara en TODO muy alta. Trataremos de estar a la altura. Descansa en paz.\u00bb<\/p>\n<p>La partida de Juan Andr\u00e9s Ram\u00edrez deja un legado de compromiso y dedicaci\u00f3n en la pol\u00edtica y el derecho uruguayo, siendo recordado por su integridad y contribuciones\u00a0al\u00a0pa\u00eds.<\/p>\n","protected":false},"excerpt":{"rendered":"<p>El destacado pol\u00edtico y abogado uruguayo falleci\u00f3 este jueves a los 77 a\u00f1os. Fue ministro del Interior, senador y candidato presidencial, dejando una huella en la pol\u00edtica y el derecho. Su partida gener\u00f3 m\u00faltiples reacciones en el \u00e1mbito pol\u00edtico y acad\u00e9mico.<\/p>\n","protected":false},"author":4,"featured_media":6749,"comment_status":"closed","ping_status":"closed","sticky":false,"template":"","format":"standard","meta":{"footnotes":""},"categories":[5],"tags":[],"class_list":["post-6748","post","type-post","status-publish","format-standard","has-post-thumbnail","hentry","category-durazno"],"_links":{"self":[{"href":"https:\/\/paginacero.com.uy\/index.php?rest_route=\/wp\/v2\/posts\/6748","targetHints":{"allow":["GET"]}}],"collection":[{"href":"https:\/\/paginacero.com.uy\/index.php?rest_route=\/wp\/v2\/posts"}],"about":[{"href":"https:\/\/paginacero.com.uy\/index.php?rest_route=\/wp\/v2\/types\/post"}],"author":[{"embeddable":true,"href":"https:\/\/paginacero.com.uy\/index.php?rest_route=\/wp\/v2\/users\/4"}],"replies":[{"embeddable":true,"href":"https:\/\/paginacero.com.uy\/index.php?rest_route=%2Fwp%2Fv2%2Fcomments&post=6748"}],"version-history":[{"count":1,"href":"https:\/\/paginacero.com.uy\/index.php?rest_route=\/wp\/v2\/posts\/6748\/revisions"}],"predecessor-version":[{"id":6750,"href":"https:\/\/paginacero.com.uy\/index.php?rest_route=\/wp\/v2\/posts\/6748\/revisions\/6750"}],"wp:featuredmedia":[{"embeddable":true,"href":"https:\/\/paginacero.com.uy\/index.php?rest_route=\/wp\/v2\/media\/6749"}],"wp:attachment":[{"href":"https:\/\/paginacero.com.uy\/index.php?rest_route=%2Fwp%2Fv2%2Fmedia&parent=6748"}],"wp:term":[{"taxonomy":"category","embeddable":true,"href":"https:\/\/paginacero.com.uy\/index.php?rest_route=%2Fwp%2Fv2%2Fcategories&post=6748"},{"taxonomy":"post_tag","embeddable":true,"href":"https:\/\/paginacero.com.uy\/index.php?rest_route=%2Fwp%2Fv2%2Ftags&post=6748"}],"curies":[{"name":"wp","href":"https:\/\/api.w.org\/{rel}","templated":true}]}}