{"id":6737,"date":"2025-04-02T10:13:49","date_gmt":"2025-04-02T13:13:49","guid":{"rendered":"https:\/\/paginacero.com.uy\/?p=6737"},"modified":"2025-04-02T12:23:16","modified_gmt":"2025-04-02T15:23:16","slug":"profesionales-del-relato-en-el-futbol-duraznense","status":"publish","type":"post","link":"https:\/\/paginacero.com.uy\/?p=6737","title":{"rendered":"Profesionales del Relato en el f\u00fatbol duraznense"},"content":{"rendered":"<p>En\u00a0<b>P\u00e1gina Cero<\/b>, recordamos y brindamos tributo a aquellos que nos hacen emocionar con el grito de Gol; que nos transportan a la imaginaci\u00f3n de una jugada y de una actuaci\u00f3n individual,\u00a0 a los\u00a0<b>Relatores de f\u00fatbol\u00a0<\/b>-a nivel local y de otras ciudades- que han trabajado en Durazno.<!--more--><\/p>\n<p><span style=\"font-size: large;\" data-olk-copy-source=\"MessageBody\">Adem\u00e1s de los que citamos l\u00edneas abajo agregamos (a riesgo de olvidarnos de alguno), a\u00a0<b>Ruben Fontes, Ricardo Gonz\u00e1lez, Pedro Ariel \u00abRolo\u00bb Olivera, Luis Alcides \u201cChiquit\u00f3n\u201d Silva, Oscar Aguirre Garc\u00eda, Walter Navas, Jorge Abraham Mejeses Aranaga, Julio Javier Romero, Eduardo P\u00e9rez Dinardi; Diego Lobelcho Cabrera , Marcos Hern\u00e1ndez (Relator en Las Voces del F\u00fatbol\u00a0con\u00a0Julio\u00a0R\u00edos)<\/b><\/span><\/p>\n<p><span style=\"font-size: large;\"><b>Sarand\u00ed del Yi<\/b>:\u00a0<b>Mario Luis De Armas, Ruben Artigas Umpierrez, Juan Ram\u00f3n Fontes, Ruben Rodriguez Cabrera, Miguel Antonio Nell, Sergio Rojas; Mauro Goncalvez<\/b><\/span><\/p>\n<p><span style=\"font-size: large;\">Ciudad del Carmen:\u00a0<b>Prof Marcos Gonz\u00e1lez B\u00e1ez<\/b><\/span><\/p>\n<p><span style=\"font-size: large;\"><b>ANTONIO ALBERTO ADINOLFI TISCORDIO<\/b><\/span><\/p>\n<p><span style=\"font-size: large;\">Fue el Relator de las grandes consagraciones de las selecciones de Durazno en las d\u00e9cadas de los 50 y 60. Con su particular timbre de voz y cuasi verborr\u00e1gico dialecto \u201ctriple A\u201d traslad\u00f3 a los hogares duraznenses a trav\u00e9s de la vieja CW 25 las notables consagraciones en la \u201c\u00e9poca de oro\u201d cuando la Roja del Yi en 12 a\u00f1os (desde 1950 a 1962) gan\u00f3 la hasta ahora inigualable marca de 13 campeonatos en Mayores (8 del Sur y 5 del Interior).<\/span><\/p>\n<p><span style=\"font-size: large;\">Falleci\u00f3 el 14 de septiembre de 1998<\/span><\/p>\n<p><span style=\"font-size: large;\"><b>LUIS EDUARDO LIGUERA SOMMA<\/b><\/span><\/p>\n<p><span style=\"font-size: large;\">Comenz\u00f3 en 1974 en CW 96 Radio Yi y pas\u00f3 en 1978 a CW Radio Durazno, hasta 30 de junio de 2009, donde relat\u00f3 infinidad de consagraciones del f\u00fatbol local y de las selecciones rojas.<\/span><\/p>\n<p><span style=\"font-size: large;\">Relat\u00f3 todos los partidos de la Asociaci\u00f3n Atl\u00e9tica Durazno FC en la 2da Divisi\u00f3n Profesional; el Sudamericano Juvenil en Ciudad del Este, Paraguay, dos ediciones de la Copa San Isidro Curuguaty, algunos partidos en Radio Imparcial sustituyendo a Jes\u00fas Carlos Correa; un cl\u00e1sico del f\u00fatbol uruguayo en el estadio Centenario y junto al locutor comercial Fernando Rodr\u00edguez Bonaudi, para Emisora Flores FM una edici\u00f3n de la Copa de Clubes de OFI, adem\u00e1s de llevar adelante el programa Deportivo 25.<\/span><\/p>\n<p><span style=\"font-size: large;\">Ya en \u00e9pocas de su retiro, continu\u00f3 ligado a los medios en Canal 6 con programas deportivos e informes en informativos; en Canal 4 (hoy Canal 8), en radio 89.3 FM. En 2022 al 2024, comentando f\u00fatbol con relatos de Alfredo Gonz\u00e1lez Arr\u00faa; actualmente informes deportivos en el programa La Ma\u00f1ana de Canal 8<\/span><\/p>\n<p><span style=\"font-size: large;\">El 9 de abril de 2011 fue nombrada Luis Eduardo Liguera Somma, la Cabina 2 del Palco de la Prensa del estadio Landoni, en un partido oficial entre Durazno- Colonia.<\/span><\/p>\n<p><span style=\"font-size: large;\"><b>JES\u00daS CARLOS CORREA ARISMENDES<\/b><\/span><\/p>\n<p><span style=\"font-size: large;\">Incursion\u00f3 en el medio radial desde ni\u00f1o; comenz\u00f3 a relatar en Radio Durazno en 1970; fue periodista en la fundaci\u00f3n de Radio Yi en 1971, y el primer duraznense en relatar en Montevideo, cuando desde 1979 a 1981 estuvo en Radio Sarand\u00ed (formando dupla con el comentarista Dr. Ariel Delbono) medio al que accedi\u00f3 por concurso de relatores convocado tras la muerte de Carlos Sol\u00e9.<\/span><\/p>\n<p><span style=\"font-size: large;\">Entre 1982 y 1984 trabaj\u00f3 en Radio Imparcial y de 1985 a 1992 en CX 30 La Radio, con el comentario del Prof. Ricardo Pi\u00f1eyr\u00faa.<\/span><\/p>\n<p><span style=\"font-size: large;\">Destaca en su trayectoria su relato en 1979 en Radio Sarand\u00ed del partido Ecuador-Uruguay por eliminatorias (donde estuvo con el duraznense, por entonces un cr\u00e1ck del f\u00fatbol de aquel pa\u00eds, Oscar \u201eBayo\u201c Barreto).<\/span><\/p>\n<p><span style=\"font-size: large;\">En 102.7 FM Centro con \u201cF\u00fatbol en Calidad Est\u00e9reo\u201d; lider\u00f3 transmisiones de f\u00fatbol en Difusora Florida (1980) y en Difusora Americana de Flores, de 1983 a 1994.<\/span><\/p>\n<p><span style=\"font-size: large;\">En CW 25 Radio Durazno, ubicada en calle Dr. Emilio Penza 805, comenz\u00f3 hace 60 a\u00f1os, \u00e9poca de Raul H. Evangelisti, de 11.30 a 12.00 horas, haciendo dupla con Heber Carrizo (padre de Andr\u00e9s, m\u00fasico local), estando tambi\u00e9n el Lic. Manuel Demetrio Souza. M\u00e1s adelante, 1967, ya con Julio Stajano y Carmita Bonfrisco, ingres\u00f3 como informativista tras ganar un concurso.<\/span><\/p>\n<p><span style=\"font-size: large;\"><b>ALFREDO GONZ\u00c1LEZ ARR\u00daA<\/b><\/span><\/p>\n<p><span style=\"font-size: large;\">Maestro de educaci\u00f3n Primaria y Polic\u00eda de profesi\u00f3n, adem\u00e1s de haber sido un destacado atleta, Alfredo Gonz\u00e1lez Arr\u00faa, fue uno de los destacados relatores duraznenses, que, aunque ya retirado de la actividad constante, cada tanto retoma el micr\u00f3fono en su particular estilo de relator vers\u00e1til para el f\u00fatbol, el b\u00e1squetbol y los deportes ecuestres, su otra especialidad.<\/span><\/p>\n<p><span style=\"font-size: large;\"><b>JOS\u00c9 TEMPER\u00c1N LOZANO<\/b><\/span><\/p>\n<p><span style=\"font-size: large;\">Su pasi\u00f3n por el relato fue en los \u00e1rboles de la especie para\u00edso en la Plaza 1, que oficiaban de cabina y daban a una de las canchas; recordando en esos momentos de ni\u00f1ez y adolescencia al Mtro. Francisco Sosa y familia.<br \/>\n\u00abPepe\u00bb Temper\u00e1n, comenz\u00f3 a trabajar en el relato en Radio Durazno en juveniles en el a\u00f1o 2010 y desde 2014 comparti\u00f3 tareas en primera A, con Pablo Horoel Llanes L\u00f3pez.<br \/>\n2018 fue su primera incursi\u00f3n en Montevideo con el equipo de Radio Carve encabezado por Julio Rios y el extinto Dr. Jorge Da Silveira, entre otros, y el 21 de marzo de 2021 realiz\u00f3 su primer relato fijo. Desde 2024 integra el staff de Carve Deportiva AM 1010, a cargo de la misma empresa, actualmente junto a Mart\u00edn Charquero, Oscar Bello, Gabriel Regueira y en el programa \u00abMinuto 1\u00bb, con el duraznense Alfonso Irrazabal La Luz. Tambi\u00e9n, se desempe\u00f1a en las transmisiones y programas de la Organizaci\u00f3n de F\u00fatbol del Interior (OFI).<\/span><\/p>\n<p><span style=\"font-size: large;\"><b>LEONARDO MURA\u00d1A RODR\u00cdGUEZ<\/b><\/span><\/p>\n<p><span style=\"font-size: large;\">Comenz\u00f3 en 1999 en Radio Sarand\u00ed del Y\u00ed AM 1550, siendo su primera transmisi\u00f3n deportiva en el ciclismo junto a Juan Ram\u00f3n Fontes, hist\u00f3rico comunicador local. En el a\u00f1o 2000 pas\u00f3 a Canal 3 y all\u00ed relat\u00f3 f\u00fatbol por primera vez hasta 2005. En 2006 volvi\u00f3 a Radio Sarand\u00ed del Yi, ya como relator de f\u00fatbol, en innumerables ocasiones junto al recordado Miguel Antonio Nell y con Miguel Aramendi. En 2018 en AM 1430 Radio Durazno relat\u00f3 a Nacional de Sarand\u00ed del Yi, como \u00fanico representante departamental de la Copa de clubes de OFI.<br \/>\nEn 2021 recibi\u00f3 la invitaci\u00f3n de Pablo Horoel Llanes para relatar en Radio Durazno, medio en el que est\u00e1 hasta hoy, adem\u00e1s de participar en transmisiones de TV con Tenfield y Corresponsal de canales 4, 12 y VTV.<\/span><\/p>\n<p><span style=\"font-size: large;\"><b>BRIAN CORBO GONZ\u00c1LEZ<\/b><\/span><\/p>\n<p><span style=\"font-size: large;\">Naci\u00f3 en el seno de una familia a la que le gustaban las transmisiones de f\u00fatbol (su padre Onel y su t\u00edo, Dilmo, le contaban de los relatos de Carlos Sol\u00e9, Heber Pintos, V\u00edctor Hugo Morales, entre otros lo que lo llev\u00f3 en su \u00e9poca adolescente a interesarse en &#8211; m\u00e1s que mirar los partidos por TV- escuchar a relatores como Carlos Mu\u00f1oz, Alberto Kesman, Javier M\u00e1ximo Go\u00f1i, siendo sus referentes en Durazno, Luis Liguera y Alfredo Gonz\u00e1lez. Practicaba relatos en su casa, imaginando partidos, goles y jugadas y en el campito con amigos.<\/span><\/p>\n<p><span style=\"font-size: large;\">Estudi\u00f3 periodismo deportivo, teniendo como docente a Javier Maximo Go\u00f1i; en 2021 empez\u00f3 con los relatos, en la transmisi\u00f3n partidaria del Club A. Rentisats en Montevideo y en 2022 se incorpor\u00f3 a Radio Yi, hasta el presente.<\/span><\/p>\n<p><span style=\"font-size: large;\"><b>GONZALO RODR\u00cdGUEZ SANTURIO<\/b><\/span><\/p>\n<p><span style=\"font-size: large;\">Es de los Relatores m\u00e1s j\u00f3venes del departamento. Comenz\u00f3 en agosto del 2012, hasta mediados del 2015 en Radio Durazno. Fue convocado a la Selecci\u00f3n de Durazno en categor\u00eda Sub 15, retomando despu\u00e9s la pasi\u00f3n del relato en 2016 en la 94.3 FM y ese a\u00f1o transmiti\u00f3 -y realiz\u00f3 cobertura en campo de juego- para Radio Uruguay, las instancias finales de la Copa Nacional de Selecciones de OFI. En 2020 ingres\u00f3 a Radio Yi, estando hasta el momento, y adem\u00e1s desde mediados de ese a\u00f1o, alterna transmisiones de la Divisional B de la AUF con el equipo de Rumbo al Ascenso en Carve Deportiva AM 1010.<\/span><\/p>\n<p><span style=\"font-size: large;\"><b>DANIEL DE LA LLANAS DE VARGAS<\/b><\/span><\/p>\n<p><span style=\"font-size: large;\">Artiguense, comenz\u00f3 como vestuarista en Radio Cuareim de Artigas. Luego de algunos a\u00f1os como Director T\u00e9cnico en equipos y selecciones de Sarand\u00ed Grande (Florida), sin dejar totalmente la comunicaci\u00f3n estudiando periodismo general y realizando talleres de periodismo deportivo en Montevideo, retoma en una radio comunitaria de Sarand\u00ed Grande y se ha mantenido como Relator. Estuvo tres a\u00f1os en la emisora local; luego desde el 2008 a 2012 en Radio Cinco y Sur FM de Trinidad (Flores); en 2011 relat\u00f3 el Sudamericano Sub 15 disputado en Uruguay; del 2013 hasta comienzos de 2024 en Libertador FM y La Nueva Radio de Florida y desde comienzos de 2024 en AM 1430.<br \/>\nAdem\u00e1s lleva 30 a\u00f1os de relatos de Ra\u00edd, con 20 a\u00f1os en Radio Florida y luego en Radio Carve. En los a\u00f1os 1982 a 1985 vivi\u00f3 en Durazno, donde jug\u00f3 f\u00fatbol de sal\u00f3n en Centro de Protecci\u00f3n de Choferes, con Julio C\u00e9sar Deneo, Jos\u00e9 Luis Olivera, los hermanos Ra\u00fal y Enrique Ledesma, Am\u00edlcar Coiti\u00f1o, Miguel Tiscordio, entre otros.<\/span><\/p>\n<p><span style=\"font-size: large;\"><b>PABLO HOROEL LLANES L\u00d3PEZ<\/b><\/span><\/p>\n<p><span style=\"font-size: large;\">Transmiti\u00f3 f\u00fatbol desde 1989 en Radio Yi, incursion\u00f3 luego en dem\u00e1s radios de Durazno, Florida y Flores y en medios capitalinos realiz\u00f3 el relato de dos partidos en Radio Imparcial, un fin de semana Nacional 2 River Plate 1 y a en la fecha siguiente el partido Pe\u00f1arol 3 Hurac\u00e1n Buceo 1.<\/span><\/p>\n<p><span style=\"font-size: large;\">En radio Durazno fue donde m\u00e1s marc\u00f3 su huella y particular estilo, llevando a los hogares los relatos de los torneos locales y de OFI, adem\u00e1s de destacarse en los micros deportivos del programa Alternativa, conducido por Fredy Rusch y Leticia Fern\u00e1ndez.<\/span><\/p>\n<p><span style=\"font-size: large;\">Falleci\u00f3 el 2 de enero de 2023, a los 60 a\u00f1os de edad<\/span><\/p>\n","protected":false},"excerpt":{"rendered":"<p>En\u00a0P\u00e1gina Cero, recordamos y brindamos tributo a aquellos que nos hacen emocionar con el grito de Gol; que nos transportan a la imaginaci\u00f3n de una jugada y de una actuaci\u00f3n individual,\u00a0 a los\u00a0Relatores de f\u00fatbol\u00a0-a nivel local y de otras ciudades- que han trabajado en Durazno.<\/p>\n","protected":false},"author":4,"featured_media":6738,"comment_status":"closed","ping_status":"closed","sticky":false,"template":"","format":"standard","meta":{"footnotes":""},"categories":[5],"tags":[],"class_list":["post-6737","post","type-post","status-publish","format-standard","has-post-thumbnail","hentry","category-durazno"],"_links":{"self":[{"href":"https:\/\/paginacero.com.uy\/index.php?rest_route=\/wp\/v2\/posts\/6737","targetHints":{"allow":["GET"]}}],"collection":[{"href":"https:\/\/paginacero.com.uy\/index.php?rest_route=\/wp\/v2\/posts"}],"about":[{"href":"https:\/\/paginacero.com.uy\/index.php?rest_route=\/wp\/v2\/types\/post"}],"author":[{"embeddable":true,"href":"https:\/\/paginacero.com.uy\/index.php?rest_route=\/wp\/v2\/users\/4"}],"replies":[{"embeddable":true,"href":"https:\/\/paginacero.com.uy\/index.php?rest_route=%2Fwp%2Fv2%2Fcomments&post=6737"}],"version-history":[{"count":3,"href":"https:\/\/paginacero.com.uy\/index.php?rest_route=\/wp\/v2\/posts\/6737\/revisions"}],"predecessor-version":[{"id":6741,"href":"https:\/\/paginacero.com.uy\/index.php?rest_route=\/wp\/v2\/posts\/6737\/revisions\/6741"}],"wp:featuredmedia":[{"embeddable":true,"href":"https:\/\/paginacero.com.uy\/index.php?rest_route=\/wp\/v2\/media\/6738"}],"wp:attachment":[{"href":"https:\/\/paginacero.com.uy\/index.php?rest_route=%2Fwp%2Fv2%2Fmedia&parent=6737"}],"wp:term":[{"taxonomy":"category","embeddable":true,"href":"https:\/\/paginacero.com.uy\/index.php?rest_route=%2Fwp%2Fv2%2Fcategories&post=6737"},{"taxonomy":"post_tag","embeddable":true,"href":"https:\/\/paginacero.com.uy\/index.php?rest_route=%2Fwp%2Fv2%2Ftags&post=6737"}],"curies":[{"name":"wp","href":"https:\/\/api.w.org\/{rel}","templated":true}]}}