{"id":6731,"date":"2025-03-31T19:26:10","date_gmt":"2025-03-31T22:26:10","guid":{"rendered":"https:\/\/paginacero.com.uy\/?p=6731"},"modified":"2025-03-31T19:26:10","modified_gmt":"2025-03-31T22:26:10","slug":"maria-de-los-santos-dio-todo-por-los-demas-resalto-vidalin","status":"publish","type":"post","link":"https:\/\/paginacero.com.uy\/?p=6731","title":{"rendered":"Mar\u00eda de los Santos \u00abdio todo por los dem\u00e1s\u00bb, resalt\u00f3 Vidal\u00edn"},"content":{"rendered":"<p><strong><span style=\"font-size: large;\" data-olk-copy-source=\"MessageBody\">\u00ab<\/span><span style=\"color: #000000; font-size: large;\"><span style=\"font-family: Arial, sans-serif;\">A una mujer humilde econ\u00f3micamente, pero millonaria, rica de coraz\u00f3n, que dio todo por lo dem\u00e1s, le brindamos este homenaje. Gracias Mar\u00eda, gracias por legarnos lo que nos leg\u00f3. A sus hijos, felicitarlos por la madre que tuvieron, por los valores que tuvieron, que recibieron de ella y que mantienen hoy, en estos nuestros tiempos, para transmitir a las nuevas generaciones\u201c.\u00a0<\/span><\/span><\/strong><!--more--><\/p>\n<p><span style=\"color: #000000; font-size: large;\"><span style=\"font-family: Arial, sans-serif;\"><span data-olk-copy-source=\"MessageBody\">Las palabras, emotivas, con sentimiento arraigado desde su ni\u00f1ez, corresponden al\u00a0<b>Intendente de Durazno, Carmelo\u00a0<\/b><\/span><b>Vidal\u00edn, en la\u00a0<\/b>ceremonia de homenaje p\u00f3stumo tributado a la recordada se\u00f1ora,\u00a0<\/span><\/span><span style=\"color: #000000; font-size: large;\"><span style=\"font-family: Arial, sans-serif;\">\u00a0<\/span><\/span><span style=\"font-size: large;\"><b><span style=\"color: #000000;\"><span style=\"font-family: Arial, sans-serif;\">Mar\u00eda de los Santos,<\/span><\/span><\/b><span style=\"color: #000000;\"><span style=\"font-family: Arial, sans-serif;\"><b>\u00a0\u00abChina\u00bb<\/b>, mediante una placa colocada en la fachada del\u00a0<\/span><\/span><b><span style=\"color: #000000;\"><span style=\"font-family: Arial, sans-serif;\">CIB La Guayre\u00f1a,<\/span><\/span><\/b><span style=\"color: #000000;\"><span style=\"font-family: Arial, sans-serif;\">\u00a0palabras e interpretaciones musicales.<\/span><\/span><\/span><\/p>\n<p><span style=\"color: #000000; font-size: large;\"><span style=\"font-family: Arial, sans-serif;\">\u00abHoy no es un d\u00eda triste. En esta placita arranc\u00f3 trabajando mi madre,<\/span><\/span><span style=\"color: #000000; font-size: large;\"><span style=\"font-family: Arial, sans-serif;\">\u00a0fue su primer laburo, este se\u00f1or que est\u00e1 ac\u00e1 (por el Intendente Vidal\u00edn), hizo de padre, junto con mi madre, si no fuera por este se\u00f1or, nosotros no sabr\u00edamos por donde andar\u00edamos ahora y las cosas, como me dijo mi &#8216;vieja&#8217; antes de partir, &#8216;mijo&#8217; usted que es el m\u00e1s chico y anda en esas cosas que a usted le gusta, la prensa y eso, agradezcalo siempre, y estoy agradecido, no por m\u00ed, sino por toda mi familia, mis hermanos, los nietos, bisnietos\u00bb, manifest\u00f3 en breves palabras,\u00a0<\/span><\/span><span style=\"font-size: large;\"><b><span style=\"color: #000000;\"><span style=\"font-family: Arial, sans-serif;\">Marcelo D\u00edaz<\/span><\/span><\/b><span style=\"color: #000000;\"><span style=\"font-family: Arial, sans-serif;\">, uno de los hijos de<\/span><\/span><b><span style=\"color: #000000;\"><span style=\"font-family: Arial, sans-serif;\">\u00a0\u00abChina\u00bb.<\/span><\/span><\/b><\/span><\/p>\n<p><span style=\"font-size: large;\">\u00ab<\/span><span style=\"color: #000000; font-size: large;\"><span style=\"font-family: Arial, sans-serif;\">Este es un reconocimiento p\u00fablico a esta mujer maravillosa que hizo tantas cosas por nosotros y por Durazno\u201c, dijo el jefe comunal duraznense, que salud\u00f3 la presencia de familiares, vecinos, medios de comunicaci\u00f3n, p\u00fablico en general y autoridades.<\/span><\/span><\/p>\n<p><span style=\"color: #000000; font-size: large;\"><span style=\"font-family: Arial, sans-serif;\">\u00ab<\/span><span style=\"font-family: Arial, sans-serif;\">Saludar a su familia, a sus hijos hoy presentes, saludar, agradecer al\u00a0<b>D<\/b><b>iputado\u00a0<\/b><b>(Domingo) Rielli<\/b>, por su tarjeta; la presencia de la\u00a0<b>D<\/b><b>iputada<\/b>\u00a0<b>Ma<\/b><b>g<\/b><b>ela\u00a0<\/b><b>Rinaldi,<\/b>\u00a0la presencia de los se\u00f1ores ediles que hoy nos acompa\u00f1an y que fueron los que votaron nuestra propuesta para que este lugar se haga un homenaje en su nombre. Sin el voto de los se\u00f1ores ediles, esto no hubiera sido posible; saludando tambi\u00e9n a los medios de prensa, integrantes del grupo de Adultos Mayores Plamaguay, a los vecinos todos\u201c, coment\u00f3 al inicio de la oratoria.<\/span><\/span><\/p>\n<p><span style=\"color: #000000; font-size: large;\"><span style=\"font-family: Arial, sans-serif;\">Agreg\u00f3 que para la jornada de homenaje \u00abpodr\u00edamos haber tra\u00eddo una orquesta y meterle a la cumbia. Hoy van a estar los amores de\u00a0<b>Mar\u00eda<\/b>, que son los que la van a representar hoy en lo que es ella en su faz art\u00edstica, social, con la mano extendida\u00bb.<\/span><\/span><\/p>\n<p><span style=\"color: #000000; font-size: large;\"><span style=\"font-family: Arial, sans-serif;\"><b>El Intendente,<\/b>\u00a0dijo que conoc\u00eda desde hace mucho tiempo a\u00a0<b>Mar\u00eda de los Santos<\/b>\u00a0\u00abla conoc\u00ed siendo muy joven. La conoc\u00ed de ni\u00f1o, cuando visitaba el comercio de mi padre aqu\u00ed en P\u00e9rez Castellanos, en la \u00e9poca de las iglesias, en aquella \u00e9poca de confianza, donde vend\u00eda medio kilo de yerba, 200 gramos de az\u00facar y en aquellos papeles de astraza, que a veces ven\u00eda entreverado con aceite\u201c.<\/span><\/span><\/p>\n<p><span style=\"font-size: large;\">\u00ab<\/span><span style=\"color: #000000; font-size: large;\"><span style=\"font-family: Arial, sans-serif;\">En aquella \u00e9poca conoc\u00ed a\u00a0<b>Mar\u00eda\u00a0<\/b>y desde aquella \u00e9poca supe del sacrificio y del esfuerzo con el que cri\u00f3 a sus hijos. En aquella \u00e9poca todav\u00eda estaba con su esposo a quien tambi\u00e9n conoc\u00ed en su bicicleta. Pero despu\u00e9s le toc\u00f3 quedar sola y ser a la vez madre y padre ejemplar. Viv\u00eda pendiente de ellos, hasta el \u00faltimo d\u00eda de su vida viv\u00eda pendiente de su familia. Pero Mar\u00eda no se conform\u00f3 con eso. En este barrio cuando hablamos de\u00a0<b>Plamaguay,<\/b>\u00a0yo tendr\u00eda que evocar un mont\u00f3n de otras figuras importantes, hay una que veo por ah\u00ed todav\u00eda indestructible e intacta y otras que ya no est\u00e1n, que hicieron posible la transformaci\u00f3n y el cambio de este barrio. Porque capaz que estos &#8216;chiquilines&#8217; de amarillo (por los integrantes del\u00a0<b>grupo de adultos mayores Plamaguay<\/b>), tienen mucho m\u00e1s memoria que los j\u00f3venes, lo que ha sido la transformaci\u00f3n y el cambio del barrio, y\u00a0<b>Mar\u00eda\u00a0<\/b>fue de esos elementos que con perfil muy bajo ayud\u00f3 much\u00edsimo a la sociedad que todos nosotros integramos\u201c.<\/span><\/span><\/p>\n<p><span style=\"color: #000000; font-size: large;\"><span style=\"font-family: Arial, sans-serif;\">Record\u00f3 que anteriormente a la zona se le denominada<b>\u00a0\u00abbarrio El Chorizo\u00bb,<\/b>\u00a0y agreg\u00f3 que \u00abdespu\u00e9s sobre la base del trabajo de una monja solidaria, que tambi\u00e9n parti\u00f3 para el cielo, que fue la\u00a0<b>Hermana Guadalupe<\/b>\u00a0con quien trabajaron &#8216;codo a codo&#8217;; con el tiempo dejamos la costumbre de hablar del barrio &#8216;el chorizo&#8217;, y ese barrio &#8216;el chorizo&#8217;, que para los m\u00e1s &#8216;viejitos&#8217;, para uno de sus hijos; hoy es mayor, era el pasaje que se llamaba\u00a0<b>Camino de las Tropas<\/b>; cruzaban por ah\u00ed por el\u00a0<b>\u00abPaso del Durazno\u00bb,<\/b>\u00a0iban por el medio del barrio &#8216;el chorizo&#8217;, continuaban por lo que hoy es el barrio, que era tambi\u00e9n un camino de tierra que conduc\u00eda a la\u00a0<b>estaci\u00f3n (de Afe),<\/b>\u00a0donde los vagones de carga de ganado luego los llevaban a los frigor\u00edficos que no exist\u00edan ac\u00e1 y que estaban all\u00e1 por<b>\u00a0Montevideo<\/b>. Y\u00a0<b>Mar\u00eda\u00a0<\/b>se form\u00f3 y se cri\u00f3 en ese barrio, con muchos de los que hoy nos est\u00e1n acompa\u00f1ando. Me gustar\u00eda ver mucha m\u00e1s gente del barrio, de ese barrio, valorando y record\u00e1ndola\u00bb.<\/span><\/span><\/p>\n<p><span style=\"color: #000000; font-size: large;\"><span style=\"font-family: Arial, sans-serif;\">Dijo que la mujer que se record\u00f3 \u00abtrabaj\u00f3 much\u00edsimo en el\u00a0<b>Merendero,\u00a0<\/b>conjuntamente con otra serie de vecinas y vecinos del barrio\u00bb<\/span><\/span><\/p>\n<p><span style=\"color: #000000; font-size: large;\"><span style=\"font-family: Arial, sans-serif;\">\u00ab<\/span><span style=\"font-family: Arial, sans-serif;\">Mar\u00eda trabaj\u00f3 para que la \u201abombonera\u2018 (el estadio de f\u00fatbol infantil del\u00a0<b>Club Villa Guadalupe)<\/b>, fuera una realidad\u00bb.<\/span><\/span><\/p>\n<p><span style=\"color: #000000; font-size: large;\"><span style=\"font-family: Arial, sans-serif;\"><b>Vidal\u00edn<\/b>, remarc\u00f3 el protagonismo que le cupo a la homenajeada en dos temas trascendentes.<\/span><\/span><\/p>\n<p><span style=\"color: #000000; font-size: large;\"><span style=\"font-family: Arial, sans-serif;\">\u00abEn la tarea de concretar los<b>\u00a0t\u00edtulos de propiedad\u00a0<\/b>de las casas construidas bajo el\u00a0<b>sistema PIAI,<\/b>\u00a0\u00abpara que la familia se sienta segura de tener su propiedad.\u00a0<b>Mar\u00eda<\/b>\u00a0fue la que trabaj\u00f3 como capitana, y tambi\u00e9n en el\u00a0<b>saneamiento para la zona<\/b>, diciendo que ahora \u00abla mayor\u00eda de las viviendas tiene saneamiento, y qui\u00e9n fue responsable de eso?;\u00a0<b>Mar\u00eda<\/b>, que siempre andaba a la vuelta tratando de lograr las mejoras para el barrio\u00bb.<\/span><\/span><\/p>\n<div><span style=\"color: #000000; font-family: Arial, sans-serif; font-size: large;\">\u00ab<\/span><span style=\"color: #000000; font-size: large;\"><span style=\"font-family: Arial, sans-serif;\">Por eso es que hoy estamos en este lugar. Todos los que estamos en este lugar de una manera u otra. A una mujer humilde econ\u00f3micamente, pero millonaria, rica de coraz\u00f3n, que dio todo por lo dem\u00e1s. Le brindamos este homenaje. Gracias Mar\u00eda, gracias. Por legarnos lo que nos leg\u00f3. A sus hijos, felicitarlos por la madre que tuvieron, por los valores que tuvieron, que recibieron de ella y que mantienen hoy\u201c, en estos nuestros tiempos, para transmitir a las nuevas generaciones\u00bb.<\/span><\/span><\/div>\n<p><span style=\"font-size: large;\"><span style=\"font-family: Arial, sans-serif;\">&#8212;<\/span><\/span><span style=\"font-size: large;\"><b>Asi la desped\u00edamos en P\u00e1gina Cero<\/b><\/span><\/p>\n<p><span style=\"font-size: large;\"><b><span style=\"color: #000000;\"><span style=\"font-family: Arial, sans-serif;\">Mar\u00eda Delma de los Santos, naci\u00f3 el 19 de Mayo de 1939<\/span><\/span><\/b><\/span><b><\/b><\/p>\n<p><span style=\"font-size: large;\">El\u00a0<b>16 de septiembre de 2023\u00a0<\/b>escribimos estas l\u00edneas, que hoy compartimos nuevamente.<\/span><\/p>\n<p><span style=\"font-size: large;\">\u00abSolidaridad, lucha, empat\u00eda, dedicaci\u00f3n, cuantos adjetivos podr\u00edan atribuirse como para ejemplarizar a ese Ser de estatura peque\u00f1a, de coraz\u00f3n enorme y grandeza de esp\u00edritu, que fue en la vida terrenal y lo ser\u00e1 de manera perenne en el recuerdo,<b>\u00a0Mar\u00eda de los Santos o simplemente \u201cChina\u201d.<\/b><br \/>\nEmblem\u00e1tica luchadora y defensora de sus ra\u00edces y de su gente; de uno de los barrios m\u00e1s populosos de la ciudad:\u00a0<b>Villa Guadalupe.<\/b><br \/>\nCon\u00a0<b>Mar\u00eda,<\/b>\u00a0se fue una parte de la vida justa y ejemplar que todos anhelamos y que muchas veces no logramos alcanzar, porque su accionar fue toda la vida alejado del materialismo, del egocentrismo y de las d\u00e1divas que muchas veces quisieron alcanzar en su mano y que nunca jam\u00e1s acept\u00f3 si era para ella.<br \/>\nFue una mujer que pidi\u00f3, que no tuvo empacho en pararse frente a la autoridad, con tal de que su barrio fuera escuchado y vaya si lo logr\u00f3 en m\u00e1s de una ocasi\u00f3n.<br \/>\nCuando realizaba gestiones por alguna solicitud y la respuesta no era la esperada, lejos de enojarse o de despotricar, ten\u00eda siempre la misma postura; la de saber esperar y hacer entender que en el pedido, hab\u00eda una necesidad que justificaba su planteo.<br \/>\nEn el deporte, la ve\u00edamos siempre con su andar lento, de mirada atenta, servicial y rostro alegre, pese a las vicisitudes de la vida que como a toda persona, le habr\u00e1 pasado cuando la situaci\u00f3n socioecon\u00f3mica \u00a0apremia.<br \/>\nPero<b>\u00a0\u201cChina\u201d\u00a0<\/b>siempre estaba en cada cancha, acompa\u00f1ando a sus hijos y nietos, luciendo siempre, con indisimulado orgullo,\u00a0<b>la camiseta del barrio, la del Club Villa Guadalupe.<\/b><br \/>\nFue adem\u00e1s una de las mentoras y con sus manos, forjadora, junto a allegados del barrio como\u00a0<b>su propia familia; Jos\u00e9 Santana, Julio Toledo, los B\u00e1ez\u00a0<\/b>y otros, del sue\u00f1o del estadio de f\u00fatbol infantil propio, levantado desde la base de una cantera en el coraz\u00f3n del barrio<\/span><\/p>\n","protected":false},"excerpt":{"rendered":"<p>\u00abA una mujer humilde econ\u00f3micamente, pero millonaria, rica de coraz\u00f3n, que dio todo por lo dem\u00e1s, le brindamos este homenaje. Gracias Mar\u00eda, gracias por legarnos lo que nos leg\u00f3. A sus hijos, felicitarlos por la madre que tuvieron, por los valores que tuvieron, que recibieron de ella y que mantienen hoy, en estos nuestros tiempos, [&hellip;]<\/p>\n","protected":false},"author":4,"featured_media":6732,"comment_status":"closed","ping_status":"closed","sticky":false,"template":"","format":"standard","meta":{"footnotes":""},"categories":[5],"tags":[],"class_list":["post-6731","post","type-post","status-publish","format-standard","has-post-thumbnail","hentry","category-durazno"],"_links":{"self":[{"href":"https:\/\/paginacero.com.uy\/index.php?rest_route=\/wp\/v2\/posts\/6731","targetHints":{"allow":["GET"]}}],"collection":[{"href":"https:\/\/paginacero.com.uy\/index.php?rest_route=\/wp\/v2\/posts"}],"about":[{"href":"https:\/\/paginacero.com.uy\/index.php?rest_route=\/wp\/v2\/types\/post"}],"author":[{"embeddable":true,"href":"https:\/\/paginacero.com.uy\/index.php?rest_route=\/wp\/v2\/users\/4"}],"replies":[{"embeddable":true,"href":"https:\/\/paginacero.com.uy\/index.php?rest_route=%2Fwp%2Fv2%2Fcomments&post=6731"}],"version-history":[{"count":1,"href":"https:\/\/paginacero.com.uy\/index.php?rest_route=\/wp\/v2\/posts\/6731\/revisions"}],"predecessor-version":[{"id":6733,"href":"https:\/\/paginacero.com.uy\/index.php?rest_route=\/wp\/v2\/posts\/6731\/revisions\/6733"}],"wp:featuredmedia":[{"embeddable":true,"href":"https:\/\/paginacero.com.uy\/index.php?rest_route=\/wp\/v2\/media\/6732"}],"wp:attachment":[{"href":"https:\/\/paginacero.com.uy\/index.php?rest_route=%2Fwp%2Fv2%2Fmedia&parent=6731"}],"wp:term":[{"taxonomy":"category","embeddable":true,"href":"https:\/\/paginacero.com.uy\/index.php?rest_route=%2Fwp%2Fv2%2Fcategories&post=6731"},{"taxonomy":"post_tag","embeddable":true,"href":"https:\/\/paginacero.com.uy\/index.php?rest_route=%2Fwp%2Fv2%2Ftags&post=6731"}],"curies":[{"name":"wp","href":"https:\/\/api.w.org\/{rel}","templated":true}]}}