{"id":6728,"date":"2025-03-31T17:48:30","date_gmt":"2025-03-31T20:48:30","guid":{"rendered":"https:\/\/paginacero.com.uy\/?p=6728"},"modified":"2025-03-31T17:48:30","modified_gmt":"2025-03-31T20:48:30","slug":"dr-bessonart-impulsar-otros-cobusu-en-barrios-e-interior","status":"publish","type":"post","link":"https:\/\/paginacero.com.uy\/?p=6728","title":{"rendered":"Dr. Bessonart: impulsar \u00abotros Cobusu\u00bb en barrios e Interior"},"content":{"rendered":"<p><strong>El Dr. Pedro Javier Bessonart, l\u00edder de la Lista 2560, destaca la urgente necesidad de m\u00e1s centros de atenci\u00f3n m\u00e9dica en Durazno, especialmente en barrios como Las Higueras y La Lanera, donde la poblaci\u00f3n carece de servicios adecuados. En el marco de su campa\u00f1a hacia la Intendencia, Bessonart aboga por un gobierno m\u00e1s cercano a la gente, que priorice la salud y el bienestar social, y proponga soluciones integrales a los problemas que enfrenta la comunidad.<\/strong><!--more--><\/p>\n<p><span style=\"font-size: large;\" data-olk-copy-source=\"MessageBody\">\u00ab<\/span><span style=\"color: #000000;\"><span style=\"font-family: Arial, sans-serif;\"><span style=\"font-size: large;\">Precisamos\u00a0<\/span><span style=\"font-size: large;\">mucho<b>\u00a0&#8216;m\u00e1s Cobusu&#8217;\u00a0<\/b>en la ciudad y en el departamento, porque vamos a (barrio)\u00a0<b>L<\/b><b>as\u00a0<\/b><b>H<\/b><b>ig<\/b><b>u<\/b><b>eras\u00a0<\/b>y no hay atenci\u00f3n m\u00e9dica, o tengamos en cuenta que la \u00fanica\u00a0<b>Policl\u00ednica\u00a0<\/b>que hay es la del\u00a0<b>barrio Dur\u00e1n,<\/b>\u00a0que trabaja muy bien y est\u00e1 muy organizada, pero no da a basto con toda la poblaci\u00f3n y la expansi\u00f3n que ha tenido<b>\u00a0Dur\u00e1n hacia\u00a0<\/b><b>Las H<\/b><b>igueras,<\/b>\u00a0hacia el\u00a0<b>barrio Uni\u00f3n<\/b>, no solamente el\u00a0<b>Dur\u00e1n, Duraznito, Santa Marta<\/b>, todos esos barrios que indudablemente requieren esta atenci\u00f3n. Vamos hacia\u00a0<b>La Lanera<\/b>\u00a0y la \u00fanica\u00a0<b>Policl\u00ednica<\/b>\u00a0que tienen m\u00e1s cerca es la de\u00a0<b>Cobusu,<\/b>\u00a0que indudablemente est\u00e1 muy lejos para brindar servicio a toda esa poblaci\u00f3n. En cada barrio tiene que haber un centro barrial, un gimnasio, una Policl\u00ednica, m\u00e1s servicios, horarios\u00a0<\/span><span style=\"font-size: large;\">y atenci\u00f3n\u201c, dijo a\u00a0<b>P\u00e1gina Cero<\/b>\u00a0el\u00a0<b>Dr.\u00a0<\/b><\/span><\/span><\/span><span style=\"font-size: large;\"><b>Pedro Javier Bessonart Iruleguy<\/b>,\u00a0<span style=\"color: #000000;\"><span style=\"font-family: Arial, sans-serif;\">l\u00edder\u00a0<\/span><span style=\"font-family: Arial, sans-serif;\">de la<b>\u00a0Lista 2560,<\/b>\u00a0que impulsa la candidatura a la<b>\u00a0Intendencia de Durazno,<\/b>\u00a0del actual\u00a0<b>Diputado Jos\u00e9 Domingo Rielli San Mart\u00edn.<\/b><\/span><\/span><\/span><\/p>\n<p><span style=\"color: #000000;\"><span style=\"font-family: Arial, sans-serif;\"><span style=\"font-size: large;\">Sostuvo que\u00a0 \u00aben estos\u00a0<b>40 d\u00edas\u00a0<\/b>que restan para la elecci\u00f3n, es momento de no solamente recorrer, andar, conectarse con los vecinos, sino que esto ya lo venimos haciendo desde el mes de enero, recorriendo los distintos barrios de\u00a0<b>Durazno<\/b>\u00ab, \u00abcomo m\u00e9dico en la consulta siempre escucha los problemas de la gente, hace diagn\u00f3sticos de lo que son la situaciones de nuestra poblaci\u00f3n aqu\u00ed en Durazno, y hoy forma parte de ser, yo puedo ser parte de ese problema; puedo ser parte de la soluci\u00f3n y puedo ser parte del tratamiento. Ac\u00e1 no es solamente hacer una receta y decir es de tal manera que se va a solucionar la sociedad de Durazno, sino que ser parte de ese problema y ser parte de la soluci\u00f3n es el paso que quisimos dar en la pol\u00edtica\u00bb.<\/span><\/span><\/span><\/p>\n<p><span style=\"color: #000000;\"><span style=\"font-family: Arial, sans-serif;\"><span style=\"font-size: large;\">Explic\u00f3 que eso lo ha podido percibir desde su labor de m\u00e9dico \u00abescuchando, diagnosticando, viendo, visitando, recorriendo los<b>\u00a0distintos barrios y el interior profundo<\/b>\u00a0de nuestro departamento\u00bb, \u00abvemos que hay situaciones que verdaderamente preocupan a la gente y que llegan obviamente con una alt\u00edsima sensibilidad a que podamos estar m\u00e1s cerca de la gente. Nosotros queremos un gobierno departamental que est\u00e9 cerca de la gente, que podamos darle un trato mucho m\u00e1s humano, en cierta forma esa humanizaci\u00f3n de lo que es la<b>\u00a0Intendencia de Durazno.<\/b>\u00a0Es decir, hay necesidades que tienen que ser atendidas, ha habido grandes obras, nadie las va a discutir. Durazno ha cambiado mucho en infraestructura, pero es momento de estar m\u00e1s cerca de ellos y darles soluciones. Y en eso muchas veces, en temas como salud mental, drogadicci\u00f3n, violencia, lo ve\u00edamos ya desde la\u00a0<b>Direcci\u00f3n Departamental de Salud,<\/b>\u00a0en la cual estuve ejerciendo en estos dos \u00faltimos a\u00f1os, de que son temas que cortan transversalmente a toda la sociedad. Y esa violencia que tanto reclamamos y esa seguridad que todos los vecinos en cada barrio y en cada localidad dicen, por favor, m\u00e1s seguridad; va de la mano con un desmembramiento que ha habido a nivel social, donde las familias no pueden de pronto estar cerca de sus hijos, no pueden tener el abordaje y la atenci\u00f3n que ellos necesitan, y es ah\u00ed donde el gobierno departamental tiene que estar cerca\u00bb.<\/span><\/span><\/span><\/p>\n<p><span style=\"color: #000000;\"><span style=\"font-family: Arial, sans-serif;\"><span style=\"font-size: large;\">Sobre ese punto agreg\u00f3 \u00abun gobierno que est\u00e9 cerca de la gente es facilitando, a trav\u00e9s de toda la infraestructura de los\u00a0<b>CI<\/b><b>B (Centros de Integraci\u00f3n Barrial),<\/b>\u00a0lo que es el\u00a0<b>C<\/b><b>omplejo\u00a0<\/b><b>(Deportivo)<\/b><b>,<\/b>\u00a0los deportes, la cultura, donde\u00a0<b>Domingo Riel<\/b><b>l<\/b><b>i<\/b>\u00a0ha dejado muy claro que va a ser una apuesta muy alta a lo social, donde all\u00ed es importante tomar en cuenta un nuevo Departamento de Cultura, un nuevo Departamento de Deportes, donde el factor social sea preponderante y est\u00e9 cerca de los problemas de la gente\u00bb.<\/span><\/span><\/span><\/p>\n<p><span style=\"color: #000000;\"><span style=\"font-family: Arial, sans-serif;\"><span style=\"font-size: large;\">\u00ab<\/span><\/span><span style=\"font-family: Arial, sans-serif;\"><span style=\"font-size: large;\">Solo so\u00f1amos con\u00a0<b>C<\/b><b>entros de\u00a0<\/b><b>I<\/b><b>ntegraci\u00f3n\u00a0<\/b><b>B<\/b><b>arrial\u00a0<\/b>que est\u00e9n mucho m\u00e1s integrados, con policl\u00ednicas que est\u00e9n dentro de los centros de integraci\u00f3n barrial, y un ejemplo es\u00a0<b>Cobusu<\/b>, que funciona como un \u00e1rea municipal, en una planta f\u00edsica, donde tiene el\u00a0<b>C<\/b><b>omedor,<\/b>\u00a0donde tiene un\u00a0<b>C<\/b><b>aif (Centro de Atenci\u00f3n a la Infancia y a la Familia)<\/b>, tiene una biblioteca, tiene una Policl\u00ednica; precisamos mucho &#8216;<b>m\u00e1s Cobusu&#8217;<\/b>\u00a0en la ciudad y en el departamento, porque vamos a\u00a0<b>L<\/b><b>as\u00a0<\/b><b>H<\/b><b>iguieras<\/b>\u00a0y no hay atenci\u00f3n m\u00e9dica, o tengamos en cuenta que la \u00fanica\u00a0<b>Policl\u00ednica\u00a0<\/b>que hay es la del\u00a0<b>barrio Dur\u00e1n,<\/b>\u00a0que trabaja muy bien y est\u00e1 muy organizada, pero no da a basto con toda la poblaci\u00f3n y la expansi\u00f3n que ha tenido\u00a0<b>Dur\u00e1n<\/b>\u00a0hacia\u00a0<b>Las H<\/b><b>igueras,<\/b>\u00a0hacia el barrio\u00a0<b>Uni\u00f3n,<\/b>\u00a0no solamente el\u00a0<b>Dur\u00e1n, Duraznito, Santa Marta,<\/b>\u00a0todos esos barrios que indudablemente requieren esta atenci\u00f3n. Vamos hacia\u00a0<b>La Lanera<\/b>\u00a0y la \u00fanica Policl\u00ednica que tienen m\u00e1s cerca es la de\u00a0<b>Cobusu<\/b>, que indudablemente est\u00e1 muy lejos para brindar servicio a toda esa poblaci\u00f3n, donde tiene que haber un centro barrial, tiene que haber un gimnasio, tiene que haber una\u00a0<b>P<\/b><b>olicl\u00ednica.<\/b>\u00a0Hoy por hoy la Policl\u00ednica funciona en visitas rurales, como se le llama as\u00ed desde la\u00a0<b>RAP\u00a0<\/b><b>(Red de Atenci\u00f3n Primaria)<\/b>, y es solamente en una<b>\u00a0Iglesia<\/b>. Entonces, facilitarle esto a los vecinos, brindarle mayor atenci\u00f3n, mayor cercan\u00eda de servicios es fundamental\u201c.<\/span><\/span><\/span><\/p>\n<p><span style=\"color: #000000;\"><span style=\"font-family: Arial, sans-serif;\"><span style=\"font-size: large;\"><b>Otras metas de la Lista 2560<\/b><\/span><\/span><\/span><\/p>\n<p><span style=\"color: #000000;\"><span style=\"font-family: Arial, sans-serif;\"><span style=\"font-size: large;\">Dijo que en la zona de<b>\u00a0Barrios Unidos en Marcha (Buem<\/b>) \u00abhoy la Policl\u00ednica est\u00e1 funcionando dentro del centro barrial, porque est\u00e1 en obra todo lo que era el \u00e1rea de Policl\u00ednica de ese barrio, con esa expansi\u00f3n tan grande que ha tenido tambi\u00e9n, no solamente en el<b>\u00a0Buem\u00a0<\/b>y el \u00e1rea del\u00a0<b>H<\/b><b>ip\u00f3dromo\u00a0<\/b><b>(Independencia)<\/b>, que no tiene servicios sociales cerca, sino que tambi\u00e9n en esa zona pensamos hacer, el<b>\u00a0Hip\u00f3dromo<\/b>\u00a0es un gran \u00e1rea como para poder desarrollar todas estas cosas. Es una infraestructura que est\u00e1 totalmente sin utilizar, donde hay que potenciar much\u00edsimo, pero no solamente para la parte h\u00edpica, que obviamente genera much\u00edsimo trabajo a todos los vecinos de ese barrio, pero tambi\u00e9n en servicios, como durante la\u00a0<b>pandemia<\/b>\u00a0tuvimos ah\u00ed en el\u00a0<b>Hip\u00f3dromo<\/b>, que se iban a vacunar; ten\u00edamos un \u00e1rea que\u00a0<b>Camedur y\u00a0<\/b><b>Asse<\/b>\u00a0lo utilizaban tambi\u00e9n para la<b>\u00a0vacunaci\u00f3n, el aislamiento<\/b>, el poder detectar, hacer\u00a0<b>hisopado<\/b>. Una\u00a0<b>P<\/b><b>olicl\u00ednica\u00a0<\/b>en ese sector tambi\u00e9n ser\u00eda muy bueno, junto a un\u00a0<b>C<\/b><b>omedor.<\/b>\u00a0Hablamos que en Dur\u00e1n no tenemos solamente el comedor de Cousu, que est\u00e1 en esta zona de la ciudad, pero al\u00a0<b>E<\/b><b>ste de Ruta 5<\/b>\u00a0no tenemos ninguno; es muy importante, es muy dif\u00edcil para la gente que viene desde all\u00e1 poder llegar a Cobusu y llevar su viandita hasta all\u00e1\u00bb.<\/span><\/span><\/span><\/p>\n<p><span style=\"color: #000000;\"><span style=\"font-family: Arial, sans-serif;\"><span style=\"font-size: large;\"><b>\u00bfC\u00f3mo concretar\u00e1n las ideas desde lo presupuestal?<\/b><\/span><\/span><\/span><\/p>\n<p><span style=\"color: #000000;\"><span style=\"font-family: Arial, sans-serif;\"><span style=\"font-size: large;\">Sostuvo que adem\u00e1s de lo\u00a0<b>presupuestal a nivel departamental<\/b>, habr\u00e1 que\u00a0<b>coordinar con el gobierno nacional<\/b>, dado que \u00abtenemos que mancomunar el esfuerzo que hemos hecho desde el gobierno departamental con el gobierno nacional, en algo que aqu\u00ed en Durazno dimos un ejemplo muy claro durante la transici\u00f3n de la\u00a0<b>D<\/b><b>irecci\u00f3n\u00a0<\/b><b>D<\/b><b>epartamental\u00a0<\/b><b>(de Salud),<\/b>\u00a0junto al\u00a0<b>doctor\u00a0<\/b><b>(Carlos)\u00a0<\/b><b>Sou<\/b><b>z<\/b><b>a<\/b>, demostrando de que se pueden hacer las cosas bien y generar esa transici\u00f3n sana, verdad?. Ac\u00e1 el inter\u00e9s est\u00e1 en la gente y no solamente en los colores, entonces es muy importante de que tener un\u00a0<b>C<\/b><b>entro\u00a0<\/b><b>M<\/b><b>\u00e9dico\u00a0<\/b><b>M<\/b><b>unicipal<\/b>\u00a0mucho m\u00e1s potenciado de lo que est\u00e1 hoy, generando a trav\u00e9s de\u00a0<b>P<\/b><b>romoci\u00f3n\u00a0<\/b><b>S<\/b><b>ocial\u00a0<\/b>en un nuevo programa, que ah\u00ed ya no ser\u00eda solamente\u00a0<b>Promoci\u00f3n Social,<\/b>\u00a0estamos hablando de un\u00a0<b>D<\/b><b>epartamento de\u00a0<\/b><b>D<\/b><b>esarrollo\u00a0<\/b><b>S<\/b><b>ocial,<\/b>\u00a0donde la oficina de Desarrollo y Promoci\u00f3n Social estar\u00edan juntos\u00bb.<\/span><\/span><\/span><\/p>\n<p><span style=\"color: #000000; font-family: Arial, sans-serif; font-size: large;\">\u00ab<\/span><span style=\"color: #000000;\"><span style=\"font-family: Arial, sans-serif;\"><span style=\"font-size: large;\">Podemos obviamente optimizar todo esto para poder decir, bueno, en las plantas f\u00edsicas que ya tenemos vamos a generar estos recursos, porque la parte edilicia ya la tenemos, ac\u00e1 lo que precisamos son recursos humanos y tenemos una\u00a0<b>Escuela de Enfermer\u00eda<\/b>\u00a0con much\u00edsimos gurises que se han recibido de enfermeros, de registradores m\u00e9dicos y dem\u00e1s, y no tienen trabajo; bueno, ac\u00e1 tienen la posibilidad de tener una organizaci\u00f3n laboral r\u00e1pida y son j\u00f3venes que piden cancha para poder entrar\u00bb.<\/span><\/span><\/span><\/p>\n<p><span style=\"color: #000000;\"><span style=\"font-family: Arial, sans-serif;\"><span style=\"font-size: large;\">Hizo referencia luego al\u00a0<b>presupuesto quinquenal<\/b>\u00a0y al\u00a0<b>super\u00e1vit en la IDD,<\/b>\u00a0se\u00f1alando que \u00abcomo siempre nos dicen los vecinos, no nos sirve de nada el super\u00e1vit, no quiero super\u00e1vit, yo quiero que me tapen el pozo que tengo en la puerta de mi casa, quiero que haya m\u00e1s servicios cerca de mi casa, o en el barrio. La poda ha sido insuficiente, la limpieza no da a basto, o sea, no me hablen de super\u00e1vit cuando yo lo que quiero que los n\u00fameros den en \u00bfcero\u00bf; no den en menos tampoco en rojo, sino que los n\u00fameros tienen que quedar justos\u00bb.<\/span><\/span><\/span><\/p>\n<p><span style=\"color: #000000; font-family: Arial, sans-serif; font-size: large;\">\u00ab<\/span><span style=\"color: #000000;\"><span style=\"font-family: Arial, sans-serif;\"><span style=\"font-size: large;\">El tema es cumplir, no estamos tan lejos de eso, yo creo que es un tema de voluntad, de terminar con las &#8216;chacritas&#8217;, de poder pensar entre todos un<b>\u00a0Durazno\u00a0<\/b>que se puede realizar de una mejor manera, de una manera m\u00e1s cercana a la gente, creo que ac\u00e1 esto es lo que m\u00e1s hay que destacar, el compromiso de los propios contribuyentes, viendo que sus servicios est\u00e1n en su barrio y tambi\u00e9n de parte del gobierno, de poder administrar correctamente esto para decir, bueno, podemos generar este espacio de\u00a0<b>bienestar, de seguridad, de no violencia, de no drogas<\/b>, donde much\u00edsimos gurises est\u00e1n en la calle porque no tienen otra opci\u00f3n, porque no tienen otras cosas para hacer, porque el barrio no les ofrece otro entretenimiento, otra distracci\u00f3n, o ni siquiera un\u00a0<b>taller de carpinter\u00eda<\/b>\u00a0o de\u00a0<b>electricidad\u00a0<\/b>o de\u00a0<b>sanitaria<\/b>\u00a0para poder decir puedo salir a la calle a defenderme\u00bb.<\/span><\/span><\/span><\/p>\n<p><span style=\"color: #000000; font-family: Arial, sans-serif; font-size: large;\">\u00ab<\/span><span style=\"color: #000000;\"><span style=\"font-family: Arial, sans-serif;\"><span style=\"font-size: large;\">Es muy importante potenciar esto para que la propia gente se empodere obviamente de su barrio, con esos referentes barriales que siempre hay, \u201adon Jos\u00e9, do\u00f1a Mar\u00eda\u2018, que son los que conocen el barrio, que saben los problemas que dan; esta<b>\u00a0Lista 2560\u00a0<\/b>se identifica mucho con las personas mayores, mucha experiencia de vida, mucha gente que ha vivido toda la vida en ese barrio, que saben la evoluci\u00f3n de ese barrio desde que no hab\u00eda\u00a0<b>saneamiento<\/b>\u00a0y no hab\u00eda\u00a0<b>cord\u00f3n cuneta<\/b>\u00a0y no hab\u00eda ning\u00fan servicio y se ha ido ganando poco a poco, y bueno, esa batalla que ellos han librado durante much\u00edsimos a\u00f1os, estos adultos mayores que son referentes en cada una de sus localidades y cada uno de sus barrios, son los que dan su experiencia de vida para poder cambiar esta realidad que hoy estamos viviendo\u00bb.<\/span><\/span><\/span><\/p>\n<p><span style=\"color: #000000;\"><span style=\"font-family: Arial, sans-serif;\"><span style=\"font-size: large;\"><b>Impulsar el Proyecto \u00abAbuelo Amigo\u201c<\/b><\/span><\/span><\/span><\/p>\n<p><span style=\"color: #000000;\"><span style=\"font-family: Arial, sans-serif;\"><span style=\"font-size: large;\">El sector, del\u00a0<b>m\u00e9dico Javier Bessonart<\/b>, tiene como elemento distintivo de su campa\u00f1a la frase<b>\u00a0\u00abLa Voz del Adulto Mayor\u00bb.<\/b><\/span><\/span><\/span><\/p>\n<p><span style=\"color: #000000;\"><span style=\"font-family: Arial, sans-serif;\"><span style=\"font-size: large;\">Dijo que la tem\u00e1tica de las personas adultas y adultos mayores est\u00e1n en el programa de\u00a0<b>Domingo Rielli.<\/b><\/span><\/span><\/span><\/p>\n<p><span style=\"color: #000000;\"><span style=\"font-family: Arial, sans-serif;\"><span style=\"font-size: large;\">\u00ab<\/span><span style=\"font-size: large;\">Por supuesto porque forma parte de nuestro programa, imag\u00ednate tener los\u00a0<b>CIB\u00a0<\/b>abiertos todo el d\u00eda, que est\u00e1n hasta las ocho de la noche, que los gurises pueden ir a merendar y hacer los deberes y hay maestros jubilados como ya muchos se han acercado y me han dicho yo estoy dispuesto a dar una mano a estar con los gurises para que no est\u00e9n afuera de la Escuela con el celular o la tablet tratando de agarrar conexi\u00f3n\u201c, y se refiri\u00f3 al proyecto denominado\u00a0<b>Abuelo Amigo\u00bb<\/b>. \u00abpara g<\/span><\/span><span style=\"font-family: Arial, sans-serif;\"><span style=\"font-size: large;\">enerar que haya personas que pueda estar con ellos (por los m\u00e1s chicos); estos &#8216;abuelos amigos&#8217;, como en un momento hicimos un proyecto aqu\u00ed en Durazno, es que personas mayores que tomaban a determinados ni\u00f1os que por ah\u00ed ten\u00edan muchas carencias familiares, sociales, de amor, de cercan\u00eda, para orientarlos a ayudarlos no solamente en el deber o en una taza de leche caliente con un pan con dulce en un Merendero, sino tratar tambi\u00e9n de contenerlos emocionalmente y guiarlos un poco en la vida en base a su experiencia de vida, y en esto es muy importante porque hemos tenido y tenemos muchos adultos mayores jubilados, de la construcci\u00f3n, de carpinter\u00eda, de distintos oficios, porque hay que terminar un poco con eso del profesionalismo, a ver si &#8216;mi hijo el doctor&#8217;, si no es doctor no se puede\u2026, se necesitan obviamente much\u00edsimas personas que trabajen en distintos oficios y esos oficios de pronto se van perdiendo\u00bb, concluy\u00f3\u00a0<b>Bessonart<\/b>.<\/span><\/span><\/span><\/p>\n","protected":false},"excerpt":{"rendered":"<p>El Dr. Pedro Javier Bessonart, l\u00edder de la Lista 2560, destaca la urgente necesidad de m\u00e1s centros de atenci\u00f3n m\u00e9dica en Durazno, especialmente en barrios como Las Higueras y La Lanera, donde la poblaci\u00f3n carece de servicios adecuados. En el marco de su campa\u00f1a hacia la Intendencia, Bessonart aboga por un gobierno m\u00e1s cercano a [&hellip;]<\/p>\n","protected":false},"author":4,"featured_media":6729,"comment_status":"closed","ping_status":"closed","sticky":false,"template":"","format":"standard","meta":{"footnotes":""},"categories":[5],"tags":[],"class_list":["post-6728","post","type-post","status-publish","format-standard","has-post-thumbnail","hentry","category-durazno"],"_links":{"self":[{"href":"https:\/\/paginacero.com.uy\/index.php?rest_route=\/wp\/v2\/posts\/6728","targetHints":{"allow":["GET"]}}],"collection":[{"href":"https:\/\/paginacero.com.uy\/index.php?rest_route=\/wp\/v2\/posts"}],"about":[{"href":"https:\/\/paginacero.com.uy\/index.php?rest_route=\/wp\/v2\/types\/post"}],"author":[{"embeddable":true,"href":"https:\/\/paginacero.com.uy\/index.php?rest_route=\/wp\/v2\/users\/4"}],"replies":[{"embeddable":true,"href":"https:\/\/paginacero.com.uy\/index.php?rest_route=%2Fwp%2Fv2%2Fcomments&post=6728"}],"version-history":[{"count":1,"href":"https:\/\/paginacero.com.uy\/index.php?rest_route=\/wp\/v2\/posts\/6728\/revisions"}],"predecessor-version":[{"id":6730,"href":"https:\/\/paginacero.com.uy\/index.php?rest_route=\/wp\/v2\/posts\/6728\/revisions\/6730"}],"wp:featuredmedia":[{"embeddable":true,"href":"https:\/\/paginacero.com.uy\/index.php?rest_route=\/wp\/v2\/media\/6729"}],"wp:attachment":[{"href":"https:\/\/paginacero.com.uy\/index.php?rest_route=%2Fwp%2Fv2%2Fmedia&parent=6728"}],"wp:term":[{"taxonomy":"category","embeddable":true,"href":"https:\/\/paginacero.com.uy\/index.php?rest_route=%2Fwp%2Fv2%2Fcategories&post=6728"},{"taxonomy":"post_tag","embeddable":true,"href":"https:\/\/paginacero.com.uy\/index.php?rest_route=%2Fwp%2Fv2%2Ftags&post=6728"}],"curies":[{"name":"wp","href":"https:\/\/api.w.org\/{rel}","templated":true}]}}