{"id":6725,"date":"2025-03-31T16:25:14","date_gmt":"2025-03-31T19:25:14","guid":{"rendered":"https:\/\/paginacero.com.uy\/?p=6725"},"modified":"2025-03-31T16:25:14","modified_gmt":"2025-03-31T19:25:14","slug":"david-cal-culmino-labor-jerarquica-en-utu","status":"publish","type":"post","link":"https:\/\/paginacero.com.uy\/?p=6725","title":{"rendered":"David Cal culmin\u00f3 labor jer\u00e1rquica en UTU"},"content":{"rendered":"<p>El\u00a0<b>Prof. Mag. David Cal,<\/b>\u00a0finaliz\u00f3 recientemente la labor al mando de la\u00a0<b>Direcci\u00f3n del Campus Regional Centro de UTU,<\/b>\u00a0que abarca los departamentos de\u00a0<b>Durazno, Flores, Florida.<\/b><!--more--><\/p>\n<p><span style=\"color: #000000;\"><span style=\"font-family: Arial, sans-serif;\"><span style=\"font-size: large;\" data-olk-copy-source=\"MessageBody\">El docente desarroll\u00f3 la gesti\u00f3n durante tres a\u00f1os y al finalizarla hizo agradecimientos y una evaluaci\u00f3n de lo actuado y los logros concretados.<\/span><\/span><\/span><\/p>\n<p><span style=\"color: #000000;\"><span style=\"font-family: Arial, sans-serif;\"><span style=\"font-size: large;\">\u00abPor este medio paso a comunicar que, dejo de ser el\u00a0<b>Director del Campus Regional Centro de U<\/b><b>tu<\/b>. Agradecer a quienes me apoyaron y confiaron en m\u00ed. Espero haber estado a la altura del desaf\u00edo. Ahora me toca seguir defendiendo la educaci\u00f3n desde otro lugar. Lo importante es que la institucionalidad de Utu contin\u00fae. Mucha suerte a las nuevas autoridades que asumen\u00bb, manifest\u00f3, quien ahora\u00a0<\/span><\/span><\/span>\u00a0<span style=\"color: #000000;\"><span style=\"font-family: Arial, sans-serif;\"><span style=\"font-size: large;\">retoma su labor en la\u00a0<b>Educaci\u00f3n Media, en Utu, Secundaria y Formaci\u00f3n Docente<\/b><\/span><\/span><\/span><b><span style=\"color: #000000;\"><span style=\"font-family: Arial, sans-serif;\"><span style=\"font-size: large;\">.<\/span><\/span><\/span><\/b><\/p>\n<p><span style=\"color: #000000;\"><span style=\"font-family: Arial, sans-serif;\"><span style=\"font-size: large;\"><b>Obras y gestiones en tres departamentos<\/b><\/span><\/span><\/span><\/p>\n<p><span style=\"color: #000000;\"><span style=\"font-family: Arial, sans-serif;\"><span style=\"font-size: large;\">Durante su gesti\u00f3n se concret\u00f3 la inauguraci\u00f3n de la\u00a0<b>Escuela Agraria de Carlos Reyles<\/b>; se celebr\u00f3 el convenio y la apertura del\u00a0<b>Centro\u00a0<\/b><b>E<\/b><b>specializado Utu- Panitea<\/b>, suscrito con la comisi\u00f3n de Padres y Amigos de Ni\u00f1os con Trastorno del Espectro Autista; la concreci\u00f3n del nuevo edificio para la\u00a0<b>Escuela T\u00e9cnica N\u00b0 2 Sand\u00fa<\/b>; impulso y desarrollo de carreras Terciarias, entre\u00a0<b>U<\/b><b>tu<\/b><b>\u00a0y Udelar\u00a0<\/b><b>(Universidad de la Rep\u00fablica)<\/b><b>\u00a0<\/b>en el\u00a0<b>Polo Educativo Tecnol\u00f3gico de Durazno<\/b>\u00a0(Tecn\u00f3logo C\u00e1rnico); celebraci\u00f3n de Convenio Marco y pasant\u00edas con la\u00a0<b>Junta departamental de Durazno.<\/b><\/span><\/span><\/span><\/p>\n<p><span style=\"color: #000000;\"><span style=\"font-family: Arial, sans-serif;\"><span style=\"font-size: large;\"><b>Cal,<\/b>\u00a0inform\u00f3 que tambi\u00e9n se llevaron a cabo convenios con empresas e instituciones en la regi\u00f3n centro del pa\u00eds (<b>Estancias de Lago, Minerva (Bpu), Sociedad Rural de Durazno (SRD), Molinos Florida, Quanam<\/b><b>),<\/b>\u00a0entre otras, inform\u00f3.<\/span><\/span><\/span><\/p>\n<p><span style=\"color: #000000;\"><span style=\"font-family: Arial, sans-serif;\"><span style=\"font-size: large;\">En departamentos vecinos, destaca la concreci\u00f3n de la\u00a0<b>Escuela T\u00e9cnica N\u00b0 2\u00a0<\/b>en Florida; proyecto eje ruta 7 (47 kil\u00f3metros) de cobertura de\u00a0Utu\u00a0(<b>Cerro Colorado, Reboledo, Casupa y Fray Marcos)<\/b>; realizaci\u00f3n de convenio Marco y pasant\u00edas con las\u00a0<b>Intendencia<\/b><b>s<\/b><b>\u00a0de Flores y Florida;<\/b>\u00a0capacitaciones y cursos de UTU para funcionarios municipales de la\u00a0<b>Intendencia de Flores<\/b>.<\/span><\/span><\/span><\/p>\n","protected":false},"excerpt":{"rendered":"<p>El\u00a0Prof. Mag. David Cal,\u00a0finaliz\u00f3 recientemente la labor al mando de la\u00a0Direcci\u00f3n del Campus Regional Centro de UTU,\u00a0que abarca los departamentos de\u00a0Durazno, Flores, Florida.<\/p>\n","protected":false},"author":4,"featured_media":6726,"comment_status":"closed","ping_status":"closed","sticky":false,"template":"","format":"standard","meta":{"footnotes":""},"categories":[5],"tags":[],"class_list":["post-6725","post","type-post","status-publish","format-standard","has-post-thumbnail","hentry","category-durazno"],"_links":{"self":[{"href":"https:\/\/paginacero.com.uy\/index.php?rest_route=\/wp\/v2\/posts\/6725","targetHints":{"allow":["GET"]}}],"collection":[{"href":"https:\/\/paginacero.com.uy\/index.php?rest_route=\/wp\/v2\/posts"}],"about":[{"href":"https:\/\/paginacero.com.uy\/index.php?rest_route=\/wp\/v2\/types\/post"}],"author":[{"embeddable":true,"href":"https:\/\/paginacero.com.uy\/index.php?rest_route=\/wp\/v2\/users\/4"}],"replies":[{"embeddable":true,"href":"https:\/\/paginacero.com.uy\/index.php?rest_route=%2Fwp%2Fv2%2Fcomments&post=6725"}],"version-history":[{"count":1,"href":"https:\/\/paginacero.com.uy\/index.php?rest_route=\/wp\/v2\/posts\/6725\/revisions"}],"predecessor-version":[{"id":6727,"href":"https:\/\/paginacero.com.uy\/index.php?rest_route=\/wp\/v2\/posts\/6725\/revisions\/6727"}],"wp:featuredmedia":[{"embeddable":true,"href":"https:\/\/paginacero.com.uy\/index.php?rest_route=\/wp\/v2\/media\/6726"}],"wp:attachment":[{"href":"https:\/\/paginacero.com.uy\/index.php?rest_route=%2Fwp%2Fv2%2Fmedia&parent=6725"}],"wp:term":[{"taxonomy":"category","embeddable":true,"href":"https:\/\/paginacero.com.uy\/index.php?rest_route=%2Fwp%2Fv2%2Fcategories&post=6725"},{"taxonomy":"post_tag","embeddable":true,"href":"https:\/\/paginacero.com.uy\/index.php?rest_route=%2Fwp%2Fv2%2Ftags&post=6725"}],"curies":[{"name":"wp","href":"https:\/\/api.w.org\/{rel}","templated":true}]}}