{"id":6722,"date":"2025-03-31T15:51:49","date_gmt":"2025-03-31T18:51:49","guid":{"rendered":"https:\/\/paginacero.com.uy\/?p=6722"},"modified":"2025-03-31T15:51:49","modified_gmt":"2025-03-31T18:51:49","slug":"ejecutado-en-la-calle-un-hombre-murio-tras-recibir-un-disparo-en-la-cabeza-en-maciel-y-batlle","status":"publish","type":"post","link":"https:\/\/paginacero.com.uy\/?p=6722","title":{"rendered":"Ejecutado en la calle: Un hombre muri\u00f3 tras recibir un disparo en la cabeza en\u00a0Maciel\u00a0y\u00a0Batlle"},"content":{"rendered":"<p><strong>Falleci\u00f3 uno de los hombres heridos anoche en la zona de Maciel y Batlle. Hab\u00eda recibido un disparo en la cabeza.<\/strong><!--more--><\/p>\n<p>El ataque fue perpetrado por cuatro personas que circulaban en moto. Un segundo herido recibi\u00f3 un balazo en un gl\u00fateo y ser\u00e1 dado de alta hoy. La principal hip\u00f3tesis de la polic\u00eda es que el hecho est\u00e1 vinculado al conflicto criminal entre bandas que afecta a Durazno desde hace\u00a0algunos\u00a0a\u00f1os.<\/p>\n","protected":false},"excerpt":{"rendered":"<p>Falleci\u00f3 uno de los hombres heridos anoche en la zona de Maciel y Batlle. Hab\u00eda recibido un disparo en la cabeza.<\/p>\n","protected":false},"author":4,"featured_media":6723,"comment_status":"closed","ping_status":"closed","sticky":false,"template":"","format":"standard","meta":{"footnotes":""},"categories":[5],"tags":[],"class_list":["post-6722","post","type-post","status-publish","format-standard","has-post-thumbnail","hentry","category-durazno"],"_links":{"self":[{"href":"https:\/\/paginacero.com.uy\/index.php?rest_route=\/wp\/v2\/posts\/6722","targetHints":{"allow":["GET"]}}],"collection":[{"href":"https:\/\/paginacero.com.uy\/index.php?rest_route=\/wp\/v2\/posts"}],"about":[{"href":"https:\/\/paginacero.com.uy\/index.php?rest_route=\/wp\/v2\/types\/post"}],"author":[{"embeddable":true,"href":"https:\/\/paginacero.com.uy\/index.php?rest_route=\/wp\/v2\/users\/4"}],"replies":[{"embeddable":true,"href":"https:\/\/paginacero.com.uy\/index.php?rest_route=%2Fwp%2Fv2%2Fcomments&post=6722"}],"version-history":[{"count":1,"href":"https:\/\/paginacero.com.uy\/index.php?rest_route=\/wp\/v2\/posts\/6722\/revisions"}],"predecessor-version":[{"id":6724,"href":"https:\/\/paginacero.com.uy\/index.php?rest_route=\/wp\/v2\/posts\/6722\/revisions\/6724"}],"wp:featuredmedia":[{"embeddable":true,"href":"https:\/\/paginacero.com.uy\/index.php?rest_route=\/wp\/v2\/media\/6723"}],"wp:attachment":[{"href":"https:\/\/paginacero.com.uy\/index.php?rest_route=%2Fwp%2Fv2%2Fmedia&parent=6722"}],"wp:term":[{"taxonomy":"category","embeddable":true,"href":"https:\/\/paginacero.com.uy\/index.php?rest_route=%2Fwp%2Fv2%2Fcategories&post=6722"},{"taxonomy":"post_tag","embeddable":true,"href":"https:\/\/paginacero.com.uy\/index.php?rest_route=%2Fwp%2Fv2%2Ftags&post=6722"}],"curies":[{"name":"wp","href":"https:\/\/api.w.org\/{rel}","templated":true}]}}