{"id":6709,"date":"2025-03-29T13:41:54","date_gmt":"2025-03-29T16:41:54","guid":{"rendered":"https:\/\/paginacero.com.uy\/?p=6709"},"modified":"2025-03-29T13:41:54","modified_gmt":"2025-03-29T16:41:54","slug":"el-padre-del-tradicionalismo-uruguayo","status":"publish","type":"post","link":"https:\/\/paginacero.com.uy\/?p=6709","title":{"rendered":"EL PADRE DEL TRADICIONALISMO URUGUAYO"},"content":{"rendered":"<p><strong>El folklore de un pueblo es muy importante para poder comprender su origen hist\u00f3rico, la forma en que se vive y como fue el proceso de su estructura social.<\/strong><\/p>\n<p>Por Sa\u00fal Mois\u00e9s Pi\u00f1a<\/p>\n<p><!--more--><\/p>\n<p>El folklore de un pueblo es muy importante para poder comprender su origen hist\u00f3rico, la forma en que se vive y como fue el proceso de su estructura social. Dicen investigadores que el respeto y la pr\u00e1ctica del folklore es una forma efectiva de defensa y mantenimiento de la identidad de los pueblos.<\/p>\n<p>El folklore es distintivo y propio de cada regi\u00f3n. En estos tiempos de globalizaci\u00f3n, la cultura tiende a homogeneizarse y se produce una especie de dominaci\u00f3n, donde los pa\u00edses m\u00e1s poderosos logran imponer sus creaciones. Es por ello que la defensa y pr\u00e1ctica de nuestro folklore, lo que sin valorar el que nos llega de otras tierras, supone un \u00e1mbito de defensa de la identidad y vigencia de nuestras tradiciones.<\/p>\n<p>Durazno tiene el privilegio de tener un evento que fue ejemplo a nivel de todo el pa\u00eds: el Festival Nacional de Folklore, cuyo g\u00e9nesis fue la creaci\u00f3n de un escenario donde los j\u00f3venes cultores del arte folkl\u00f3rico, pudieran exponer sus condiciones; teniendo adem\u00e1s, la posibilidad de compartir con grandes figuras de varios pa\u00edses americanos.<\/p>\n<p>El 21 de marzo de 1861 nac\u00eda en Montevideo El\u00edas Regules Uriarte, quien fue un ciudadano de gran compromiso con el pa\u00eds, dedicando con profundo sentido patri\u00f3tico buena parte de su rica existencia. Especial atenci\u00f3n le otorg\u00f3 al escenario rural, sus valores, las costumbres y el rico tesoro que implica para un pa\u00eds, el mantenimiento y la defensa de su folklore.<\/p>\n<p><strong>VINCULACI\u00d3N CON DURAZNO<\/strong><\/p>\n<p>En el a\u00f1o 1861 y cuando El\u00edas ten\u00eda seis a\u00f1os, sus padres se trasladan a Sarand\u00ed del Y\u00ed donde en la zona de \u201cMalbajar\u201d explotaban un establecimiento agropecuario. Esa experiencia en la campa\u00f1a penetra en profundidad en el coraz\u00f3n de este joven, despertando su vocaci\u00f3n po\u00e9tica y de escritor sobre temas campesinos, al punto de que se le denomina como \u201cEl Padre del Tradicionalismo Uruguayo\u201d.<\/p>\n<p>En 1874 retorna a Montevideo donde inicia sus estudios, obteniendo el t\u00edtulo de m\u00e9dico cirujano con solo 22 a\u00f1os. Merced a su elevado nivel profesional ocup\u00f3 la C\u00e1tedra de Anatom\u00eda en la Facultad de Medicina, de la cual en 1889, fue designado Decano.<\/p>\n<p>En el plano de la pol\u00edtica ingres\u00f3 en el Partido Constitucional, siendo miembro del Consejo de Estado de 1898 y posteriormente Diputado. Fue creador y primer presidente de la Sociedad Criolla, siendo la primera en su g\u00e9nero de toda Am\u00e9rica, fundada en 1894 y que hoy lleva su nombre.<\/p>\n<p>Por iniciativa del Diputado Olivera Ubios, se establece por Ley Nacional, la conmemoraci\u00f3n anual del \u201cD\u00eda de la Tradici\u00f3n\u201d, el 21 de marzo, como recordaci\u00f3n del natalicio de Regules.<\/p>\n<p>Este uruguayo se destac\u00f3 como poeta nativista y dramaturgo y no hay duda que su hondo tradicionalismo se forj\u00f3 de su ni\u00f1ez en Sarand\u00ed del Y\u00ed, donde se despert\u00f3 su amor por la tierra y de lo relacionado con la riqueza del g\u00e9nero gauchesco.<\/p>\n<p>No hay futuro para los pueblos, si los aut\u00e9nticos valores, no se practican y trasladan de manera permanente a las nuevas generaciones, como valiosa contribuci\u00f3n al mantenimiento de la identidad.<\/p>\n<p>Los poetas como El\u00edas Regules, hablan el idioma de los pueblos y hay pueblos, que tienen el privilegio de tenerlos. Cuando un poeta inspira un m\u00fasico, unen su destino y se produce el milagro del mensaje.<\/p>\n","protected":false},"excerpt":{"rendered":"<p>El folklore de un pueblo es muy importante para poder comprender su origen hist\u00f3rico, la forma en que se vive y como fue el proceso de su estructura social. Por Sa\u00fal Mois\u00e9s Pi\u00f1a<\/p>\n","protected":false},"author":4,"featured_media":6710,"comment_status":"closed","ping_status":"closed","sticky":false,"template":"","format":"standard","meta":{"footnotes":""},"categories":[5],"tags":[],"class_list":["post-6709","post","type-post","status-publish","format-standard","has-post-thumbnail","hentry","category-durazno"],"_links":{"self":[{"href":"https:\/\/paginacero.com.uy\/index.php?rest_route=\/wp\/v2\/posts\/6709","targetHints":{"allow":["GET"]}}],"collection":[{"href":"https:\/\/paginacero.com.uy\/index.php?rest_route=\/wp\/v2\/posts"}],"about":[{"href":"https:\/\/paginacero.com.uy\/index.php?rest_route=\/wp\/v2\/types\/post"}],"author":[{"embeddable":true,"href":"https:\/\/paginacero.com.uy\/index.php?rest_route=\/wp\/v2\/users\/4"}],"replies":[{"embeddable":true,"href":"https:\/\/paginacero.com.uy\/index.php?rest_route=%2Fwp%2Fv2%2Fcomments&post=6709"}],"version-history":[{"count":1,"href":"https:\/\/paginacero.com.uy\/index.php?rest_route=\/wp\/v2\/posts\/6709\/revisions"}],"predecessor-version":[{"id":6711,"href":"https:\/\/paginacero.com.uy\/index.php?rest_route=\/wp\/v2\/posts\/6709\/revisions\/6711"}],"wp:featuredmedia":[{"embeddable":true,"href":"https:\/\/paginacero.com.uy\/index.php?rest_route=\/wp\/v2\/media\/6710"}],"wp:attachment":[{"href":"https:\/\/paginacero.com.uy\/index.php?rest_route=%2Fwp%2Fv2%2Fmedia&parent=6709"}],"wp:term":[{"taxonomy":"category","embeddable":true,"href":"https:\/\/paginacero.com.uy\/index.php?rest_route=%2Fwp%2Fv2%2Fcategories&post=6709"},{"taxonomy":"post_tag","embeddable":true,"href":"https:\/\/paginacero.com.uy\/index.php?rest_route=%2Fwp%2Fv2%2Ftags&post=6709"}],"curies":[{"name":"wp","href":"https:\/\/api.w.org\/{rel}","templated":true}]}}