{"id":6703,"date":"2025-03-29T13:10:09","date_gmt":"2025-03-29T16:10:09","guid":{"rendered":"https:\/\/paginacero.com.uy\/?p=6703"},"modified":"2025-03-29T13:10:09","modified_gmt":"2025-03-29T16:10:09","slug":"en-la-tierra-de-los-campeones-del-mundo","status":"publish","type":"post","link":"https:\/\/paginacero.com.uy\/?p=6703","title":{"rendered":"En la tierra de los Campeones del Mundo"},"content":{"rendered":"<p><strong>El jovencito Jos\u00e9 Luis Medina, de 14 a\u00f1os de edad, integra el plantel Sub 15 de la Asociaci\u00f3n Atl\u00e9tica Argentinos Juniors de la Rep\u00fablica Argentina.<\/strong><!--more--><\/p>\n<div id=\"geom_inter_1743264520263_85_40\" dir=\"auto\" data-olk-copy-source=\"MessageBody\">El peque\u00f1o proviene de Wanderers y la Selecci\u00f3n 2010 de Durazno y recientemente prob\u00f3 sus condiciones en el club de la zona de La Paternal.<\/div>\n<div id=\"geom_inter_1743264541270_63_43\" dir=\"auto\">Tras la decisi\u00f3n adoptada con su familia, y haber podido mostrar sus aptitudes, hicieron que los entrenadores le vean potencial y decidieran integrarlo al plantel generaci\u00f3n 2009.<\/div>\n<div id=\"geom_inter_1743264542282_100_45\" dir=\"auto\">Jos\u00e9 Luis di\u00f3 un gran primer paso en el sue\u00f1o de ser futbolista profesional; ojal\u00e1 se pueda ir afianzando d\u00eda a d\u00eda.<\/div>\n<div dir=\"auto\">Deseos de muchos \u00e9xitos<\/div>\n","protected":false},"excerpt":{"rendered":"<p>El jovencito Jos\u00e9 Luis Medina, de 14 a\u00f1os de edad, integra el plantel Sub 15 de la Asociaci\u00f3n Atl\u00e9tica Argentinos Juniors de la Rep\u00fablica Argentina.<\/p>\n","protected":false},"author":4,"featured_media":6704,"comment_status":"closed","ping_status":"closed","sticky":false,"template":"","format":"standard","meta":{"footnotes":""},"categories":[5],"tags":[],"class_list":["post-6703","post","type-post","status-publish","format-standard","has-post-thumbnail","hentry","category-durazno"],"_links":{"self":[{"href":"https:\/\/paginacero.com.uy\/index.php?rest_route=\/wp\/v2\/posts\/6703","targetHints":{"allow":["GET"]}}],"collection":[{"href":"https:\/\/paginacero.com.uy\/index.php?rest_route=\/wp\/v2\/posts"}],"about":[{"href":"https:\/\/paginacero.com.uy\/index.php?rest_route=\/wp\/v2\/types\/post"}],"author":[{"embeddable":true,"href":"https:\/\/paginacero.com.uy\/index.php?rest_route=\/wp\/v2\/users\/4"}],"replies":[{"embeddable":true,"href":"https:\/\/paginacero.com.uy\/index.php?rest_route=%2Fwp%2Fv2%2Fcomments&post=6703"}],"version-history":[{"count":1,"href":"https:\/\/paginacero.com.uy\/index.php?rest_route=\/wp\/v2\/posts\/6703\/revisions"}],"predecessor-version":[{"id":6705,"href":"https:\/\/paginacero.com.uy\/index.php?rest_route=\/wp\/v2\/posts\/6703\/revisions\/6705"}],"wp:featuredmedia":[{"embeddable":true,"href":"https:\/\/paginacero.com.uy\/index.php?rest_route=\/wp\/v2\/media\/6704"}],"wp:attachment":[{"href":"https:\/\/paginacero.com.uy\/index.php?rest_route=%2Fwp%2Fv2%2Fmedia&parent=6703"}],"wp:term":[{"taxonomy":"category","embeddable":true,"href":"https:\/\/paginacero.com.uy\/index.php?rest_route=%2Fwp%2Fv2%2Fcategories&post=6703"},{"taxonomy":"post_tag","embeddable":true,"href":"https:\/\/paginacero.com.uy\/index.php?rest_route=%2Fwp%2Fv2%2Ftags&post=6703"}],"curies":[{"name":"wp","href":"https:\/\/api.w.org\/{rel}","templated":true}]}}