{"id":6698,"date":"2025-03-28T10:52:10","date_gmt":"2025-03-28T13:52:10","guid":{"rendered":"https:\/\/paginacero.com.uy\/?p=6698"},"modified":"2025-03-28T10:52:10","modified_gmt":"2025-03-28T13:52:10","slug":"wilmar-gonzalez-carino-y-admiracion-por-doquier","status":"publish","type":"post","link":"https:\/\/paginacero.com.uy\/?p=6698","title":{"rendered":"Wilmar Gonz\u00e1lez, cari\u00f1o y admiraci\u00f3n por doquier"},"content":{"rendered":"<p><strong>Es de los m\u00e1ximos referentes del f\u00fatbol duraznense y del Interior del pa\u00eds de la \u00faltima d\u00e9cada y media.<\/strong><!--more--><\/p>\n<div>\n<div dir=\"auto\"><span style=\"font-size: large;\"><b data-olk-copy-source=\"MessageBody\">120 partidos<\/b>\u00a0con la Roja del Yi;\u00a0\u00a0<b>34 goles<\/b>;\u00a0<b>5 t\u00edtulos<\/b>\u00a0(2 del Sur y 3 del Interior);\u00a0<\/span><span style=\"font-size: large;\"><b>10 t\u00edtulos a nivel de Clubes<\/b>\u00a0(9 locales entre Durazno y Flores; y 1 Copa B del Interior con Porongos de Flores)<\/span><b><\/b><\/div>\n<\/div>\n<div><span style=\"font-size: large;\">D\u00edas pasados la\u00a0<b>Liga de F\u00fatbol ciudad de Durazno (LFCD)<\/b>, tribut\u00f3\u00a0<\/span><span style=\"font-size: large;\">en sus redes sociales, a\u00a0<\/span>\u00a0<span style=\"font-size: large;\"><b>Wilmar Gonz\u00e1lez,<\/b><\/span>\u00a0\u00a0<span style=\"font-size: large;\">\u00a0un reconocimiento por haber superado el centenar de partidos al servicio de la<b>\u00a0\u00abRoja del Yi\u00bb.<\/b><\/span><\/div>\n<div><span style=\"font-size: large;\">Esa distinci\u00f3n (que no significa que dej\u00f3 de estar en las canchas de f\u00fatbol), dispar\u00f3 una serie de reconocimientos por parte de la gente, instituciones y la parcialidad en general, que no escatim\u00f3 elogios en destacar sus facetas, como persona y como jugador.<\/span><\/div>\n<div><span style=\"font-size: large;\">\u00a0<\/span><\/div>\n<div dir=\"auto\"><span style=\"font-size: large;\">El jueves 20 de marzo a la noche en la esquina de\u00a0<b>18 de Mayo y Hu\u00e1scar Parallada,<\/b>\u00a0en el emblem\u00e1tico\u00a0<b>almac\u00e9n \u00abLa Pelotita\u00bb<\/b>, en pleno coraz\u00f3n del\u00a0<b>barrio La Amarilla<\/b>, el popular\u00a0<b>\u00abMonito\u00bb Gonz\u00e1lez<\/b>, tuvo la despedida que en lo m\u00e1s \u00edntimo, por su sencillez y humilde forma de ser, siempre prefiri\u00f3; la de sus afectos, rodeado de familiares y amigos, vecinos que lo idolatran como el que m\u00e1s y varios compa\u00f1eros de plantel de la\u00a0<b>Selecci\u00f3n de Durazno.<\/b><\/span><\/div>\n<div><span style=\"font-size: large;\">Un medio tanque, algunos chorizos, pizza y bebidas, hicieron que la juntada fuera inolvidable, para una persona que por sobre sus notables condiciones deportivas, es un gran ser humano.<\/span><\/div>\n<div><span style=\"font-size: large;\">Fue la despedida de la\u00a0<b>casaca \u00abcolor pitanga\u00bb,<\/b>\u00a0pero no del f\u00fatbol en s\u00ed,, porque Wilmar, siente que a sus casi 42 a\u00f1os, est\u00e1 \u00abentero\u00bb y jugar\u00e1n hasta que \u00e9l entienda que por temas f\u00edsicos y\/o deportivos, ya no ser\u00e1 lo mismo.<\/span><\/div>\n<div>\n<div dir=\"auto\"><span style=\"font-size: large;\">Rey de la pegada\/goles ol\u00edmpicos\/penales\/tiros libres de corta, media y larga distancia desde la mitad de la cancha.<\/span><\/div>\n<div dir=\"auto\"><span style=\"font-size: large;\">Querido y respetado por compa\u00f1eros y rivales por igual\u00a0<\/span><\/div>\n<div dir=\"auto\"><span style=\"font-size: large;\">que m\u00e1s&#8230;?<\/span><\/div>\n<div dir=\"auto\"><span style=\"font-size: large;\">Gracias Wilmar y Gracias tambi\u00e9n a tu hermosa y querida familia; como la recordada\u00a0<b>abuela Sonia, tu madre Patricia<\/b>,\u00a0<b>tus hermanos, Jorge \u00abMeyado\u00bb; Alex Damian \u00abLechuga\u00bb, Carol Gonz\u00e1lez, Yenifer Irrazabal, Agustina Irazabal.<\/b><\/span><\/div>\n<div dir=\"auto\"><span style=\"font-size: large;\"><b>\u00a0<\/b><\/span><\/div>\n<p><span style=\"font-size: large;\">La pasi\u00f3n del f\u00fatbol, las amistades, el trabajo, las cosas simples y sencillas, adornan su figura, apuntado por una familia y un entorno barrial que lo cobija y que es celoso de que todo marche bien.<\/span><\/div>\n<div><span style=\"font-size: large;\">Recuerda los mejores momentos, de plena felicidad jugando con los amigos en las calles y en los campitos del barrio cuando era un ni\u00f1o y un adolescente, en<b>\u00a0La Amarilla,<\/b>\u00a0lugar del surgimiento de enormes del f\u00fatbol local como\u00a0<b>Julio C\u00e9sar \u00abZorrillo\u00bb Irrazabal\u00a0<\/b>y sus hermanos;\u00a0<b>Jos\u00e9 \u00abPepe\u00bb Machado\u00bb,<\/b>\u00a0<b>Alejandro \u00abPalomo\u00bb Abelda\u00f1o;<\/b>\u00a0<b>Andr\u00e9s \u00abToto\u00bb M\u00e1rquez\u00a0<\/b>y su padre,\u00a0<b>N\u00e9stor \u00abCoco\u00bb;<\/b>\u00a0<b>Jos\u00e9 Luis y Andr\u00e9s Guiyama<\/b>; los goleros\u00a0<b>H\u00e9ctor y Juan Faccio, los Perdomo, Fabricio Vaz, los Alvarez; Cama\u00f1o e hijos, los C\u00e9spedes; \u00abCapa\u00bb y hermano<\/b>s, sus amigos\u00a0\u00a0<b>\u00abFala\u00bb y \u00abPedr\u00edn\u00bb Gonz\u00e1lez<\/b>, entre tantos otros y m\u00e1s ac\u00e1 en el tiempo,\u00a0<b>Mauro Olivera padre e hijo;<\/b>\u00a0<b>Diego Seoane; Franco Ben\u00edtez, Marcos Machado Mor\u00e1n<\/b>, y quienes siguen en su imborrable recuerdo como\u00a0<b>Eusebio \u00abRonco\u00bb Pereira y\u00a0<\/b><b>Fabi\u00e1n P\u00e9rez.<\/b><\/span><\/div>\n<div><span style=\"font-size: large;\"><b>\u00a0<\/b><\/span><\/div>\n<div><span style=\"font-size: large;\"><b>La opini\u00f3n de futbolistas y amigos<\/b><\/span><\/div>\n<div><span style=\"font-size: large;\"><b>\u00a0<\/b><\/span><\/div>\n<div><span style=\"font-size: large;\">\u00abQuien es el mejor, el \u00abMonito\u00bb Gonzalez, hasta ahora que no se ha retirado es el mejor y de donde sale, de ac\u00e1, del barrio La Amarilla, que ha sacado los mejores jugadores de la Selecci\u00f3n\u00bb<b>\u00a0(Atilio Guartechea, vecino y amigo)<\/b><\/span><\/div>\n<div><\/div>\n<div><span style=\"font-size: large;\">\u00abAcompa\u00f1ando a un amigo, para nosotros y para todos los muchachos ac\u00e1 siempre muy buena persona el \u00abMonito\u00bb<b>\u00a0(Juan Bautista Gonz\u00e1lez, amigo y compa\u00f1ero del Club La Amarilla Campe\u00f3n de los Barrios 2024)<\/b><\/span><\/div>\n<div><\/div>\n<div><span style=\"font-size: large;\">\u00abDe coraz\u00f3n, es hermoso poder disfrutarlo, yo como \u00abnueve\u00bb lo disfrut\u00e9, no hay chance\u00bb, excelente persona dentro de la cancha y fuera de la cancha\u00bb\u00a0<b>(Aparicio \u00abLucho\u00bb ben\u00edtez, vecino,\u00a0<\/b><\/span><span style=\"font-size: large;\"><b>amigo y compa\u00f1ero del Club La Amarilla Campe\u00f3n de los Barrios 2024)<\/b><\/span><\/div>\n<div><\/div>\n<div><span style=\"font-size: large;\">\u00abAgradecido de jugar con el \u00abMonito\u00bb; soy del barrio ac\u00e1 y jugar con el hombre ah\u00ed, es un placer\u00bb<b>\u00a0(Franco Ben\u00edtez, amigo del barrio y futbolista)<\/b><\/span><\/div>\n<div><\/div>\n<div><span style=\"font-size: large;\">\u00abA m\u00ed me toc\u00f3 jugar con esta &#8216;bestia&#8217; en Wanderers; encantado de la vida de jugar con \u00e9l. Contento de tenerlo en el grupo, y la humildad que tiene; no cambia nunca y seguiremos con el firme\u00bb\u00a0<b>(Mauro Olivera, amigo del barrio y compa\u00f1ero de la Selecci\u00f3n de Durazno 2025)<\/b><\/span><\/div>\n<div><\/div>\n<div><span style=\"font-size: large;\">\u00abEs un orgullo total, un \u00eddolo desde chico, es admirable jugar con \u00e9l, como persona, realmente fue un jugador que no hay palabras para describirlo, pero m\u00e1s que nada como persona\u00bb (<b>Felipe Dinardi,\u00a0<\/b><\/span><span style=\"font-size: large;\"><b>y compa\u00f1ero de la Selecci\u00f3n de Durazno 2025)<\/b><\/span><\/div>\n<div><\/div>\n<div><span style=\"font-size: large;\">\u00abJugu\u00e9 en el Club Artigas con \u00e9l y nos hicimos muy amigos, nos juntamos todos los d\u00edas, venimos ac\u00e1 a compartir, con su madre Patricia; es un personaje impresionante, lo quiero mucho\u00bb\u00a0<b>(Rafael Morales, futbolista).<\/b><\/span><\/div>\n<div><\/div>\n<div><span style=\"font-size: large;\">\u00abLa verdad que gran persona y como jugador ni te digo, ya lo sabe todo el mundo y siempre para adelante, cuando tocaba jugar o no siempre dando para adelante\u00bb\u00a0<b>(Maximiliano Bolognini,\u00a0<\/b><\/span><span style=\"font-size: large;\"><b>compa\u00f1ero de la Selecci\u00f3n de Durazno 2025)<\/b><\/span><\/div>\n<div><\/div>\n<div><span style=\"font-size: large;\">\u00abQu\u00e9 vamos a decir del \u00abMono\u00bb que no conozcamos todos. Compartir este \u00faltimo a\u00f1o con \u00e9l fue un privilegio; lo mejor para \u00e9l y que no me lo retiren, que todav\u00eda le queda mucho rollo todav\u00eda\u00bb<b>\u00a0(Diego Rossano,<\/b><\/span><span style=\"font-size: large;\"><b>\u00a0compa\u00f1ero de la Selecci\u00f3n de Durazno 2025)<\/b><\/span><\/div>\n<div><\/div>\n<div><span style=\"font-size: large;\">\u00abUn crack como jugador, lo mejor que v\u00ed, y como persona un fen\u00f3meno, tuvimos la suerte de compartir en Juvenil y en Central y ahora en la selecci\u00f3n y ojal\u00e1 nos de para convencerlo que siga jugando, se merece lo que tiene\u00bb<b>\u00a0(Entrenador Pablo Lazo, integrante cuerpo T\u00e9cnico Selecci\u00f3n de Durazno 2025)<\/b><\/span><\/div>\n<div><\/div>\n<div><span style=\"font-size: large;\">\u00abNo se puede decir nada mal de \u00e9l; es muy buen persona, amigazo y pasamos juntos todos los d\u00edas\u00bb\u00a0<b>(Daniel Bottini, futbolista)<\/b><\/span><\/div>\n<div><span style=\"font-size: large;\">\u00a0<\/span><\/div>\n<div><span style=\"font-size: large;\"><b>Wilmar Gonz\u00e1lez: la camiseta que le pidi\u00f3 su hijo Thiago<\/b><\/span><\/div>\n<div><span style=\"font-size: large;\">\u00abLa verdad que muy contento, vinieron muchos amigos, muchos compa\u00f1eros y todos los &#8216;gurises&#8217; chicos que andan ac\u00e1 en la vuelta y le vamos a dar como dice uno \u00abhasta que las velas ardan\u00bb, porque se est\u00e1 pasando lindo, se disfruta y es lo mas lindo con los menores, con los hijos ac\u00e1 en\u00a0<b>La Amarilla<\/b>, con los vecinos que han aportando una cosa u otra, la bolichera ac\u00e1 que nos est\u00e1n ayudando. estamos disfrutando, conversando de f\u00fatbol que es lo que nos gusta<\/span><\/div>\n<div><span style=\"font-size: large;\">El\u00a0<b>homenaje de la Liga de F\u00fatbol de Durazno,\u00a0<\/b>en sus redes sociales, gener\u00f3 miles de saludos y comentarios, sobre lo cual dijo \u00abno soy muy de expresarlo, me los guardo para m\u00ed, pero los agradezco a todos de coraz\u00f3n, me han mandado muchos mensajes y la verdad que contento, feliz, y no tanto por mi, a veces uno no lo mira por uno, lo miro por mi hijo grande\u00a0<b>(Thiago), Catalina<\/b>\u00a0(su hija peque\u00f1a), ellos han mirado conmigo los videos, los mensajes, y ellos est\u00e1n contentos y es lo que me pone muy feliz, que algo hicimos bien, no tanto jugando o no, porque la gente interpreta si jug\u00e1s mucho o jug\u00e1s poco, pero lo importante es ser buena persona, el respeto, como yo siempre les digo ac\u00e1 en La Amarilla, que hablamos con los vecinos, que salgo a la esquina todos los d\u00edas y siempre me dicen una cosa y otra y primero que nada siempre el respeto, ganando, perdiendo, porque es solo f\u00fatbol nada m\u00e1s, y es lo que me llevo ahora, el saludo de toda esa gente que la verdad que les agradezco a todos\u00bb.<\/span><\/div>\n<div><span style=\"font-size: large;\">Sobre el\u00a0<b>Club Rampla Juniors<\/b>, dijo que \u00abes como de la familia porque siempre uno quer\u00eda jugar con los amigos de ac\u00e1 del barrio; estaba en\u00a0<b>Sportivo Yi,<\/b>\u00a0pero ven\u00eda porque sent\u00eda que estaba con los del barrio y tuve<b>\u00a0la suerte de ascender a Primera A,<\/b>\u00a0con mi hermano,\u00a0<b>Jorge &#8216;el Meyau&#8217;<\/b>\u00a0, con varios, con<b>\u00a0Parri\u00f1o<\/b>\u00a0donde est\u00e9 (que yo le digo\u00a0<b>Milton Omar,<\/b>\u00a0por el Hondure\u00f1o de Nacional, Milton Omar N\u00fa\u00f1ez), el finado Ronquito que no est\u00e1, los Pe\u00f1aloza, Ren\u00e9, el \u00abPulga\u00bb Irrazabal, muchos\u00bb<\/span><\/div>\n<div><\/div>\n<div><span style=\"font-size: large;\"><b>Wilmar,<\/b>\u00a0se dio el lujo adem\u00e1s de haber compartido camiseta con sus hermanos, y en el plantel<b>\u00a0Campe\u00f3n de la Liga de los Barrios 2024 con la Amarilla,<\/b>\u00a0tambi\u00e9n\u00a0<b>con su hijo, Thiago<\/b>.<\/span><\/div>\n<div><span style=\"font-size: large;\">La\u00a0<b>casaca N\u00b0 14,<\/b>\u00a0que utiliz\u00f3 en su \u00faltima presencia en la\u00a0<b>Selecci\u00f3n de Durazno<\/b>, le fue obsequiada (a pedido de su hijo) a\u00a0<b>Thiago<\/b>, que viene haciendo sus primeras experiencias en el f\u00fatbol mayor en e<b>l Club Sportivo Yi.<\/b><\/span><\/div>\n<div><span style=\"font-size: large;\">\u00a0<\/span><\/div>\n<div><span style=\"font-size: large;\"><b>Aprendi\u00f3 a pegarle con el \u00abPulga\u00bb Irrazabal<\/b><\/span><\/div>\n<div><span style=\"font-size: large;\"><b>Wilmar<\/b>, sostiene que \u00abtodo el mundo de dice de la pegada y todo eso, pero aprovecho a decirles que aprend\u00ed con \u00e9l, con\u00a0 Roberto \u00abPulga\u00bb Irrazabal, que me ense\u00f1\u00f3 muchas cosas en la cancha, despu\u00e9s uno con el tiempo lo va perfeccionando<b>,<\/b>\u00a0pero aprend\u00ed as\u00ed, nos junt\u00e1bamos a las dos de la tarde, cuando est\u00e1bamos al p&#8230; en aquellas \u00e9pocas, nos junt\u00e1bamos en la cancha (ahora inexistente) de Rampla (Juniors, el recordado Parque Juan Chaftare) y &#8216;pelote\u00e1bamos&#8217;, &#8216;pate\u00e1bamos&#8217;, siempre hab\u00eda uno al arco, hasta que llegaban los otros para el &#8216;picado&#8217;<\/span><\/div>\n<div><span style=\"font-size: large;\"><b>\u00a0<\/b><\/span><\/div>\n<div><span style=\"font-size: large;\">A continuaci\u00f3n compartimos (a riesgo de alg\u00fan olvido involuntario) una cronolog\u00eda de lo que ha sido la trayectoria de\u00a0<b>Wilmar \u00abMonito\u00bb Gonz\u00e1lez<\/b>, uno de los \u00eddolos y m\u00e1ximos referentes de los<b>\u00a0\u00faltimos 15 a\u00f1os del f\u00fatbol duraznense<\/b>, que inscribe su trayectoria a la par de otras figuras que en distintas \u00e9pocas aportaron su grandeza a la<b>\u00a0\u00abRoja del Yi\u00bb.<\/b><\/span><\/div>\n<div><\/div>\n<div><span style=\"font-size: large;\">Naci\u00f3 el 28\/10\/1983, jug\u00f3 en Primera Divisi\u00f3n un total de 13 a\u00f1os (2002 al 2025), cosechando 15 t\u00edtulos oficiales (10 Clubes-5 Selecci\u00f3n), levantando en promedio, m\u00e1s de una copa por a\u00f1o.<\/span><\/div>\n<div dir=\"auto\"><\/div>\n<div dir=\"auto\"><span style=\"font-size: large;\"><b>Con la camiseta \u00abcolor pitanga\u00bb:<\/b><\/span><\/div>\n<div dir=\"auto\"><span style=\"font-size: large;\">Debut\u00f3 21\/12\/2002 (1-1 Cl\u00e1sico del Sur, ingres\u00f3 por C\u00e9sar Javier Frugoni)<\/span><\/div>\n<div dir=\"auto\"><span style=\"font-size: large;\">\u00daltimo partido oficial: 8\/3\/2025 (0-2 con Lavalleja)<\/span><\/div>\n<div dir=\"auto\"><\/div>\n<div dir=\"auto\"><span style=\"font-size: large;\"><b>120 partidos<\/b>\u00a0con la Roja del Yi;\u00a0\u00a0<b>34 goles<\/b>;\u00a0<b>5 t\u00edtulos<\/b>\u00a0(2 del Sur y 3 del Interior).<\/span><\/div>\n<div dir=\"auto\"><span style=\"font-size: large;\">\u00a0<\/span><\/div>\n<div><span style=\"font-size: large;\"><b>A nivel de Clubes<\/b><\/span><\/div>\n<div dir=\"auto\"><\/div>\n<div dir=\"auto\"><span style=\"font-size: large;\"><b>2002:<\/b>\u00a0Campe\u00f3n Clausura de la Divisional primera B (1) con<b>\u00a0Rampla Juniors<\/b><\/span><\/div>\n<div dir=\"auto\"><span style=\"font-size: large;\"><b>2006; 2007; 2010; 2012; 2013\u00a0<\/b>(5) Campe\u00f3n con\u00a0<b>Santa Bernardina<br \/>\n<\/b><\/span><\/div>\n<div dir=\"auto\"><span style=\"font-size: large;\"><b>2017<\/b>\u00a0(1) Campe\u00f3n con\u00a0<b>Wanderers<\/b><\/span><\/div>\n<div dir=\"auto\"><span style=\"font-size: large;\"><b>Entre 2013 y 2017<\/b>\u00a0(2) Campe\u00f3n en dos ocasiones del Campeonato de Flores, con el\u00a0<b>Centro Recreativo Porongos FC Flores<\/b>\u00a0<\/span><\/div>\n<div dir=\"auto\"><span style=\"font-size: large;\"><b>2017\u00a0<\/b>(1) Campeonato de OFI Clubes Copa B con el\u00a0<\/span><span style=\"font-size: large;\"><b>Centro Recreativo Porongos FC Flores<\/b><\/span>.<\/div>\n<div dir=\"auto\"><span style=\"font-size: large;\">Totalizando<b>\u00a010 t\u00edtulos a nivel de Clubes (9 locales y OFI)<\/b><\/span><\/div>\n<div dir=\"auto\"><span style=\"font-size: large;\">\u00a0<\/span><\/div>\n<div dir=\"auto\"><span style=\"font-size: large;\"><b>T\u00edtulos con la Selecci\u00f3n de Durazno<\/b><\/span><\/div>\n<div dir=\"auto\"><span style=\"font-size: large;\">Campe\u00f3n del Interior 2003;Campe\u00f3n Copa Nacional OFI 2011 (invicto); Campe\u00f3n del Sur 2016 (18va Copa en Florida); Campe\u00f3n del Sur 2018; Campe\u00f3n del Interior 2018.<br \/>\n<\/span><\/div>\n<div dir=\"auto\"><span style=\"font-size: large;\">3 T\u00edtulos del Interior (2003; 2011 y 2018); 2 T\u00edtulos del Sur (2016; 2018); (5 Campeonatos con Durazno)<br \/>\n<\/span><\/div>\n<div dir=\"auto\"><span style=\"font-size: large;\">Total copas levantadas por Wilmar Gonz\u00e1lez: 15 (10 de Clubes y 5 de Selecciones).<\/span><\/div>\n<div dir=\"auto\"><span style=\"font-size: large;\">M\u00e1s el torneo de la Liga de F\u00fatbol de los Barrios 2024 con el barrio La Amarilla.<\/span><\/div>\n<div dir=\"auto\"><span style=\"font-size: large;\">\u00a0<\/span><\/div>\n<div><span style=\"font-size: small;\"><b>Fuente VDR PRODUCCIONES<\/b><\/span><\/div>\n","protected":false},"excerpt":{"rendered":"<p>Es de los m\u00e1ximos referentes del f\u00fatbol duraznense y del Interior del pa\u00eds de la \u00faltima d\u00e9cada y media.<\/p>\n","protected":false},"author":4,"featured_media":6699,"comment_status":"closed","ping_status":"closed","sticky":false,"template":"","format":"standard","meta":{"footnotes":""},"categories":[5],"tags":[],"class_list":["post-6698","post","type-post","status-publish","format-standard","has-post-thumbnail","hentry","category-durazno"],"_links":{"self":[{"href":"https:\/\/paginacero.com.uy\/index.php?rest_route=\/wp\/v2\/posts\/6698","targetHints":{"allow":["GET"]}}],"collection":[{"href":"https:\/\/paginacero.com.uy\/index.php?rest_route=\/wp\/v2\/posts"}],"about":[{"href":"https:\/\/paginacero.com.uy\/index.php?rest_route=\/wp\/v2\/types\/post"}],"author":[{"embeddable":true,"href":"https:\/\/paginacero.com.uy\/index.php?rest_route=\/wp\/v2\/users\/4"}],"replies":[{"embeddable":true,"href":"https:\/\/paginacero.com.uy\/index.php?rest_route=%2Fwp%2Fv2%2Fcomments&post=6698"}],"version-history":[{"count":1,"href":"https:\/\/paginacero.com.uy\/index.php?rest_route=\/wp\/v2\/posts\/6698\/revisions"}],"predecessor-version":[{"id":6700,"href":"https:\/\/paginacero.com.uy\/index.php?rest_route=\/wp\/v2\/posts\/6698\/revisions\/6700"}],"wp:featuredmedia":[{"embeddable":true,"href":"https:\/\/paginacero.com.uy\/index.php?rest_route=\/wp\/v2\/media\/6699"}],"wp:attachment":[{"href":"https:\/\/paginacero.com.uy\/index.php?rest_route=%2Fwp%2Fv2%2Fmedia&parent=6698"}],"wp:term":[{"taxonomy":"category","embeddable":true,"href":"https:\/\/paginacero.com.uy\/index.php?rest_route=%2Fwp%2Fv2%2Fcategories&post=6698"},{"taxonomy":"post_tag","embeddable":true,"href":"https:\/\/paginacero.com.uy\/index.php?rest_route=%2Fwp%2Fv2%2Ftags&post=6698"}],"curies":[{"name":"wp","href":"https:\/\/api.w.org\/{rel}","templated":true}]}}