{"id":6695,"date":"2025-03-27T16:44:06","date_gmt":"2025-03-27T19:44:06","guid":{"rendered":"https:\/\/paginacero.com.uy\/?p=6695"},"modified":"2025-03-27T16:44:06","modified_gmt":"2025-03-27T19:44:06","slug":"barrios-el-sabado-sale-el-campeon-2025","status":"publish","type":"post","link":"https:\/\/paginacero.com.uy\/?p=6695","title":{"rendered":"Barrios: el s\u00e1bado sale el Campe\u00f3n 2025"},"content":{"rendered":"<p>La<b>\u00a0Liga de F\u00fatbol de los Barrios de Durazno (LFBD)\u00a0<\/b>define el s\u00e1bado en doble jornada en el<b>\u00a0estadio Silvestre Octavio Landoni,<\/b>\u00a0la<b>\u00a0temporada 2025<\/b>\u00a0que lleva los nombres:\u00a0<b>40 a\u00f1os ininterrumpidos de Ferrocarril Oeste y 30 a\u00f1os del Club Varona.<\/b><!--more--><\/p>\n<div><span style=\"font-size: large;\"><b data-olk-copy-source=\"MessageBody\">La Amarilla,<\/b>\u00a0fue el monarca 2024, y el t\u00edtulo que estar\u00e1 en juego se lo disputan\u00a0<b>Deportivo Taddey\u00a0<\/b>(que fuera Campe\u00f3n en 2017) y\u00a0<b>Deportivo Dur\u00e1n<\/b>\u00a0(en 2022)<\/span><\/div>\n<div><span style=\"font-size: large;\">El\u00a0<b>Presidente de la LBFD, Mtro. Mart\u00edn Viana,<\/b>\u00a0salud\u00f3 y felicit\u00f3 a todos los clubes participantes en la temporada y Neutrales y valor\u00f3 el apoyo de la<b>\u00a0Intendencia de Durazno,<\/b>\u00a0que cedi\u00f3 para las instancias definitorias las instalaciones del Landoni.<\/span><\/div>\n<div><span style=\"font-size: large;\">Confirm\u00f3 a\u00a0<b>P\u00e1gina Cero<\/b>, que como aconteci\u00f3 el pasado fin de semana en las semifinales, ya est\u00e1n previstos los lugares que habr\u00e1n de ocupar cada una de las hinchadas; siendo \u00e9stos los lugares asignados:\u00a0<b>Tribuna de los Campeones Jos\u00e9 Guillermo Vera<\/b>\u00a0(principal), para las parcialidades de\u00a0<b>Valladolid y Deportivo Dur\u00e1n<\/b>, y en la\u00a0<b>Tribuna Antonio Alzamendi,<\/b>\u00a0las hinchadas de los los clubes\u00a0<b>Villa Guadalupe y Deportivo Taddey.<\/b><\/span><\/div>\n<div><span style=\"font-size: large;\">El valor de la<b>\u00a0entrada es de $ 70,<\/b>\u00a0como ha sido durante todo el torneo, y los detalles de los dos partidos son los siguientes:<\/span><\/div>\n<div><span style=\"font-size: large;\"><b>\u00a0<\/b><\/span><\/div>\n<div><span style=\"font-size: large;\"><b>S\u00e1bado<\/b>\u00a029\/3\/2025, estadio Landoni<\/span><\/div>\n<div><\/div>\n<div dir=\"auto\"><span style=\"font-size: large;\">hora 19:00 3er y 4\u00b0 puesto:\u00a0<b>Valladolid-Villa Guadalupe,<\/b>\u00a0\u00e1rbitros: Christian\u00a0<span class=\"x_gmail-il\">Colina<\/span>, William Bethencourt y Oscar Pereira, 4to \u00e1rbitro Sergio Centuri\u00f3n (en caso de empate, penales)<\/span><\/div>\n<div dir=\"auto\"><span style=\"font-size: large;\">hora 21:15, final:<b>\u00a0Deportivo Dur\u00e1n-Deportivo Taddey<\/b>, \u00e1rbitros: William Bethencourt, Oscar Pereira y\u00a0<\/span><span style=\"font-size: large;\">Christian\u00a0<span class=\"x_gmail-il\">Colina<\/span>,\u00a0<\/span><span style=\"font-size: large;\">4to \u00e1rbitro Sergio Centuri\u00f3n (en caso de empate, penales)<\/span><\/div>\n<div dir=\"auto\"><span style=\"font-size: large;\">\u00a0<\/span><\/div>\n<div><span style=\"font-size: large;\"><b>\u00daltimos Campeone<\/b>s: a\u00f1o\u00a0<b>2022<\/b>\u00a0Deportivo Dur\u00e1n<b>;\u00a0 2023<\/b>\u00a0Boulevard;\u00a0<b>2024\u00a0<\/b>La Amarilla;\u00a0<b>2025<\/b>? (Deportivo Taddey o Deportivo Dur\u00e1n).<\/span><\/div>\n<div><span style=\"font-size: large;\"><b>Presidentes m\u00e1s recientes<\/b>: a\u00f1o\u00a0<\/span><span style=\"font-size: large;\"><b>2021<\/b>\u00a0Dr Juan Straneo Abreu;\u00a0<b>2022<\/b>\u00a0Dr. Juan Straneo Abreu (interinamente\u00a0<b>Mtro. Mart\u00edn Viana<\/b>);\u00a0<b>2023<\/b>\u00a0Mauricio Delgado Cabral;\u00a0<b>2024<\/b>\u00a0Prof. Andr\u00e9s\u00a0 Delgado;<b>\u00a02025\u00a0<\/b>Mtro. Mart\u00edn Viana<\/span>.<\/div>\n<div dir=\"auto\"><\/div>\n<div dir=\"auto\">Fotos gentileza Valentina Ayala Lazo y Esc. Mauricio Rodr\u00edguez<\/div>\n","protected":false},"excerpt":{"rendered":"<p>La\u00a0Liga de F\u00fatbol de los Barrios de Durazno (LFBD)\u00a0define el s\u00e1bado en doble jornada en el\u00a0estadio Silvestre Octavio Landoni,\u00a0la\u00a0temporada 2025\u00a0que lleva los nombres:\u00a040 a\u00f1os ininterrumpidos de Ferrocarril Oeste y 30 a\u00f1os del Club Varona.<\/p>\n","protected":false},"author":4,"featured_media":6696,"comment_status":"closed","ping_status":"closed","sticky":false,"template":"","format":"standard","meta":{"footnotes":""},"categories":[5],"tags":[],"class_list":["post-6695","post","type-post","status-publish","format-standard","has-post-thumbnail","hentry","category-durazno"],"_links":{"self":[{"href":"https:\/\/paginacero.com.uy\/index.php?rest_route=\/wp\/v2\/posts\/6695","targetHints":{"allow":["GET"]}}],"collection":[{"href":"https:\/\/paginacero.com.uy\/index.php?rest_route=\/wp\/v2\/posts"}],"about":[{"href":"https:\/\/paginacero.com.uy\/index.php?rest_route=\/wp\/v2\/types\/post"}],"author":[{"embeddable":true,"href":"https:\/\/paginacero.com.uy\/index.php?rest_route=\/wp\/v2\/users\/4"}],"replies":[{"embeddable":true,"href":"https:\/\/paginacero.com.uy\/index.php?rest_route=%2Fwp%2Fv2%2Fcomments&post=6695"}],"version-history":[{"count":1,"href":"https:\/\/paginacero.com.uy\/index.php?rest_route=\/wp\/v2\/posts\/6695\/revisions"}],"predecessor-version":[{"id":6697,"href":"https:\/\/paginacero.com.uy\/index.php?rest_route=\/wp\/v2\/posts\/6695\/revisions\/6697"}],"wp:featuredmedia":[{"embeddable":true,"href":"https:\/\/paginacero.com.uy\/index.php?rest_route=\/wp\/v2\/media\/6696"}],"wp:attachment":[{"href":"https:\/\/paginacero.com.uy\/index.php?rest_route=%2Fwp%2Fv2%2Fmedia&parent=6695"}],"wp:term":[{"taxonomy":"category","embeddable":true,"href":"https:\/\/paginacero.com.uy\/index.php?rest_route=%2Fwp%2Fv2%2Fcategories&post=6695"},{"taxonomy":"post_tag","embeddable":true,"href":"https:\/\/paginacero.com.uy\/index.php?rest_route=%2Fwp%2Fv2%2Ftags&post=6695"}],"curies":[{"name":"wp","href":"https:\/\/api.w.org\/{rel}","templated":true}]}}