{"id":6682,"date":"2025-03-27T00:24:33","date_gmt":"2025-03-27T03:24:33","guid":{"rendered":"https:\/\/paginacero.com.uy\/?p=6682"},"modified":"2025-03-27T00:24:33","modified_gmt":"2025-03-27T03:24:33","slug":"sublema-de-bertalmio-para-la-esperanza-tenemos-razones","status":"publish","type":"post","link":"https:\/\/paginacero.com.uy\/?p=6682","title":{"rendered":"Sublema de Bertalm\u00edo: \u00abPara la esperanza, tenemos razones\u00bb"},"content":{"rendered":"<p>En la sede partidaria<b>\u00a0\u00abDr. Beresmundo Peralta\u00bb,\u00a0<\/b>ubicada en calle Manuel Oribe 425, uno de los dos candidatos del\u00a0<b>Frente Amplio,<\/b>\u00a0a la Intendencia de Durazno,\u00a0<b>Dr. Mauricio Bertalm\u00edo Ramos\u00a0<\/b>y dem\u00e1s dirigentes del sector, dieron a conocer el<b>\u00a0Sublema y las Listas<\/b>\u00a0que apuntalan su postulaci\u00f3n.<!--more--><\/p>\n<div><span style=\"font-size: large;\" data-olk-copy-source=\"MessageBody\">El\u00a0<b>Sublema<\/b>\u00a0que lo identifica se denomina\u00a0<b>\u00abPara la esperanza, tenemos razones\u00bb,\u00a0<\/b>y las que lo integran por el momento son las\u00a0<b>Listas 2121, 1813, 738, 77 y 13<\/b><\/span><\/div>\n<div><span style=\"font-size: large;\">En la rueda de prensa en la que se realiz\u00f3 el anuncio, los participantes destacaron la unidad de\u00a0 los sectores en apoyo al\u00a0<b>conocido m\u00e9dico<\/b>\u00a0y abordaron ante los medios de comunicaci\u00f3n otros temas de actualidad.<\/span><\/div>\n<div><span style=\"font-size: large;\">Transmitieron su preocupaci\u00f3n por \u00abla problem\u00e1tica que se plantea cuando se denuncian casos en la Junta, se plantean y muchas veces, la mayor\u00eda de las veces es caso omiso por parte de<b>l ejecutivo,<\/b>\u00a0llevar adelante esos reclamos. Y en cuanto a Durazno, en los barrios la problem\u00e1tica se da la misma en todos lados, pasa por el tema de\u00a0<b>trabajo,<\/b>\u00a0de la\u00a0<b>seguridad<\/b>, de\u00a0<b>salud,<\/b>\u00a0todos esos temas est\u00e1n arriba de la mesa, y nosotros como\u00a0<b>Frente Amplio<\/b>\u00a0tenemos un programa que ya est\u00e1 aprobado y es el que le estamos proponiendo a la gente; llevar a cabo las tareas y las propuestas con transparencia, o que la gente sepa qu\u00e9 es lo que se est\u00e1 haciendo con aquel que paga sus impuestos, en qu\u00e9 se gasta el dinero claramente y todas esas cosas\u00bb.<\/span><\/div>\n<div><span style=\"font-size: large;\">\u00a0<\/span><\/div>\n<div><b><span style=\"font-size: large;\">\u00abPropuestas que en d\u00e9<\/span><span style=\"font-size: large;\">cadas no llevaron adelante<\/span>\u00ab<\/b><\/div>\n<div><span style=\"font-size: large;\">El dirigente del sector,\u00a0<b>Edil Carlos Carrica,<\/b>\u00a0estableci\u00f3 en otro orden que \u00ab<b>Durazno\u00a0<\/b>se merece un cambio en cuanto a su gobernanza y en el modo de llevar adelante las tareas que le conciernen a la Intendencia. Yo he visto con asombro ahora gente del oficialismo departamental proponiendo cosas que durante d\u00e9cadas no las han llevado adelante, pero es bueno escucharla, como por ejemplo una propuesta de presupuesto participativo, que est\u00e1 dentro del programa del\u00a0<b>Frente Amplio,<\/b>\u00a0hoy la vemos en boca de todos los candidatos. Eso es bueno siempre y cuando despu\u00e9s se lleven a cabo\u00bb, dijo\u00a0<b>Carrica<\/b>\u00a0y agreg\u00f3 luego que \u00abestamos pidiendo una oportunidad como\u00a0<b>Frente Amplio<\/b>\u00a0para llevar los hilos del departamento, y como dije principalmente con mucha transparencia\u00bb.<\/span><\/div>\n<div><span style=\"font-size: large;\">\u00a0<\/span><\/div>\n<div><span style=\"font-size: large;\"><b>Bertalm\u00edo<\/b>, fue consultado en su calidad de dirigente pol\u00edtico y de m\u00e9dico, sobre el caso que se registr\u00f3 en el\u00a0<b>Hospital Dr. Emilio Penza,<\/b>\u00a0con el ataque a balazos dentro del nosocomio a una persona internada, respondiendo que \u00abla\u00a0<\/span>visi\u00f3n m\u00eda, primero como ciudadano; la enorme preocupaci\u00f3n, se cruz\u00f3 un l\u00edmite que no sab\u00edamos que era posible que se cruzara. Hoy (por el mi\u00e9rcoles 26) casualmente hay un paro que no es ni contra las autoridades de la salud, ni contra el hospital, sino un paro para tomar conciencia de visualizar esa problem\u00e1tica que creo que todos la visualizan, y bueno, \u00bfc\u00f3mo se puede trabajar?. Desde la\u00a0<b>Intendencia<\/b>, empezar despacito con un \u00e1rea de convivencia ciudadana. La\u00a0<b>seguridad<\/b>\u00a0no corresponde a la Intendencia, pero s\u00ed, la convivencia. Hay una tarea que no es de uno solo, ni de un Partido solo, es una tarea de una comunidad entera, una tarea de que como ciudadanos tenemos que empezar a adue\u00f1arnos de los espacios, hacerlos propios, hacerlos nuestros, para de alguna forma poder, en cierto modo, desplazar gente que socialmente va por otro camino. Es eso, insistir en el tema de convivencia, que es lo que es la Intendencia, y bueno, y una tarea que vamos a precisar, de hecho, no tiene la varita m\u00e1gica, el pol\u00edtico que diga que va a solucionar las cosas miente, porque es un problema de un tejido social que r\u00e1pidamente se ha ido deteriorando, por varios motivos, pero es uno de ellos. Hay que apuntar a varias cosas y con varios actores a la vez\u00bb, manifest\u00f3\u00a0<b>Bertalm\u00edo<\/b>.<\/div>\n<div><span style=\"font-size: large;\">\u00a0<\/span><\/div>\n<div><span style=\"font-size: large;\"><b>Las encuestas no le preocupan<\/b><\/span><\/div>\n<div><span style=\"font-size: large;\">Ante la pregunta de si considera las\u00a0<b>encuestas o compulsas de opini\u00f3n ciudadana<\/b>\u00a0que se han dado, se\u00f1al\u00f3 que no le preocupan. \u00aben lo personal, no. En lo personal estamos enfocados en nuestra tarea de poder ser gobierno. El tema de la encuesta es muy relativo, m\u00e1s cuando no se tiene una fuente clara, y bueno, o sea, la miro porque la veo, pero de ah\u00ed a que uno le d\u00e9 la importancia, o sea, cada uno le da la importancia de su \u00f3ptica. Nosotros estamos\u00a0<b>enfocados en nuestro programa de gobiern<\/b>o, estamos enfocados en todos los d\u00edas hacer una reuni\u00f3n en alg\u00fan barrio, estamos enfocados en escuchar a la gente, estamos enfocados en eso. Particularmente, ustedes nunca me van a o\u00edr hablar de los rivales vocacionales pol\u00edticos; nos enfocamos en nuestra campa\u00f1a, no en cr\u00edticas, ni en opinar de otras fuerzas pol\u00edticas. La energ\u00eda la estamos enfocando<b>\u00a0100% en el programa de Frente Amplio<\/b>\u00ab, sostuvo el candidato.<\/span><\/div>\n<div><span style=\"font-size: large;\">\u00a0<\/span><\/div>\n<div><span style=\"font-size: large;\"><b>Equipo de trabajo hacia la IDD<\/b><\/span><\/div>\n<div><span style=\"font-size: large;\">Sobre si la candidatura ya cuenta con un\u00a0<b>equipo integrado<\/b>\u00a0en caso de alcanzar el gobierno tras la elecci\u00f3n del domingo el 11 de mayo, el<b>\u00a0candidato del FA,<\/b>\u00a0respondi\u00f3 que s\u00ed, \u00abya hay equipo, ya hay conversaciones, algo que hay que hacer con mucho cuidado, hace mucho ya que nos venimos reuniendo y hay gente que hace a\u00f1os que est\u00e1 esperando este momento\u00bb<\/span><\/div>\n<div><span style=\"font-size: large;\">En tanto el dirigente,\u00a0<b>Pedro Hern\u00e1ndez,\u00a0<\/b>del sector\u00a0<b>Liga Federal,<\/b>\u00a0coment\u00f3 en la conferencia de prensa que \u00abcomo lo dec\u00eda\u00a0<b>Carlos Carrica<\/b>, es un\u00e1nime en esta fuerza pol\u00edtica la manera y la forma que queremos hacer este gobierno si la ciudadan\u00eda as\u00ed lo avala, que es en la transparencia, es la\u00a0<b>descentralizaci\u00f3n<\/b>\u00a0y sobre todo, que los\u00a0<b>recursos econ\u00f3micos\u00a0<\/b>que son de la ciudadan\u00eda pasen por lo que la ciudadan\u00eda quiera, que nosotros denominamos, proyectos participativos en las ciudades, en los pueblos, y la descentralizaci\u00f3n es algo fundamental que ha pasado, que nosotros en estos a\u00f1os trabajamos para crear nuevas alcald\u00edas, que tuvimos el rechazo del ejecutivo departamental\u00bb.<\/span><\/div>\n<div><span style=\"font-size: large;\">\u00abY lo otro que queremos destacar es que queremos esa mente de ese hombre que no es pol\u00edtico que estaba hablando (en referencia al\u00a0<b>Dr. Mauricio Bertalm\u00edo)<\/b>, que viene con otra impronta, con una mente totalmente limpia de lo que nosotros, los que venimos de muchos a\u00f1os, a veces cargamos con alguna situaci\u00f3n que nos arrastra a la pol\u00edtica y yo creo que a\u00a0<b>Durazno<\/b>\u00a0le hace falta la mente de una persona, de un m\u00e9dico que a diario ve sufrir a la gente y creo que la sensibilidad que le est\u00e1 haciendo falta es la de un gobernante de esta categor\u00eda, de esta naturaleza\u00bb.<\/span><\/div>\n","protected":false},"excerpt":{"rendered":"<p>En la sede partidaria\u00a0\u00abDr. Beresmundo Peralta\u00bb,\u00a0ubicada en calle Manuel Oribe 425, uno de los dos candidatos del\u00a0Frente Amplio,\u00a0a la Intendencia de Durazno,\u00a0Dr. Mauricio Bertalm\u00edo Ramos\u00a0y dem\u00e1s dirigentes del sector, dieron a conocer el\u00a0Sublema y las Listas\u00a0que apuntalan su postulaci\u00f3n.<\/p>\n","protected":false},"author":4,"featured_media":6683,"comment_status":"closed","ping_status":"closed","sticky":false,"template":"","format":"standard","meta":{"footnotes":""},"categories":[5],"tags":[],"class_list":["post-6682","post","type-post","status-publish","format-standard","has-post-thumbnail","hentry","category-durazno"],"_links":{"self":[{"href":"https:\/\/paginacero.com.uy\/index.php?rest_route=\/wp\/v2\/posts\/6682","targetHints":{"allow":["GET"]}}],"collection":[{"href":"https:\/\/paginacero.com.uy\/index.php?rest_route=\/wp\/v2\/posts"}],"about":[{"href":"https:\/\/paginacero.com.uy\/index.php?rest_route=\/wp\/v2\/types\/post"}],"author":[{"embeddable":true,"href":"https:\/\/paginacero.com.uy\/index.php?rest_route=\/wp\/v2\/users\/4"}],"replies":[{"embeddable":true,"href":"https:\/\/paginacero.com.uy\/index.php?rest_route=%2Fwp%2Fv2%2Fcomments&post=6682"}],"version-history":[{"count":1,"href":"https:\/\/paginacero.com.uy\/index.php?rest_route=\/wp\/v2\/posts\/6682\/revisions"}],"predecessor-version":[{"id":6684,"href":"https:\/\/paginacero.com.uy\/index.php?rest_route=\/wp\/v2\/posts\/6682\/revisions\/6684"}],"wp:featuredmedia":[{"embeddable":true,"href":"https:\/\/paginacero.com.uy\/index.php?rest_route=\/wp\/v2\/media\/6683"}],"wp:attachment":[{"href":"https:\/\/paginacero.com.uy\/index.php?rest_route=%2Fwp%2Fv2%2Fmedia&parent=6682"}],"wp:term":[{"taxonomy":"category","embeddable":true,"href":"https:\/\/paginacero.com.uy\/index.php?rest_route=%2Fwp%2Fv2%2Fcategories&post=6682"},{"taxonomy":"post_tag","embeddable":true,"href":"https:\/\/paginacero.com.uy\/index.php?rest_route=%2Fwp%2Fv2%2Ftags&post=6682"}],"curies":[{"name":"wp","href":"https:\/\/api.w.org\/{rel}","templated":true}]}}