{"id":6679,"date":"2025-03-27T00:20:36","date_gmt":"2025-03-27T03:20:36","guid":{"rendered":"https:\/\/paginacero.com.uy\/?p=6679"},"modified":"2025-03-27T00:20:36","modified_gmt":"2025-03-27T03:20:36","slug":"corriente-de-izquierda-sumo-apoyo-a-raul-licandro-fa","status":"publish","type":"post","link":"https:\/\/paginacero.com.uy\/?p=6679","title":{"rendered":"Corriente de Izquierda sum\u00f3 apoyo a Ra\u00fal Licandro (FA)"},"content":{"rendered":"<p>La\u00a0<b>Corriente de Izquierda, Lista 5271\u00a0<\/b>que tiene entre sus principales dirigentes a\u00a0<b>Carlos \u00ab\u00c1rabe\u00bb S\u00e1nchez,\u00a0<\/b>confirm\u00f3 en rueda de prensa el martes el apoyo a la candidatura de\u00a0<b>Ra\u00fal Licandro<\/b>, a la Intendencia de Durazno.<!--more--><\/p>\n<p data-olk-copy-source=\"MessageBody\">\u00ab<span style=\"color: #000000;\"><span style=\"font-family: Arial, sans-serif;\"><span style=\"font-size: large;\">Primero que nada muchas gracias a todos por haber venido a la inauguraci\u00f3n de la\u00a0<b>Lista 5271<\/b>\u00a0para dar el apoyo a<b>\u00a0(Ra\u00fal) Licandro<\/b>\u00a0para la Intendencia de Durazno, y por el compa\u00f1ero tambi\u00e9n que vino de\u00a0<b>Montevideo<\/b>\u00a0para apoyarnos,\u00a0<b>Carlos S\u00e1nchez.<\/b>\u00a0Se agradece todo el apoyo que nos est\u00e1n dando y de aqu\u00ed en m\u00e1s con fuerza y para la Intendencia de Durazno\u00bb, coment\u00f3 en la apertura de la convocatoria el dirigente,\u00a0<b>Federico Taranto<\/b>.<\/span><\/span><\/span><\/p>\n<p><span style=\"color: #000000;\"><span style=\"font-family: Arial, sans-serif;\"><span style=\"font-size: large;\">De la mesa que anunci\u00f3 la adhesi\u00f3n, participaron adem\u00e1s de\u00a0<b>Licandro\u00a0<\/b>y\u00a0<b>S\u00e1nchez<\/b>;\u00a0<b>Federico Taranto<\/b>,\u00a0<b>Rosana M\u00e1s, Yanina G\u00f3mez, Ruben Rodr\u00edguez, Marcelo Casanova<\/b>, as\u00ed como\u00a0<b>Magaluna Bord\u00f3n, V\u00edctor Rovira, Alfredo Rodr\u00edguez<\/b>, entre otras personas.<\/span><\/span><\/span><\/p>\n<p>\u00ab<span style=\"color: #000000;\"><span style=\"font-family: Arial, sans-serif;\"><span style=\"font-size: large;\"><b>Ser\u00eda hist\u00f3rico\u00bb, primer triunfo del FA en la Intendencia<\/b><\/span><\/span><\/span><\/p>\n<p><span style=\"color: #000000;\"><span style=\"font-family: Arial, sans-serif;\"><span style=\"font-size: large;\"><b>Licandro<\/b>, destac\u00f3 la presencia de \u00ablas compa\u00f1eras y los compa\u00f1eros que est\u00e1n sumando una Lista m\u00e1s a nuestra candidatura y al triunfo del Frente Amplio, como siempre decimos; en octubre hemos derribado un mito que era que el\u00a0<b>Frente Amplio de Durazno<\/b>\u00a0no ganaba, bueno el\u00a0<b>Frente Amplio<\/b>\u00a0gan\u00f3 en Durazno y con esas ganas, con esa energ\u00eda, con ese \u00edmpetu que nos da el triunfo de octubre y despu\u00e9s que se ratifica en noviembre, venimos a mayo con la idea de eso mismo, de que ese envi\u00f3n que recibimos de la gente con el apoyo hacia el\u00a0<b>Frente Amplio<\/b>, tambi\u00e9n se consolide en un triunfo a nivel del departamento de\u00a0<b>Durazno,<\/b>\u00a0lo que ser\u00eda hist\u00f3rico, el primer triunfo del Frente Amplio a la Intendencia departamental, lo cual es todo un desaf\u00edo y para el cual estamos trabajando mucho, recorriendo los barrios, recorriendo el Interior, reuni\u00e9ndonos con distintas organizaciones sociales de todo tipo, deportivas, culturales, gremiales, etc\u00e9tera, como forma de ir fortaleciendo la candidatura y enriqueciendo nuestra propuesta, porque como saben, el Frente Amplio tiene un programa \u00fanico a nivel departamental que en unos d\u00edas va a ser presentado p\u00fablicamente a la ciudadan\u00eda, conjuntamente con las dos candidaturas del\u00a0<b>Frente Amplio\u00bb<\/b>.<\/span><\/span><\/span><\/p>\n<p><span style=\"color: #000000;\"><span style=\"font-family: Arial, sans-serif;\"><span style=\"font-size: large;\">El\u00a0<b>candidato frenteamplista<\/b>, agreg\u00f3 que \u00absiempre es bueno contrastar esto con lo que es la realidad, con lo que es el sentir de la poblaci\u00f3n, un poco lo que fue aquel \u00ab<b>el frente te escucha<\/b>\u00ab, que fue un ba\u00f1o de realidad que nos permiti\u00f3 resurgir luego de la derrota que hab\u00edamos recibido hace cinco a\u00f1os atr\u00e1s y que fue una herramienta fundamental para que el Frente Amplio hoy fuera gobierno nuevamente\u00bb, \u00abc<\/span><\/span><span style=\"font-family: Arial, sans-serif;\"><span style=\"font-size: large;\">on ese mismo esp\u00edritu y con esa misma idea, hemos recorrido barrios, organizaciones, el Interior, con la idea de escuchar las propuestas de las vecinas y los vecinos para elaborar nuestras propuestas y en ese sentido estamos muy conformes con el trabajo y ni que hablar con el apoyo de la\u00a0<b>Corriente de Izquierda, la 5271<\/b>, que por segunda vez est\u00e1 ac\u00e1 present\u00e1ndose en esta elecci\u00f3n; recordemos que hace cinco a\u00f1os atr\u00e1s tambi\u00e9n estuvo trabajando por esta misma candidatura\u00bb.<\/span><\/span><\/span><\/p>\n<p><span style=\"color: #000000; font-family: Arial, sans-serif; font-size: large;\">\u00ab<\/span><span style=\"color: #000000;\"><span style=\"font-family: Arial, sans-serif;\"><span style=\"font-size: large;\"><b>Desaz\u00f3n y clientelismo pol\u00edtico\u00bb<\/b><\/span><\/span><\/span><\/p>\n<p><span style=\"color: #000000;\"><span style=\"font-family: Arial, sans-serif;\"><span style=\"font-size: large;\">Subray\u00f3 luego que en ese sentido \u00abhay coherencia, hay compromiso, hay militancia y junto con la 5271 y otras tantas listas, que en total son nueve ac\u00e1 en el departamento, sumamos y trabajamos en primer lugar por el triunfo del\u00a0<b>Frente Amplio<\/b>\u00a0y despu\u00e9s para que desde el ejecutivo departamental podamos cambiar una realidad\u00bb, \u00abveinticinco a\u00f1os de una administraci\u00f3n que a todos nos ha sumido en la desaz\u00f3n, con el clientelismo pol\u00edtico como forma de proceder pol\u00edticamente, con un centralismo exacerbado que cada vez que salimos al Interior la gente lo demuestra, no puede ser la realidad que existe en el Interior del departamento y no solo en\u00a0<b>Blanquillo, La Paloma<\/b>, no; en\u00a0<b>Sarand\u00ed del Yi<\/b>, que es la segunda ciudad del departamento, ya sienten el &#8216;ninguneo&#8217; de lo que es el centralismo de la\u00a0<b>Intendencia\u00a0<\/b><b>d<\/b><b>epartamental de Dura<\/b><b>zno<\/b>; muchos son los planteos de la gente fuentes de trabajo y ni que hablar en cantidad y en calidad\u00bb.<\/span><\/span><\/span><\/p>\n<p><span style=\"color: #000000; font-family: Arial, sans-serif; font-size: large;\">\u00ab<\/span><span style=\"color: #000000;\"><span style=\"font-family: Arial, sans-serif;\"><span style=\"font-size: large;\">Hoy ac\u00e1 tenemos varios trabajadores y trabajadoras que son de la industria frigor\u00edfica que han tenido que enfrentar un duro conflicto contra una de las empresas m\u00e1s grandes del\u00a0<b>Uruguay<\/b>, M<b>inerva,<\/b>\u00a0y lo est\u00e1n sufriendo y lo siguen sufriendo, pero el sindicato est\u00e1 firme, los compa\u00f1eros est\u00e1n firmes en la lucha y obviamente la unidad de los trabajadores y las trabajadoras de toda la clase trabajadora duraznense tiene que ser la fortaleza, tiene que ser el pu\u00f1o con el cual tenemos que defender la fuente de trabajo. Desde nuestra propuesta estamos planteando claramente la necesidad de defender la fuente de trabajo de los duraznenses\u00bb, sentenci\u00f3.<\/span><\/span><\/span><\/p>\n<p><span style=\"color: #000000;\"><span style=\"font-family: Arial, sans-serif;\"><span style=\"font-size: large;\"><b>Shopping \u00ablas ganancias se van a ir de Durazno\u00bb<\/b><\/span><\/span><\/span><\/p>\n<p><span style=\"color: #000000;\">\u00ab<span style=\"font-family: Arial, sans-serif;\"><span style=\"font-size: large;\">No puede ser que las empresas de la construcci\u00f3n, por poner el ejemplo m\u00e1s claro, vengan a Durazno, se instalen en\u00a0<b>Durazno<\/b>\u00a0y traigan los trabajadores de toda la Rep\u00fablica y los trabajadores de Durazno tengan que emigrar a otros departamentos a buscar la &#8216;changa&#8217;. No puede ser que se favorezca a las grandes empresas que se vienen a instalar a Durazno con el verso de la inversi\u00f3n, cuando en realidad sabemos que una vez que se instalen, una vez que est\u00e9n construidos el\u00a0<b>shopping<\/b>\u00a0y toda la infraestructura que est\u00e1n prometiendo, las ganancias, el producto de las ganancias de esas empresas, de esas grandes cadenas de distintas empresas, las ganancias se van a ir de Durazno, y ac\u00e1 van a quedar los peque\u00f1os, los medianos empresarios sumidos en lo que es la crisis, en lo que es el estancamiento. Tenemos que promover las peque\u00f1as y medianas empresas del departamento, todo lo que genera ganancias y trabajo, y para eso tenemos que estar trabajando y fortaleciendo a ese tipo de peque\u00f1as empresas que en el conjunto son las que realmente le dan trabajo a la poblaci\u00f3n\u00bb.<\/span><\/span><\/span><\/p>\n<p>&nbsp;<\/p>\n<p><span style=\"color: #000000;\"><span style=\"font-family: Arial, sans-serif;\"><span style=\"font-size: large;\"><b>Miedo por inseguridad \u00aba Durazno le va a llegar\u00bb<\/b><\/span><\/span><\/span><\/p>\n<p><span style=\"color: #000000;\"><span style=\"font-family: Arial, sans-serif;\"><span style=\"font-size: large;\"><b>Carlos S\u00e1nchez\u00a0<\/b><b>(Lista 5271),<\/b>\u00a0coment\u00f3 que \u00abeste proyecto que empez\u00f3 a andar hace cinco a\u00f1os con el compa\u00f1ero\u00a0<b>(Federico)\u00a0<\/b><b>Taranto,<\/b>\u00a0con\u00a0<b>Ra\u00fal\u00a0<\/b><b>(Licandro)<\/b>, crece. Hay compa\u00f1eros que ya son, se puede decir, que de ra\u00edz de la\u00a0<b>Corriente Izquierda<\/b>, compa\u00f1eros del sindicato de la carne. Escuchando a<b>\u00a0Ra\u00fal (Licandro)<\/b>\u00a0y pensaba..; yo le ped\u00ed hace unos d\u00edas que me pasara m\u00e1s o menos a grandes rasgos lo que era el\u00a0<b>programa del Frente de Durazno,\u00a0<\/b>y una de las cosas que me alegr\u00f3 mucho fue la descentralizaci\u00f3n. La idea que tiene el\u00a0<b>Frente\u00a0<\/b><b>(Amplio)<\/b><b>,<\/b>\u00a0seguramente es una idea de todo el Frente de Durazno, de generar\u00a0<b>A<\/b><b>lcald\u00edas\u00a0<\/b>en distintas localidades del departamento. Hace cinco a\u00f1os ven\u00edamos, est\u00e1bamos ac\u00e1 reunidos, ven\u00edamos de una derrota dura, que no se esperaba. Hoy se mira desde el otro lado, hoy se mira desde el lado del\u00a0<b>Frente\u00a0<\/b><b>(Amplio)\u00a0<\/b>gobierno, de que la poblaci\u00f3n les dio los cinco a\u00f1os que ped\u00edan y realmente creo que la mayor\u00eda de los trabajadores en estos cinco a\u00f1os lo que hizo fue perder poder adquisitivo, perder tranquilidad, porque el trabajo, el decir tengo el trabajo seguro, cuando eso no pasa tambi\u00e9n se pierde tranquilidad. Los grandes slogans quedaron por el camino\u00bb, sostuvo.<\/span><\/span><\/span><\/p>\n<p><span style=\"color: #000000;\"><span style=\"font-family: Arial, sans-serif;\"><span style=\"font-size: large;\">Agreg\u00f3 que \u00abno hay m\u00e1s seguridad\u00bb, \u00abyo vengo de\u00a0<b>Montevideo<\/b>, estoy viviendo all\u00e1 hace 25 a\u00f1os; tambi\u00e9n soy del<b>\u00a0<\/b><b>I<\/b><b>nterior<\/b>, entonces he visto la evoluci\u00f3n de estos 25 a\u00f1os y realmente no hubo ning\u00fan cambio; es decir, los n\u00fameros esos que a ustedes les pueden decir as\u00ed, les pasan en la televisi\u00f3n o se lo pasan en un titular de un diario diciendo &#8216;bajaron las rapi\u00f1as&#8217;, realmente la gente en s\u00ed no lo siente. Hay m\u00e1s miedo, es decir, el miedo est\u00e1, la gente cada vez sale menos, ha cambiado la forma de vivir la gente; incluso en Montevide\u00bbo, no s\u00e9 ac\u00e1 en Durazno, pero les voy a decir la realidad de Montevideo, la realidad de\u00a0<b>Montevideo\u00a0<\/b>es que, por ejemplo, no quedan bares; por qu\u00e9?; porque la gente ya no sale, ya la gente vive del delibery, porque lo llama a la casa porque la gente tiene miedo a salir. Entonces, eso es un tema de inseguridad. Quiz\u00e1s no est\u00e9 tan presente todav\u00eda en Durazno, pero les va a llegar, y esperemos que realmente incluso el Frente haya aprendido la lecci\u00f3n de los 15 a\u00f1os anteriores de que la seguridad es parte importante\u00bb.<\/span><\/span><\/span><\/p>\n<p><span style=\"color: #000000;\"><span style=\"font-family: Arial, sans-serif;\"><span style=\"font-size: large;\">Se refiri\u00f3 luego a la<b>\u00a0Reforma de\u00a0<\/b><b>S<\/b><b>eguridad\u00a0<\/b><b>S<\/b><b>ocial<\/b>, que catalog\u00f3 de \u00abespantosa\u00bb; diciendo que \u00ablos trabajadores van a perder plata. Si esto no logra el Frente (Amplio) revertir esta reforma que se hizo, pues realmente los trabajadores van a perder plata porque a nadie le pueden hacer entender que sea real que va a ganar m\u00e1s plata. Desde el momento en que hoy, es decir, nosotros los que ya tenemos 45 y 15, los jubilamos y si llegamos a los\u00a0<b>60 con 30 a\u00f1os aportados<\/b>, a partir de los 60 por cada a\u00f1o m\u00e1s que se nos antoje trabajar tenemos 3 a\u00f1os por a\u00f1o cumplido m\u00e1s un punto m\u00e1s, un 4% m\u00e1s por a\u00f1o de aporte. Es decir, es un\u00a0<b>4% m\u00e1s por cada a\u00f1o<\/b>. Eso se pierde en la reforma; entonces, es imposible\u00bb.<\/span><\/span><\/span><\/p>\n","protected":false},"excerpt":{"rendered":"<p>La\u00a0Corriente de Izquierda, Lista 5271\u00a0que tiene entre sus principales dirigentes a\u00a0Carlos \u00ab\u00c1rabe\u00bb S\u00e1nchez,\u00a0confirm\u00f3 en rueda de prensa el martes el apoyo a la candidatura de\u00a0Ra\u00fal Licandro, a la Intendencia de Durazno.<\/p>\n","protected":false},"author":4,"featured_media":6680,"comment_status":"closed","ping_status":"closed","sticky":false,"template":"","format":"standard","meta":{"footnotes":""},"categories":[5],"tags":[],"class_list":["post-6679","post","type-post","status-publish","format-standard","has-post-thumbnail","hentry","category-durazno"],"_links":{"self":[{"href":"https:\/\/paginacero.com.uy\/index.php?rest_route=\/wp\/v2\/posts\/6679","targetHints":{"allow":["GET"]}}],"collection":[{"href":"https:\/\/paginacero.com.uy\/index.php?rest_route=\/wp\/v2\/posts"}],"about":[{"href":"https:\/\/paginacero.com.uy\/index.php?rest_route=\/wp\/v2\/types\/post"}],"author":[{"embeddable":true,"href":"https:\/\/paginacero.com.uy\/index.php?rest_route=\/wp\/v2\/users\/4"}],"replies":[{"embeddable":true,"href":"https:\/\/paginacero.com.uy\/index.php?rest_route=%2Fwp%2Fv2%2Fcomments&post=6679"}],"version-history":[{"count":1,"href":"https:\/\/paginacero.com.uy\/index.php?rest_route=\/wp\/v2\/posts\/6679\/revisions"}],"predecessor-version":[{"id":6681,"href":"https:\/\/paginacero.com.uy\/index.php?rest_route=\/wp\/v2\/posts\/6679\/revisions\/6681"}],"wp:featuredmedia":[{"embeddable":true,"href":"https:\/\/paginacero.com.uy\/index.php?rest_route=\/wp\/v2\/media\/6680"}],"wp:attachment":[{"href":"https:\/\/paginacero.com.uy\/index.php?rest_route=%2Fwp%2Fv2%2Fmedia&parent=6679"}],"wp:term":[{"taxonomy":"category","embeddable":true,"href":"https:\/\/paginacero.com.uy\/index.php?rest_route=%2Fwp%2Fv2%2Fcategories&post=6679"},{"taxonomy":"post_tag","embeddable":true,"href":"https:\/\/paginacero.com.uy\/index.php?rest_route=%2Fwp%2Fv2%2Ftags&post=6679"}],"curies":[{"name":"wp","href":"https:\/\/api.w.org\/{rel}","templated":true}]}}