{"id":6676,"date":"2025-03-27T00:14:37","date_gmt":"2025-03-27T03:14:37","guid":{"rendered":"https:\/\/paginacero.com.uy\/?p=6676"},"modified":"2025-03-27T00:14:37","modified_gmt":"2025-03-27T03:14:37","slug":"sectores-de-algorta-guardia-municipal-con-la-policia","status":"publish","type":"post","link":"https:\/\/paginacero.com.uy\/?p=6676","title":{"rendered":"Sectores de Algorta: \u00abGuardia Municipal\u00bb con la Polic\u00eda"},"content":{"rendered":"<p>Dos de los principales referentes de la dirigencia del sector que postula al\u00a0<b>Dr. Felipe Algorta, a la Intendencia de Durazno<\/b>, dieron en nota con P<b>\u00e1gina Cero<\/b>, sus enfoques y temas para encarar en el departamento, en caso de acceder a la jefatura comunal.<!--more--><\/p>\n<div><span style=\"font-size: large;\" data-olk-copy-source=\"MessageBody\">Se trata del\u00a0<b>Crio. Mayor (R) Bruno Rivero<\/b>, asesor en materia de seguridad, y el\u00a0<b>Cr. Juan Andr\u00e9s Bruno S\u00e1nchez<\/b>, especializado en temas econ\u00f3micos financieros.<\/span><\/div>\n<div><span style=\"font-size: large;\">Al comenzar hicieron un an\u00e1lisis de lo que fue el acto p\u00fablico de lanzamiento del sector, efectuado el domingo de noche en\u00a0<b>Plaza Jos\u00e9 Enrique Rod\u00f3<\/b>.<\/span><\/div>\n<div><span style=\"font-size: large;\"><b>Rivero<\/b>, destac\u00f3 la\u00a0tranquilidad de que colm\u00f3 las expectativas, dado que seg\u00fan dijo \u00abel clima se presentaba amenazante, lo que de alguna manera nos gener\u00f3 cierta incertidumbre, al hacerse el evento a cielo abierto, sin embargo, no s\u00e9 si la energ\u00eda positiva y las ganas que se llevara adelante ese evento, que el clima estuvo espectacular y\u00a0colm\u00f3 totalmente las expectativas que ten\u00edamos para el acto\u00bb, \u00abdespu\u00e9s, lo que dej\u00f3 fue reafirmar el compromiso de nuestro principal l\u00edder en estas circunstancias, que es\u00a0<b>Felipe Algorta<\/b>, con la ciudadan\u00eda, haciendo anuncios de importancia, y que van a ser insumos seguramente para ustedes y para los colegas de la prensa para trabajar de ac\u00e1 en adelante; pero entiendo yo que un gran compromiso con la gente de lo que ya tenemos planificado y creo que la planificaci\u00f3n es parte de la responsabilidad de un equipo de trabajo, cuando lo escribe, cuando lo tiene pensado y elaborado, para de alguna manera, una vez que se acceda al gobierno departamental, desde el d\u00eda &#8216;uno&#8217;, empezar a trabajar en forma organizada\u00bb.<\/span><\/div>\n<div><span style=\"font-size: large;\">\u00a0<\/span><\/div>\n<div><span style=\"font-size: large;\"><b>Acto mejor que el de Lacalle Pou en 2019<\/b><\/span><\/div>\n<div><span style=\"font-size: large;\">En tanto\u00a0<b>Bruno S\u00e1nchez<\/b>, opin\u00f3 que \u00abhay que resaltar una gran hermandad entre las distintas listas.\u00a0Se nota un lindo ambiente, con ganas de esperanzas de un cambio, de una nueva era en el gobierno departamental y trabajando en equipo, con distintos liderazgos, distintos perfiles y gente nueva que se ha ido sumando,\u00a0y que se nota ese buen \u00e1nimo, esa buena energ\u00eda que hay\u00bb.<\/span><\/div>\n<div><span style=\"font-size: large;\">\u00abLo bueno, lo lindo que estuvo ayer (por el domingo pasado) fue que, como dec\u00eda\u00a0<b>Bruno (Rivero)<\/b>, que\u00a0<b>Felipe\u00a0(Algorta<\/b>) dio un pantallazo general sobre sus principales propuestas, y otro tema importante fue que confirm\u00f3 al\u00a0<b>Contador<\/b>\u00a0<b>Jorge Reyna como Director de Hacienda<\/b>\u00a0en caso de llegar al gobierno departamental\u00bb.<\/span><\/div>\n<div><span style=\"font-size: large;\">\u00abLa verdad que yo tengo varias elecciones como militante y yo ten\u00eda un poco de miedo, porque hoy en d\u00eda la gente no es de ir a los actos y ahora est\u00e1bamos hablando con\u00a0<b>Bruno (Rivero),<\/b>\u00a0y el \u00faltimo acto grande as\u00ed que hab\u00eda visto como este, que fue muy bueno, fue el de\u00a0<b>(Luis) Lacalle Pou<\/b>, en el\u00a0<b>2019<\/b>, que fue en ese mismo lugar.\u00a0Y comparaba ese con este y digo, empatamos o est\u00e1s un poquito mejor que ese acto de 2019?, con\u00a0un\u00a0<b>Lacalle Pou que fue Presidente (de la Rep\u00fablica)<\/b>\u00a0despu\u00e9s\u00bb.<\/span><\/div>\n<div><span style=\"font-size: large;\">\u00abLa\u00a0verdad es que se est\u00e1n alineando los planetas para que salga todo bien\u00bb, lanz\u00f3 el entrevistado.<\/span><\/div>\n<div><span style=\"font-size: large;\">El entrevistado subray\u00f3 luego que<\/span><span style=\"font-size: large;\">\u00a0el\u00a0<b>Partido Nacional de Durazno\u00a0<\/b>\u00abviene militando bien, con sus distintas corrientes. Estamos yendo a los barrios, estamos trabajando &#8216;puerta a puerta&#8217; y e<\/span>l Partido, se nota una campa\u00f1a en armon\u00eda y\u00a0ojal\u00e1 que se pueda retener el gobierno, que no dudo que viene muy bien\u00bb, empero, sostuvo que el\u00a0<b>Frente Amplio<\/b>\u00a0tambi\u00e9n captar\u00e1 un buen n\u00famero de sufragios; \u00abcreo que siempre pasa en las elecciones nacionales que el\u00a0<b>Frente (Amplio)\u00a0<\/b>crece y despu\u00e9s lo que pasa es que la ciudadan\u00eda cambia el chip y ve el vecino que tiene que estar m\u00e1s preparado para gobernar, el que se\u00a0preocupa por la ciudadan\u00eda, y\u00a0<b>Felipe (Algorta<\/b>), ha dado muestras de que es un gestor muy bueno, que siempre est\u00e1 dando respuestas, que lo hemos notado nosotros, que estamos saliendo en el\u00a0<b>&#8216;puerta a puerta&#8217;<\/b>, y yo\u00a0pensaba que, en cierto barrio, capaz que no nos va tan bien, y nos reciben con los brazos abiertos por las gestiones que se han hecho durante estos cinco a\u00f1os de Felipe en\u00a0<b>UTE<\/b>\u00ab.<\/div>\n<div><\/div>\n<div>\n<div><span style=\"font-size: large;\"><b>IDD: \u00ab\u00faltimo periodo no tan bueno como los primeros\u00bb<\/b><\/span><\/div>\n<div><span style=\"font-size: large;\"><b>Juan Andr\u00e9s Bruno,<\/b>\u00a0sostuvo que \u00abFelipe<b>\u00a0(Algorta)<\/b>\u00a0habl\u00f3 de la gesti\u00f3n; hizo un discurso muy lindo en cu\u00e1nto a tirar temas; habl\u00f3 de no festejar el super\u00e1vit y\u00a0eso es un enfoque que me parece muy bueno. La Intendencia tiene que tener finanzas ordenadas, pero\u00a0el fin de la Intendencia no es<b>\u00a0recaudar y tener plata en el banc<\/b>o, sino ejecutar obras y dar servicios para los contribuyentes y los ciudadanos en general, que son quienes viven en\u00a0<b>Durazno<\/b>\u00ab.<\/span><\/div>\n<div><span style=\"font-size: large;\">\u00abYo creo que Durazno uno no puede ser tan obtuso en decir que est\u00e1 todo mal.\u00a0Durazno tuvo un momento; el gobierno que est\u00e1 terminando, tuvo un buen comienzo y se fue desgastando.\u00a0Por desgaste de la biolog\u00eda y por desgaste de que la gesti\u00f3n se agota,\u00a0y creo que este \u00faltimo periodo no fue tan bueno como los primeros.\u00a0<b>Durazno<\/b>\u00a0lo que hoy necesita es una nueva generaci\u00f3n de dirigentes; una nueva generaci\u00f3n de administradores, y a eso es lo que venimos.\u00a0No es solo un eslogan el\u00a0<b>\u00abnuevo impulso\u00bb<\/b>, es no tirar a la basura todo lo que se hizo,\u00a0sino darle un nuevo impulso a la gesti\u00f3n\u00bb.<\/span><\/div>\n<div>Entre los temas e iniciativas previstas encarar si el sector accede a la IDD, est\u00e1n \u00abel\u00a0tener un\u00a0<b>sistema de gesti\u00f3n<\/b>; de seguir los tr\u00e1mites. No puede ser que uno vaya a un tr\u00e1mite y quede en la nebulosa, sino que hacer un seguimiento como existe en otros organismos del Estado, por medio de una\u00a0<b>aplicaci\u00f3n (App) o\u00a0<\/b><b>un acceso al sistema\u00a0<\/b>y ver el tr\u00e1mite d\u00f3nde est\u00e1.\u00a0Eso es fundamental y en eso \u00e9l lo demostr\u00f3 en\u00a0<b>UTE<\/b>\u00ab.<\/div>\n<\/div>\n<div><\/div>\n<div><b>Plan Departamental de Seguridad Integral<\/b><\/div>\n<div><span style=\"font-size: large;\"><b>Rivero<\/b>, coment\u00f3 que \u00abcuando iniciamos este proyecto pol\u00edtico con nuestro l\u00edder natural, que es\u00a0<b>Jorge Reyna<\/b>, en\u00a0primer momento empezamos a elaborar lo que llamamos un\u00a0<b>Plan Departamental de Seguridad Integral<\/b>, que es\u00a0la combinaci\u00f3n de nuestros m\u00e1s de 30 a\u00f1os de experiencia en la Polic\u00eda, pero con capacitaciones permanentes siempre en el \u00e1rea de seguridad, para aggiornarnos\u00a0a lo que queremos implementar. En ese sentido, desde antes de las internas, elaboramos un plan departamental de seguridad integral. que pr\u00e1cticamente fue puesto en consideraci\u00f3n en forma \u00edntegra, en el\u00a0plan de gobierno que prontamente va a salir, para que la gente tenga conocimiento de cu\u00e1les son las propuestas de\u00a0<b>Felipe (Algorta)<\/b>; nosotros queremos dejar bien en claro que para nada este plan pretende sustituir la misi\u00f3n de la\u00a0<b>Jefatura de Polic\u00eda<\/b>, porque\u00a0quien habla tiene bien en claro cu\u00e1les son las misiones espec\u00edficas de cada instituci\u00f3n. Y pretende abordar y contrarrestar situaciones que son de rango menor al delito, como pueden ser problemas con el<b>\u00a0tr\u00e1nsito, vandalismo en los espacios p\u00fablicos, mendicidad abusiva, animales sueltos<\/b>; u<\/span>n mont\u00f3n de situaciones que son constatadas, estudiadas y\u00a0a partir de ah\u00ed nosotros llegamos a soluciones que las abordamos en forma integral\u00bb.<\/div>\n<div>Respecto a la problem\u00e1tica de animales sueltos en la v\u00eda p\u00fablica,\u00a0<b>Rivero,<\/b>\u00a0agreg\u00f3 que acompa\u00f1\u00f3 al candidato Algorta \u00abal\u00a0<b>albergue transitorio de animales sueltos\u00a0<\/b>en el departamento de\u00a0<b>Florida<\/b>, y ah\u00ed solucionamos o buscamos soluciones en forma integral.\u00a0Se pretende en primera instancia solucionar la calidad de vida del habitante, retirando, despu\u00e9s buscaremos la forma, aquellos animales que est\u00e1n provocando situaciones de riesgo en la v\u00eda p\u00fablica, pero tambi\u00e9n respetando las pol\u00edticas nacionales en cuanto al bienestar animal\u00bb.<\/div>\n<div>Dijo que el \u00abbuen trato hace que el anima<span style=\"font-size: large;\">l est\u00e9 d<\/span>esestresado, que est\u00e9 bien cuidado y es una opci\u00f3n para aquella persona que va a acceder a la<b>\u00a0adopci\u00f3n del animal<\/b>. Ese es\u00a0el norte que nosotros queremos seguir por ejemplo en\u00a0<b>animales sueltos,<\/b>\u00a0pero tambi\u00e9n a este plan integral nosotros lo queremos apoyar con una medida de apoyo, como se llama justamente este tipo de planes, y es\u00a0por eso que<b>\u00a0Felipe (Algorta<\/b>), anunciaba la creaci\u00f3n de una\u00a0<b>Guardia Municipal\u00a0<\/b>con polic\u00edas contratados, a trav\u00e9s de lo que se llaman polic\u00edas eventuales\u00bb.<\/div>\n<div><\/div>\n<div><b><span style=\"font-size: large;\">\u00bfNo ser\u00edan funcionarios de la IDD que ofician de polic\u00edas?.<\/span><\/b><\/div>\n<div><span style=\"font-size: large;\">\u00abExactamente, es una\u00a0<b>Guardia Municipal<\/b>, pero con\u00a0<b>polic\u00edas eventuales,<\/b>\u00a0que son polic\u00edas que se preparan en el\u00a0<b>Ministerio del Interior,<\/b>\u00a0hay\u00a0un contrato entre la instituci\u00f3n, en este caso la\u00a0<b>Intendencia y el Ministerio del Interior<\/b>\u00a0y despu\u00e9s que pasan por seis meses de instrucci\u00f3n policial, pasan a depender de la instituci\u00f3n que lo contrata, en este caso a la\u00a0<b>Intendencia Departamental de Durazno. Van\u00a0<\/b>a tener jurisdicci\u00f3n departamental y su misi\u00f3n va a ser justamente atender situaciones de rango menor;\u00a0a<b>poyo al Cuerpo Inspectivo de Tr\u00e1nsito<\/b>; la\u00a0<b>vigilia de los espacios p\u00fablicos<\/b>; el\u00a0<b>control de la depredaci\u00f3n\u00a0<\/b>que se viene haciendo desde hace muchos a\u00f1os con el\u00a0<b>monte ind\u00edgena<\/b>, la extracci\u00f3n de arena, etc\u00bb.<\/span><\/div>\n<div><span style=\"font-size: large;\">\u00abEsa es la idea para colaborar en estas situaciones menores con la misi\u00f3n m\u00e1s cruda de la polic\u00eda, que es justamente la<b>\u00a0represi\u00f3n de los delitos\u00a0<\/b>que est\u00e1n asociados con el\u00a0<b>narcotr\u00e1fico.<\/b>\u00a0Es decir, dejarle m\u00e1s libertad de acci\u00f3n a la polic\u00eda en cuestiones que est\u00e1n preocupando mucho m\u00e1s a la sociedad\u00bb.<\/span><\/div>\n<div>\n<div><span style=\"font-size: large;\"><b>Rivero<\/b>, agreg\u00f3 que \u00abuna de las situaciones que\u00a0venimos constatando desde\u00a0mucho tiempo es la gran problem\u00e1tica con personas en situaci\u00f3n vulnerable, de vulnerabilidad social, deambulan por la ciudad y\u00a0a veces se est\u00e1n empoderando de espacios que en realidad de\u00a0alguna manera amedrentan o hay situaciones de mendicidad abusiva, en contra de los leg\u00edtimos usuarios de esos lugares\u00bb.<\/span><\/div>\n<div><span style=\"font-size: large;\">\u00abNosotros tenemos el\u00a0<b>Plan de Seguridad Integral,\u00a0<\/b>una\u00a0propuesta, un proyecto tambi\u00e9n con un abordaje integral, que busca darle un orden, que haya un ejercicio del control sobre esas personas, para que no se naturalice, porque el usuario que sale a la ciudad y se encuentra con esta situaci\u00f3n, la\u00a0percepci\u00f3n de inseguridad se acrecienta, entonces nosotros queremos, mediante la\u00a0<b>modalidad del censo<\/b>, tratar de saber que\u00a0cantidad de personas tenemos en esa situaci\u00f3n; abordarlo justamente en forma integral, pero hacer un filtro para lograr obtener un perfil adecuado, para que estas personas est\u00e9n con un control,\u00a0<b>en una zona, con un chaleco fl\u00faor y\u00a0<\/b><b>un carnet \u00fanico intransferible<\/b>, pero de car\u00e1cter precario y revocable, porque tiene que haber un ejercicio del control de buena conducta en el lugar, para que est\u00e9n autorizados a\u00a0estar all\u00ed y ganarse sus pesos, pero\u00a0de una forma ordenada y que no sea un perjuicio para el leg\u00edtimo usuario\u00bb.<\/span><\/div>\n<div><\/div>\n<div><b><span style=\"font-size: large;\">\u00bfActuar\u00eda la Guardia Municipal o el Ministerio del Interior?<\/span><\/b><\/div>\n<div><span style=\"font-size: large;\">\u00abNo. Eso lo tenemos que trabajar en forma articulada con el\u00a0<b>Ministerio del Interior.<\/b>\u00a0En mi pasaje por la Jefatura, en alg\u00fan momento P<b>olic\u00eda Comunitaria,<\/b>\u00a0hac\u00eda el trabajo de censar a estas personas para saber su situaci\u00f3n y\u00a0para hacer las derivaciones que correspondiera, y a partir de ah\u00ed empezar a trabajar. Cuando yo puedo obtener una lista de cu\u00e1les son las personas que est\u00e1n autorizadas, con los horarios a desarrollar esa tarea, ya\u00a0el ejercicio del control se facilita; no solo por la<b>\u00a0Autoridad Municipal\u00a0Policial<\/b>, sino tambi\u00e9n por el mismo ciudadano. Esa es la idea\u00bb, concluy\u00f3 sobre el tema seguridad.<\/span><\/div>\n<\/div>\n","protected":false},"excerpt":{"rendered":"<p>Dos de los principales referentes de la dirigencia del sector que postula al\u00a0Dr. Felipe Algorta, a la Intendencia de Durazno, dieron en nota con P\u00e1gina Cero, sus enfoques y temas para encarar en el departamento, en caso de acceder a la jefatura comunal.<\/p>\n","protected":false},"author":4,"featured_media":6677,"comment_status":"closed","ping_status":"closed","sticky":false,"template":"","format":"standard","meta":{"footnotes":""},"categories":[31],"tags":[],"class_list":["post-6676","post","type-post","status-publish","format-standard","has-post-thumbnail","hentry","category-entrevista-politica"],"_links":{"self":[{"href":"https:\/\/paginacero.com.uy\/index.php?rest_route=\/wp\/v2\/posts\/6676","targetHints":{"allow":["GET"]}}],"collection":[{"href":"https:\/\/paginacero.com.uy\/index.php?rest_route=\/wp\/v2\/posts"}],"about":[{"href":"https:\/\/paginacero.com.uy\/index.php?rest_route=\/wp\/v2\/types\/post"}],"author":[{"embeddable":true,"href":"https:\/\/paginacero.com.uy\/index.php?rest_route=\/wp\/v2\/users\/4"}],"replies":[{"embeddable":true,"href":"https:\/\/paginacero.com.uy\/index.php?rest_route=%2Fwp%2Fv2%2Fcomments&post=6676"}],"version-history":[{"count":1,"href":"https:\/\/paginacero.com.uy\/index.php?rest_route=\/wp\/v2\/posts\/6676\/revisions"}],"predecessor-version":[{"id":6678,"href":"https:\/\/paginacero.com.uy\/index.php?rest_route=\/wp\/v2\/posts\/6676\/revisions\/6678"}],"wp:featuredmedia":[{"embeddable":true,"href":"https:\/\/paginacero.com.uy\/index.php?rest_route=\/wp\/v2\/media\/6677"}],"wp:attachment":[{"href":"https:\/\/paginacero.com.uy\/index.php?rest_route=%2Fwp%2Fv2%2Fmedia&parent=6676"}],"wp:term":[{"taxonomy":"category","embeddable":true,"href":"https:\/\/paginacero.com.uy\/index.php?rest_route=%2Fwp%2Fv2%2Fcategories&post=6676"},{"taxonomy":"post_tag","embeddable":true,"href":"https:\/\/paginacero.com.uy\/index.php?rest_route=%2Fwp%2Fv2%2Ftags&post=6676"}],"curies":[{"name":"wp","href":"https:\/\/api.w.org\/{rel}","templated":true}]}}