{"id":6665,"date":"2025-03-24T18:48:11","date_gmt":"2025-03-24T21:48:11","guid":{"rendered":"https:\/\/paginacero.com.uy\/?p=6665"},"modified":"2025-03-24T18:48:11","modified_gmt":"2025-03-24T21:48:11","slug":"reyna-vamos-a-lograr-un-cambio-para-durazno","status":"publish","type":"post","link":"https:\/\/paginacero.com.uy\/?p=6665","title":{"rendered":"Reyna: \u00abvamos a lograr un cambio para Durazno\u00bb"},"content":{"rendered":"<p>El\u00a0<b>Cr. Jorge Reyna Gerem\u00edas,<\/b>\u00a0dijo en el acto de presentaci\u00f3n de los sectores que apoyan la\u00a0<b>candidatura del Dr. Felipe Algorta, a la Intendencia de Durazno<\/b>, que Algorta y que \u00abtiene en su mente\u00a0 solucionar la problem\u00e1tica de Durazno\u00bb.<!--more--><\/p>\n<div><span style=\"font-size: large;\" data-olk-copy-source=\"MessageBody\">En el inicio de su oratoria, coment\u00f3 que esta instancia electoral \u00abla ve\u00eda venir\u00bb, se\u00f1alando que \u00abya\u00a0lo venimos diciendo muchas veces. Creo que esta visi\u00f3n la tuvimos desde hace ya muchos a\u00f1os, que se pod\u00eda. Nosotros vimos esto, so\u00f1amos que pod\u00edamos estar as\u00ed, en esta situaci\u00f3n, que pod\u00edamos ser competitivos, que pod\u00edamos tener toda la posibilidad para que ahora\u00a0<b>Felipe (Algorta)<\/b>\u00a0sea nuestro representante y sea nuestro candidato a Intendente.\u00a0Esto lo vimos. Y para verlo, no solamente lo vimos, sino que fuimos generando la confianza necesaria, respetamos lo que ten\u00edamos que respetar, y a medida que fue pasando el tiempo, nos fuimos tomando ese cari\u00f1o, ese respeto y cada uno con la conciencia tranquila de que estaba en el lugar que quer\u00eda estar, y cada vez, eso lo tenemos, estamos cada vez m\u00e1s convencidos de que fue el mejor camino que tomamos\u00bb.<\/span><\/div>\n<div><span style=\"font-size: large;\">\u00abQue m\u00e1s decirles\u00bb, dijo, \u00abque estoy emocionado.\u00a0Ac\u00e1 todos los compa\u00f1eros que me antecedieron en la palabra hablaron de la gesti\u00f3n, de la preparaci\u00f3n, y para eso\u00a0<b>Felipe<\/b>\u00a0es, para mejorar la gesti\u00f3n, claro que s\u00ed, pero \u00bfqu\u00e9 es lo que \u00e9l tiene?; es una persona innovadora, su preparaci\u00f3n continua, no solo su preparaci\u00f3n formal, su preparaci\u00f3n tambi\u00e9n en la experiencia en la\u00a0<b>pol\u00edtica<\/b>, en el\u00a0<b>legislativo<\/b>, luego su experiencia en la direcci\u00f3n de\u00a0<b>UTE<\/b>, como<b>\u00a0empresario<\/b>, como<b>\u00a0profesional independiente<\/b>, formando su familia, es &#8216;s\u00faper familiero&#8217;, entonces fueron cosas que eso va haciendo a la persona que sirva para la gesti\u00f3n, su red de contactos, su humildad para preguntarle a las personas que saben de la tem\u00e1tica para poder sacar mejores conclusiones, y su poder de asociaci\u00f3n, de conocer la problem\u00e1tica de la gente, y basar todo ese conocimiento que \u00e9l tiene en su mente para solucionar la\u00a0<b>problem\u00e1tica de Durazno<\/b>, y por eso es que lo vamos a hacer y lo vamos a lograr; vamos a lograr un<b>\u00a0cambio por Durazno<\/b>\u00ab, concluy\u00f3\u00a0<b>Reyna.<\/b><\/span><\/div>\n<div dir=\"ltr\"><\/div>\n<div dir=\"ltr\">Previo a las palabras de\u00a0<b>Algorta y Reyna,\u00a0<\/b>hablaron los principales de cada una de las listas que apoyan la candidatura.<\/div>\n<div dir=\"ltr\"><\/div>\n<div dir=\"ltr\"><b><span style=\"font-size: large;\">Dra. Ana Laura Gadea: \u00abFelipe es un gran l\u00edder\u00bb<\/span><\/b><\/div>\n<div dir=\"ltr\"><span style=\"font-size: large;\">\u00abMuch\u00edsimas gracias por hoy permitirnos gozar de esta fiesta del lanzamiento de nuestro futuro<b>\u00a0Intendente, Felipe Algorta<\/b>.\u00a0Yo tengo que ser breve porque todos queremos escuchar a nuestro intendente, pero bueno, les tengo que hacer una peque\u00f1a historia, la historia de un trabajo en conjunto, de un trabajo de confianza, de un trabajo de uni\u00f3n, que es el trabajo de\u00a0<b>\u00abJuntos por Durazno\u00bb<\/b>; varias listas, muchas personas, todas queriendo lo mismo, todos queriendo una renovaci\u00f3n para Durazno, que es lo que Durazno merece.\u00a0Todos nos comprometimos a lucharla por la nuestra, en la interna partidaria, pero quien ganara esa interna iba a liderar esta gran fuerza que hoy es\u00a0<b>Felipe Algorta, Intendente<\/b>. Ese pacto m\u00e1s que se cumpli\u00f3, pero de coraz\u00f3n que se cumpli\u00f3, porque hemos descubierto poco a poco con Felipe un gran l\u00edder, l\u00edder que realmente puede conducir a nuestro Durazno a que brille,\u00a0que es lo que nos merecemos, porque hace much\u00edsimos a\u00f1os que estamos pidiendo a gritos una renovaci\u00f3n, un cambio y pensar en grande. Nuestra\u00a0<b>Lista 11<\/b>\u00a0les ofrece confianza, trabajo.\u00a0Es una lista departamental que anda en cada uno de los rincones de este\u00a0<b>Durazno<\/b>\u00a0y que se enorgullece cada vez que esas urnas se abren y sale un votito all\u00e1 en el rinconcito m\u00e1s remoto. De cercan\u00eda y otra vez confianza y transparencia. Es lo que le vamos a pedir a\u00a0<b>Felipe Algorta<\/b>, es lo que le vamos a exigir y es lo que estamos confiados de que nos va a dar. Trabajo, confianza, responsabilidad, pensar en grande. Lo ha demostrado, \u00e9l puede, as\u00ed se conduce en su vida personal, as\u00ed se ha conducido en su vida profesional, en su vida empresarial. Cuando tuvo la oportunidad de ser\u00a0<b>Edil<\/b>, transform\u00f3 la\u00a0<b>Junta Departamenta<\/b>l cuando fue presidente de la\u00a0<b>Junta.<\/b>\u00a0Tambi\u00e9n lo hizo en su brillante gesti\u00f3n en\u00a0<b>UTE,<\/b>\u00a0recordada porque realmente uno va y recorre y mucha gente que hace much\u00edsimos a\u00f1os estaba esperando una soluci\u00f3n, la tuvo de la mano de\u00a0<b>Felipe<\/b>, por eso es querido. Entonces, \u00e9l tiene m\u00e1s que credenciales suficientes para que nosotros lo apoyemos con todo el coraz\u00f3n\u00bb.<\/span><\/div>\n<div dir=\"ltr\"><span style=\"font-size: large;\"><br \/>\n<\/span><\/p>\n<div><span style=\"font-size: large;\"><b>Pablo \u00c1vila,\u00a0Lista 424A, Sarand\u00ed del Yi<\/b><\/span><\/div>\n<div><span style=\"font-size: large;\">\u00abLleg\u00f3 el momento,\u00a0<b>Algorta Intenden<\/b><b>te<\/b>, un nuevo impulso.\u00a0Parece mentira, parece que empezamos ayer lo que fue la campa\u00f1a electoral de la interna.\u00a0 Primero quiero destacar algo;\u00a0vivo en un lugar hermoso, hermos\u00edsimo, rodeado de agua, de fuentes de agua, rodeado del\u00a0<b>(r\u00edo<\/b><b>) Yi,<\/b>\u00a0del\u00a0<b>arroyo Malbajar<\/b>, pero hoy quiero destacar especialmente a la militancia. Aquellos que se levantan y salen a pegar carteles, aquellos que salen de sus horas de trabajo a acompa\u00f1ar y fortalecer, y que est\u00e1n en cada jornada.\u00a0Por eso quiero agradecerle much\u00edsimo a todos los sarandiyenses que lograron venir hoy,\u00a0y que tuvieron la oportunidad de acompa\u00f1arnos y dejar sus casas para estar hoy ac\u00e1. Por eso quiero agradecerle a la militancia\u00bb.<\/span><\/div>\n<div><span style=\"font-size: large;\">\u00abAhora, me preguntan, si me preguntan por qu\u00e9 acompa\u00f1o a Felipe Algorta, porque es un hombre que se acuerda del Interior.\u00a0Es un hombre que se acuerda del Interior profundo y que siempre est\u00e1 presente. Se comprometi\u00f3 cada semana a estar en Sarand\u00ed del\u00a0Yi y\u00a0cada semana est\u00e1 en\u00a0<b>Sarand\u00ed del\u00a0Yi,<\/b>\u00a0entonces, cuando hay hombres que cumplen, que quieren y aman el Interior del departamento, a esa persona voy a apoyar y voy a acompa\u00f1ar.\u00a0Por eso quiero agradecerle a \u00e9l por siempre estar presente, por siempre tratar de estar solucionando cosas para la gente del Interior, y agradecer much\u00edsimo a todos esos compa\u00f1eros que lograron estar hoy ac\u00e1. Pero hoy de ma\u00f1ana, alguien me dec\u00eda, se suma este, se suma el otro, y titubeando si acompa\u00f1aban o no acompa\u00f1aban.\u00a0Pero saben que los verdaderos l\u00edderes pol\u00edticos son los que amparan a todos, a los que de apariencia son buenos, a los que de apariencia son malos, entonces, al l\u00edder que realmente nos sigue en todo, ese es un verdadero l\u00edder con futuro y todos estos j\u00f3venes que lo acompa\u00f1an, como la\u00a0<b>doctora (Ana Laura) Gadea,<\/b>\u00a0como\u00a0<b>Jorge Reyna<\/b>, como el &#8216;Pampa&#8217; (<b>Jos\u00e9 Luis Morena<\/b>), y toda esa gente que est\u00e1 al lado.\u00a0Pero hoy de ma\u00f1ana cuando me levant\u00e9, ten\u00eda el deseo de escuchar un video de (Jorge) Larra\u00f1aga,\u00a0que dec\u00eda, ahora o nunca; ahora o nunca\u00bb.<\/span><\/div>\n<div><span style=\"font-size: large;\">\u00a0<\/span><\/div>\n<div><b><span style=\"font-size: large;\">Andr\u00e9s Dupuy, Lista 40B Ciudad del\u00a0Carmen.<\/span><\/b><\/div>\n<div><span style=\"font-size: large;\">\u00abLa verdad que me siento muy agradecido de estar formando parte de esta agrupaci\u00f3n, ver este hermoso p\u00fablico ac\u00e1 tambi\u00e9n. Agradecer a\u00a0<b>Felipe (Algorta),<\/b>\u00a0que desde el primer d\u00eda que lo conoc\u00ed, me transmiti\u00f3 mucha confianza.\u00a0Una persona que le gusta concretar los proyectos. Gracias a \u00e9l tambi\u00e9n pudimos hacer una recorrida por una alcald\u00eda, que la verdad que nos llen\u00f3 mucho el ojo\u00a0 y muchas cosas para traer para nuestra<b>\u00a0poblaci\u00f3n del Carmen\u00bb<\/b>, \u00abNo me quiero olvidar de mis compa\u00f1eros del<b>\u00a0Carmen<\/b>.\u00a0La verdad es que ellos pierden su tiempo para salir el d\u00eda a d\u00eda, hablar con la gente,\u00a0 ver las problem\u00e1ticas que tenemos all\u00e1 en nuestra ciudad y querer resolver un poco los problemas que hay all\u00e1. Nada m\u00e1s que decirles que gracias a todos por haber venido ac\u00e1 tambi\u00e9n y que nos queda un &#8216;empujoncito&#8217; solo, de ac\u00e1 a mayo a todos poner el granito de arena para que el futuro Intendente sea\u00a0<b>Felipe Algorta<\/b>\u00ab.<\/span><\/div>\n<div><span style=\"font-size: large;\">\u00a0<\/span><\/div>\n<div><span style=\"font-size: large;\"><b>Miguel Casal\u00e1s: un &#8216;faro&#8217; de salud mental<\/b><br \/>\n\u00abEsta risa y esta alegr\u00eda que compartimos ac\u00e1 es contagiosa. Hasta el clima se contagi\u00f3 de la alegr\u00eda y nos permiti\u00f3 hacer este acto. Las ganas de hacer Durazno mejor tambi\u00e9n se contagian.\u00a0Entonces, en la<b>\u00a0Lista 4<\/b>\u00a0hicimos un equipo lindo. Tenemos un proyecto precioso para llevar adelante, para hacer de la cultura, del arte, del humor, un faro de salud mental para que toda la gente de Durazno pueda disfrutar estas experiencias y estas emociones. No tengan dudas que este proyecto de bienestar va a ser el alma del compromiso comunitario, para que en mayo F<b>elipe Algorta\u00a0<\/b>sea el Intendente de Durazno\u00bb.<\/span><\/div>\n<div><span style=\"font-size: large;\">\u00a0<\/span><\/div>\n<div><span style=\"font-size: large;\"><b>Jorge Hern\u00e1ndez \u00abuni\u00f3n del Partido Nacional\u00bb<\/b><\/span><\/div>\n<div><span style=\"font-size: large;\">\u00abSoy de la\u00a0<b>Lista 555\u00a0<\/b>y quiero darle las gracias a\u00a0<b>Felipe (Algorta)<\/b>\u00a0por haberme invitado a participar. Este es un gran equipo y no tengo dudas, y\u00a0lo m\u00e1s importante que tiene este equipo de\u00a0<b>Felipe Algorta<\/b>\u00a0es la uni\u00f3n del\u00a0<b>Partido Nacional<\/b>, no<b>\u00a0<\/b>cabe duda. Vamos a luchar y a recorrer todas las calles de Durazno y del departamento\u00a0<b>para que Algorta sea el Intendente\u00a0<\/b>de todos los durazneses.<\/span><\/div>\n<div><span style=\"font-size: large;\">\u00a0<\/span><\/div>\n<div><b><span style=\"font-size: large;\">Alfredo Iriarte: \u00abAlgorta para el\u00a0bien de todos\u00bb<\/span><\/b><\/div>\n<div><span style=\"font-size: large;\">El representante de la\u00a0<b>Lista\u00a0<\/b><b>880<\/b>, dijo que \u00abpara quien no me conoce, oriundo de Durazno. Este a\u00f1o me un\u00ed con la Lista 880 con el\u00a0<b>escribano Marcos Motta\u00a0<\/b>y un grupo de gente que gracias a todos hoy estamos aqu\u00ed presentes, apoyando la lista de\u00a0<b>Felipe Algorta<\/b>, quiz\u00e1s ya muy pronto lo veamos como el futuro Intendente de Durazno para el bien de todos.\u00a0As\u00ed que arriba Felipe\u00bb.<\/span><\/div>\n<div><span style=\"font-size: large;\">\u00a0<\/span><\/div>\n<div><b><span style=\"font-size: large;\">Jos\u00e9 P. Pi\u00f1eiro: \u00abacompa\u00f1amos este nuevo impulso\u00bb<\/span><\/b><\/div>\n<div><span style=\"font-size: large;\">El l\u00edder de la\u00a0<b>Lista 665, Jos\u00e9 Pablo Pi\u00f1eiro Pastor\u00edn,<\/b>\u00a0coment\u00f3 la alegr\u00eda de participar del acto, \u00abqu\u00e9 alegr\u00eda ver a todos ustedes, a esta gente que vino hoy a apoyar este nuevo impulso. Pero la alegr\u00eda es porque ac\u00e1 estamos todos, ac\u00e1 est\u00e1 la familia, ac\u00e1 est\u00e1n los amigos, ac\u00e1 estamos todas las agrupaciones que acompa\u00f1amos este nuevo impulso.\u00a0Y la verdad, qu\u00e9 satisfacci\u00f3n sentir que ese nuevo impulso est\u00e1 respaldado por todos ustedes. Y la verdad que no es para menos juntar esta cantidad de personas hoy, que no es nada f\u00e1cil que la gente venga a los actos pol\u00edticos. Pero la verdad\u00a0que yo vengo a reivindicar la lucha, reivindicar a la\u00a0<b>Lista 665<\/b>, que apoya un\u00a0 candidato joven como es\u00a0<b>Felipe Algorta<\/b>.\u00a0Pensamos pr\u00e1cticamente igual, tenemos casi la misma edad, y lo m\u00e1s importante que quiero decir, les voy a dejar un mensaje cortito, pero la verdad que voy a poner de ejemplo estas banderas. La bandera que flamea en cualquier clima y nosotros que prevalecemos en cualquier tiempo.\u00a0Venimos de abajo, capaz que muchos han visto nuestra lucha, nuestra lucha en la diaria. No es f\u00e1cil hacerlo de esta manera, pero lo hacemos porque estamos convencidos a d\u00f3nde queremos ir. Y ese viento que impulsa esa bandera nos lleva al<b>\u00a011 de mayo<\/b>\u00a0y la verdad que sea lo mejor para todos los durazneses, con\u00a0<b>Felipe Algorta, Intendente.<\/b>\u00a0Vamos arriba\u00bb.<\/span><\/div>\n<div><span style=\"font-size: large;\">\u00a0<\/span><\/div>\n<div><span style=\"font-size: large;\"><b>N\u00e9stor Vega: \u00aborden de no aflojar..\u00bb<\/b><\/span><\/div>\n<div><span style=\"font-size: large;\">\u00abEs\u00a0dif\u00edcil estar ac\u00e1, con tantos compa\u00f1eros que tienen gran trayectoria.\u00a0Yo con mi\u00a0<b>Lista 240<\/b>\u00a0por un\u00a0<b>Durazno<\/b>\u00a0para todos. Pens\u00e9 que ya no iba a poder salir de vuelta a la cancha, pero ac\u00e1 estamos. Con\u00a0<b>Felipe Algorta<\/b>\u00a0que nos fue a buscar para darle nuevos impulsos a este Durazno, que bien que se lo merece.\u00a0Es un candidato joven. Los compa\u00f1eros que lo merecen tambi\u00e9n saben de la lucha y que el\u00a0<b>Durazno<\/b>\u00a0s\u00ed lo puede cambiar para el bien de toda la ciudadan\u00eda y de todos los que lo\u00a0\u00a0piensan votar. As\u00ed que lo \u00fanico que pienso es que con\u00a0<b>Felipe<\/b>\u00a0y el gran equipo que tiene, lo vamos a\u00a0<b>sacar a Durazno hacia adelante\u00a0<\/b>y va a poder ser lo que toda la familia duraznense precisa y necesita.\u00a0Como dice un refr\u00e1n de un caudillo que ya no est\u00e1 ante nosotros, quiero decir que Durazno se merece este grito que dijo el\u00a0<b>&#8216;guapo&#8217; (Jorge) Larra\u00f1aga<\/b>; hay orden de no aflojar!\u00bb.<\/span><\/div>\n<div><span style=\"font-size: large;\">\u00a0<\/span><\/div>\n<div><span style=\"font-size: large;\"><b>In\u00e9s Colina: 15 a\u00f1os recorriendo un camino<\/b><\/span><\/div>\n<div><span style=\"font-size: large;\">La Edila departamental,\u00a0<b>In\u00e9s Colina,<\/b>\u00a0cumpli\u00f3 a\u00f1os el d\u00eda de la realizaci\u00f3n del acto. \u00abLa verdad que son muchas emociones, estoy muy agradecida de la vida, muy agradecida a Dios, por supuesto, y muy agradecida a<b>\u00a0Felipe Algorta,\u00a0<\/b>con el que\u00a0<b>hace 15 a\u00f1os<\/b>\u00a0venimos recorriendo un camino, un camino de esperanza, un camino de trabajo, un camino comprometido.\u00a0<\/span>Y la verdad que estoy muy segura que ser\u00e1 nuestro pr\u00f3ximo Intendente. Un camino donde las banderas que hemos manejado siempre han sido de la confianza, de la lealtad y de la honestidad. Es un orgullo para m\u00ed decirlo,\u00a0y\u00a0vaya si es un orgullo, porque tambi\u00e9n es un orgullo todas las listas que nos acompa\u00f1an y que acompa\u00f1an este camino y que siguen el mismo objetivo. Todos\u00a0<b>\u00abJuntos por Durazno\u00bb,<\/b>\u00a0<span style=\"font-size: large;\">vamos a lograr que Felipe, el\u00a0<b>11 de mayo\u00a0<\/b>sea nuestro Intendente. Salimos a militar todos los d\u00edas, a pedir el voto a la gente, a hablar con ella, a trabajar con la gente, porque para eso somos los pol\u00edticos.\u00a0Tenemos la mejor herramienta, que es la pol\u00edtica, para trabajar para la gente. Pedimos el voto y cuando nos preguntan por qu\u00e9 Felipe, y por qu\u00e9 Felipe, porque es una persona que tiene gesti\u00f3n, que tiene capacidad, que es ejecutivo, y eso es lo que se necesita. Ser ejecutivo, tener gesti\u00f3n y ganas de trabajar, porque no queremos tr\u00e1mites que duermen en los cajones.\u00a0Somos gente que trabaja con juventud en todo el equipo. Es un orgullo trabajar con todos los compa\u00f1eros. As\u00ed que sin dudas, el 11 de mayo Felipe ser\u00e1 nuestro Intendente\u00bb.<\/span><\/div>\n<div><span style=\"font-size: large;\">\u00a0<\/span><\/div>\n<div><span style=\"font-size: large;\"><b>Jos\u00e9 Luis Morena: \u00abcambiar mentalidad de hacer pol\u00edtica\u00bb<\/b><\/span><\/div>\n<div><span style=\"font-size: large;\">Primeramente\u00a0<b>Jos\u00e9 Luis \u00abPampa\u00bb Morena<\/b>, agradeci\u00f3 el apoyo familiar, \u00abquiero hacer un agradecimiento a mi familia, a mis hijos, que son los que sufren en campa\u00f1as electorales que no nos ven nunca. No solamente en campa\u00f1as electorales, porque siempre estamos en la calle a las\u00a0veinticuatro horas del d\u00eda. Pero quiero hacer un agradecimiento especialmente a mis compa\u00f1eros, a mis compa\u00f1eros de grupo, que gracias a ellos es que estoy ac\u00e1 arriba.\u00a0Gracias a ustedes\u00bb, \u00abel<b>\u00a011 de mayo<\/b>\u00a0va a cambiar un gobierno, que esperemos que sea de Felipe, nuestro intendente, pero en cambio de gobierno queremos cambios de mentalidad en la forma de hacer pol\u00edtica. Eso queremos que est\u00e9 en el programa de gobierno. Un gobierno de cercan\u00eda a la gente, que est\u00e9 m\u00e1s cerca de la gente, no solamente en campa\u00f1as electorales, dos meses antes de una elecci\u00f3n, que salgan a palmear la espalda y a pedirle el voto a la gente, y despu\u00e9s desaparecer\u00bb.<\/span><\/div>\n<div><span style=\"font-size: large;\">\u00abNuestra lista va a poner mucho \u00e9nfasis en estar m\u00e1s cercano a la gente, porque creemos que Felipe ha sido su manera de ser siempre. Agradecerles por estar, agradecer a la gente del Interior, y el\u00a0<b>11 de mayo<\/b>\u00a0queremos toda esta militancia en la calle para poder sacar a\u00a0<b>Felipe Algorta, Intendente<\/b>\u00ab.<\/span><\/div>\n<\/div>\n","protected":false},"excerpt":{"rendered":"<p>El\u00a0Cr. Jorge Reyna Gerem\u00edas,\u00a0dijo en el acto de presentaci\u00f3n de los sectores que apoyan la\u00a0candidatura del Dr. Felipe Algorta, a la Intendencia de Durazno, que Algorta y que \u00abtiene en su mente\u00a0 solucionar la problem\u00e1tica de Durazno\u00bb.<\/p>\n","protected":false},"author":4,"featured_media":6666,"comment_status":"closed","ping_status":"closed","sticky":false,"template":"","format":"standard","meta":{"footnotes":""},"categories":[1],"tags":[],"class_list":["post-6665","post","type-post","status-publish","format-standard","has-post-thumbnail","hentry","category-uncategorized"],"_links":{"self":[{"href":"https:\/\/paginacero.com.uy\/index.php?rest_route=\/wp\/v2\/posts\/6665","targetHints":{"allow":["GET"]}}],"collection":[{"href":"https:\/\/paginacero.com.uy\/index.php?rest_route=\/wp\/v2\/posts"}],"about":[{"href":"https:\/\/paginacero.com.uy\/index.php?rest_route=\/wp\/v2\/types\/post"}],"author":[{"embeddable":true,"href":"https:\/\/paginacero.com.uy\/index.php?rest_route=\/wp\/v2\/users\/4"}],"replies":[{"embeddable":true,"href":"https:\/\/paginacero.com.uy\/index.php?rest_route=%2Fwp%2Fv2%2Fcomments&post=6665"}],"version-history":[{"count":1,"href":"https:\/\/paginacero.com.uy\/index.php?rest_route=\/wp\/v2\/posts\/6665\/revisions"}],"predecessor-version":[{"id":6667,"href":"https:\/\/paginacero.com.uy\/index.php?rest_route=\/wp\/v2\/posts\/6665\/revisions\/6667"}],"wp:featuredmedia":[{"embeddable":true,"href":"https:\/\/paginacero.com.uy\/index.php?rest_route=\/wp\/v2\/media\/6666"}],"wp:attachment":[{"href":"https:\/\/paginacero.com.uy\/index.php?rest_route=%2Fwp%2Fv2%2Fmedia&parent=6665"}],"wp:term":[{"taxonomy":"category","embeddable":true,"href":"https:\/\/paginacero.com.uy\/index.php?rest_route=%2Fwp%2Fv2%2Fcategories&post=6665"},{"taxonomy":"post_tag","embeddable":true,"href":"https:\/\/paginacero.com.uy\/index.php?rest_route=%2Fwp%2Fv2%2Ftags&post=6665"}],"curies":[{"name":"wp","href":"https:\/\/api.w.org\/{rel}","templated":true}]}}