{"id":6659,"date":"2025-03-24T17:58:30","date_gmt":"2025-03-24T20:58:30","guid":{"rendered":"https:\/\/paginacero.com.uy\/?p=6659"},"modified":"2025-03-24T17:58:30","modified_gmt":"2025-03-24T20:58:30","slug":"montes-de-oca-inversiones-para-el-hipodromo-y-toda-la-zona-sur-y-sureste","status":"publish","type":"post","link":"https:\/\/paginacero.com.uy\/?p=6659","title":{"rendered":"Montes de Oca: inversiones para el Hip\u00f3dromo y toda la zona Sur y Sureste"},"content":{"rendered":"<p><b data-olk-copy-source=\"MessageBody\">Gabriel Montes de Oca,<\/b>\u00a0el\u00a0candidato\u00a0del\u00a0<b>Partido Colorado<\/b>\u00a0m\u00e1s votado a nivel departamental\u00a0en las \u00faltimas elecciones, dialog\u00f3 con\u00a0<b>P\u00e1gina Cero<\/b>, sobre\u00a0sus ideas\u00a0y\u00a0objetivos\u00a0de los sectores que apoyan su candidatura\u00a0en las elecciones del\u00a0<b>domingo 11 de mayo de 2025.<\/b><!--more--><\/p>\n<p><span style=\"font-family: Arial, sans-serif; font-size: large;\"><span style=\"color: #000000;\"><span data-olk-copy-source=\"MessageBody\">Considera vital\u00a0<\/span><\/span><span style=\"color: #000000;\">que el\u00a0<\/span><span style=\"color: #000000;\"><b>Partido Colorado<\/b><\/span><span style=\"color: #000000;\">\u00a0pueda ac<\/span><span style=\"color: #000000;\">ceder a la Intendencia,\u00a0<\/span><span style=\"color: #000000;\">o en su\u00a0<\/span><span style=\"color: #000000;\">defecto, obtener el respaldo para el legislativo departamental, \u00ab<\/span><span style=\"color: #000000;\">nos tenemos fe, tenemos esperanza de ganar la Intendencia, de tener un Dura<\/span><span style=\"color: #000000;\">z<\/span><span style=\"color: #000000;\">no mejor. Porque les voy a decir, Duran<\/span><span style=\"color: #000000;\">z<\/span><span style=\"color: #000000;\">o est\u00e1 bello, (pero) est\u00e1 mal administrado, est\u00e1 mal gestionado. Nosotros no queremos tener una\u00a0<\/span><span style=\"color: #000000;\">I<\/span><span style=\"color: #000000;\">ntendencia de amigos;\u00a0<\/span><span style=\"color: #000000;\">q<\/span><span style=\"color: #000000;\">ueremos tener una\u00a0<\/span><span style=\"color: #000000;\">I<\/span><span style=\"color: #000000;\">ntendencia de profesionales que sepan trabajar con todas las divisas pol\u00edticas. Vamos a golpearle la puerta y decirle, ten\u00e9s la mejor persona que necesitamos para este equipo,\u00a0<\/span><span style=\"color: #000000;\">p<\/span><span style=\"color: #000000;\">orque pensamos en Dura<\/span><span style=\"color: #000000;\">z<\/span><span style=\"color: #000000;\">no, no pensamos en el bolsillo propio. No hacemos pol\u00edtica con el bolsillo propio.\u00a0<\/span><span style=\"color: #000000;\">N<\/span><span style=\"color: #000000;\">osotros venimos a servir a la pol\u00edtica y no servimos de la pol\u00edtica. Esa es la diferencia que tenemos con el\u00a0<\/span><span style=\"color: #000000;\"><b>P<\/b><\/span><span style=\"color: #000000;\"><b>artido\u00a0<\/b><\/span><span style=\"color: #000000;\"><b>N<\/b><\/span><span style=\"color: #000000;\"><b>acional\u00a0<\/b><\/span><span style=\"color: #000000;\">y que tenemos con el\u00a0<\/span><span style=\"color: #000000;\"><b>P<\/b><\/span><span style=\"color: #000000;\"><b>artido Frente\u00a0<\/b><\/span><span style=\"color: #000000;\"><b>(Amplio);<\/b><\/span><span style=\"color: #000000;\">\u00a0el F<\/span><span style=\"color: #000000;\">rente promete;\u00a0<\/span><span style=\"color: #000000;\">m<\/span><span style=\"color: #000000;\">ucho ruido, pocas nueces. No desarrolla un proyecto. El\u00a0<\/span><b><span style=\"color: #000000;\">P<\/span><span style=\"color: #000000;\">artido\u00a0<\/span><span style=\"color: #000000;\">N<\/span><\/b><span style=\"color: #000000;\"><b>acional,<\/b>\u00a0m\u00e1s de lo mismo, se pelean por los cargos y se pelean por los intereses del pueblo. Yo voy a pelear por los intereses de mi pueblo, del que me dio la vida, del que me dio todo para crecer\u00bb.<\/span><\/span><\/p>\n<p><span style=\"font-family: Arial, sans-serif; font-size: large;\"><span style=\"color: #000000;\">Dijo que la votaci\u00f3n obtenida en las elecciones nacionales, ha generado \u00ab<\/span><span style=\"color: #000000;\">una competencia pol\u00edtica en el\u00a0<\/span><span style=\"color: #000000;\"><b>P<\/b><\/span><span style=\"color: #000000;\"><b>artido Colorado\u00a0<\/b><\/span><span style=\"color: #000000;\">y hemos generado un nerviosismo en el sistema pol\u00edtico. Cuando digo nerviosismo digo que el adversario de los otros\u00a0<\/span><span style=\"color: #000000;\">P<\/span><span style=\"color: #000000;\">artidos saben c\u00f3mo trabaja\u00a0<\/span><span style=\"color: #000000;\"><b>Gabriel Montes de Oca<\/b><\/span><span style=\"color: #000000;\">, que es un hombre de convocaci\u00f3n, de servicio, un hombre que est\u00e1 permanentemente con el vecino, atendiendo las necesidades, escuchando al vecino y diciendo las verdades\u00bb.<\/span><\/span><\/p>\n<p><span style=\"color: #000000; font-family: Arial, sans-serif; font-size: large;\">\u00ab<\/span><span style=\"color: #000000; font-size: large;\"><span style=\"font-family: Arial, sans-serif;\"><b>H<\/b><b><span style=\"color: #000000;\">ay hambre y necesidades en la gente\u00bb<\/span><\/b><\/span><\/span><\/p>\n<p><span style=\"font-family: Arial, sans-serif; font-size: large;\"><span style=\"color: #000000;\">Sostuvo que desde su percepci\u00f3n, \u00abDurazno\u00a0<\/span>pasa por un momento dif\u00edcil en lo laboral y por un momento dif\u00edcil en lo econ\u00f3mico en cada familia. Si usted entra a los barrios, ve las necesidades de la gente, hay hambre, hay necesidad de trabajar, hay necesidad de tener un sueldo digno, no hay necesidad de cobrar un sueldo de limosna, como paga la Intendencia. Entonces nosotros generamos eso: esa expectativa, esa din\u00e1mica, esa esperanza, esa energ\u00eda para luchar por el m\u00e1s d\u00e9bil\u00bb.<\/span><\/p>\n<p><span style=\"font-family: Arial, sans-serif;\"><span style=\"font-size: large;\">Sobre su equipo de trabajo y asesores, remarc\u00f3 que \u201etenemos profesionales de la educaci\u00f3n, ahora hemos organizado un equipo contable, son tres mujeres contadoras m\u00e1s un joven que se acaba de recibir de Contador. Tenemos dos Ingenieros de obra, uno ya recibido y uno m\u00e1s veterano, que conoce mucho Durazno. Contamos con psic\u00f3logos, con asistentes sociales, contamos con soci\u00f3logos. Tenemos un gran equipo. El\u00a0Partido Colorado\u00a0en este momento est\u00e1 como para ganar la Intendencia y competir con ellos. Eso lo encuentra en \u00ab<b>Unir para Crecer\u00bb\u00a0<\/b>en las\u00a0<b>Listas 318; 518; 1821<\/b>, en la lista\u00a0<b>1825,<\/b>\u00a0en la\u00a0<b>Lista 18 A,\u00a0<\/b>a\u00a0Alcalde,\u00a0de\u00a0<b>Adriana Madriaga<\/b>, Mag\u00edster en Educaci\u00f3n, en\u00a0<b>Sarand\u00ed del Yi.<\/b>\u00a0Estamos preparados para ganar la Intendencia y eso capaz que al sistema pol\u00edtico le estorba que venga alguien a decir esta es la voz del pueblo\u201c.<\/span><\/span><\/p>\n<p><b>\u00ab<span style=\"font-family: Arial, sans-serif;\"><span style=\"font-size: large;\">Voy a ser el Intendente de los barrios y del empresario\u00bb<\/span><\/span><\/b><\/p>\n<p><span style=\"font-family: Arial, sans-serif;\"><span style=\"font-size: large;\"><b>Montes de Oca,<\/b>\u00a0dijo que su frontalidad es un factor que el votante reconoce con el sufragio: \u201epor algo me vota la gente, yo tengo ese nivel de hacer pol\u00edtica, ese sistema de hacer pol\u00edtica diciendo la verdad, peleando por la necesidad, peleando por ese momento que muchas veces la gente se siente desolada, se siente que no est\u00e1 contenida, se siente que no est\u00e1 escuchada, se siente que no tiene a alguien que luche por ellos. Y yo voy a luchar por el m\u00e1s d\u00e9bil, voy a ser el vocero del m\u00e1s d\u00e9bil si me toca ocupar la banca o si me toca ganar la Intendencia, que\u00a0<b>Durazno<\/b>\u00a0me d\u00e9 la oportunidad, voy a ser el Intendente del pueblo; voy a ser el Intendente de los barrios, voy a ser el Intendente de los empresarios, voy a ser el Intendente del peque\u00f1o y el mediano productor, devolvi\u00e9ndole buenos caminos para que su producci\u00f3n se vea desarrollada y que se vea en crecimiento para que a m\u00ed me entren los impuestos para poder atender a toda esa gente que necesita. Por eso tengo ese sistema de hacer pol\u00edtica y por eso la gente me acompa\u00f1a\u201c.<\/span><\/span><\/p>\n<p><span style=\"font-family: Arial, sans-serif;\"><span style=\"font-size: large;\"><b>Equipo con \u00abhambre de Intendencia\u00bb<\/b><\/span><\/span><\/p>\n<p><span style=\"font-family: Arial, sans-serif;\"><span style=\"font-size: large;\">Destac\u00f3 que el sector que lidera cuenta \u00abcon un equipo brillante\u00bb, \u00abcon muchas ganas, muy t\u00e9cnico pero a la vez muy social, porque el equipo que yo tengo ha ocupado cargos en el Estado y han sabido atender a la gente m\u00e1s humilde en esos cargos y han sabido la necesidad de la gente y saben de esa necesidad de la gente. Un equipo con hambre de ganar, un equipo con hambre de victoria y un equipo con hambre de Intendencia, para qu\u00e9?; para darle a la gente lo que la gente necesita, que es la oportunidad laboral, la oportunidad de sus hijos que puedan estudiar, la oportunidad de la beca laboral, la oportunidad de tener peque\u00f1as y medianas empresas y microempresas apoyadas por la Intendencia y no entubadas como han entubado a los peque\u00f1os empresarios en el<b>\u00a0<\/b><b>M<\/b><b>icrocentro<\/b>, que han matado el Microcentro. Esa zona de la ciudad, tiene que ser el centro que viv\u00edamos antes, que se cri\u00f3 la vecina, que me cri\u00e9 yo, que mis padres recorr\u00edan para comprarnos zapatos y eleg\u00edan las tiendas. Hoy tenemos dos o tres tiendas en el centro y es vergonzoso; este equipo tiene hambre de ganar la intendencia y es muy importante\u00bb.<\/span><\/span><\/p>\n<p><span style=\"font-family: Arial, sans-serif;\"><span style=\"font-size: large;\"><b>Hip\u00f3dromo: generar 400 puestos de trabajo<\/b><\/span><\/span><\/p>\n<p><span style=\"font-family: Arial, sans-serif;\"><span style=\"font-size: large;\">Luego de se\u00f1alar que hasta el 11 de abril, \u00abfecha que tenemos que presentar las listas, estamos abiertos a escuchar todo lo que se sienta con ganas de venir a esta necesidad de ganar la Intendencia, de cambiar a Durazno\u00bb y que su vinculaci\u00f3n laboral y de vecino en la zona de\u00a0<b>Barrios Unidos en Marcha (Buem)<\/b>\u00a0y adyacencias, le ha permitido conocer m\u00e1s la realidad, conocer el d\u00eda a d\u00eda del vecino; hizo referencia a sus proyectos para el Hip\u00f3dromo y toda la zona adyacente.<\/span><\/span><\/p>\n<p><span style=\"font-family: Arial, sans-serif;\"><span style=\"font-size: large;\">\u00abQ<\/span><span style=\"font-size: large;\">uiero trabajar y ganar la Intendencia, para que esa zona se vea como una zona muy empresarial, porque quiero reactivar el\u00a0<b>Hip\u00f3dromo Independencia<\/b>\u00a0con una\u00a0<b>H<\/b><b>\u00edpica\u00a0<\/b><b>Rioplatense<\/b>; quiero trabajar con\u00a0<b>H\u00edpica Rioplatense,<\/b>\u00a0que me traiga caballos de\u00a0<b>Venezuela<\/b>, que me traiga caballos de\u00a0<b>Argentina<\/b>, que me traiga caballos de<b>\u00a0Brasil<\/b>\u00ab, \u00abtenemos el\u00a0<b>aeropuerto<\/b>, por ah\u00ed pueden llegar y sale mucho m\u00e1s barato que ir a a\u00a0<b>Maro\u00f1as<\/b>, trayendo los caballos por el aeropuerto Durazno, sale mucho m\u00e1s barato. Y yo le quiero dar a esa zona una fuente laboral de\u00a0<b>400 puestos de trabajo<\/b>. Y cuando digo 400, le estoy hablando de\u00a0<b>220 puestos internos<\/b>\u00a0dentro del hip\u00f3dromo y\u00a0<b>180 puestos de trabajo externos<\/b>. Cuando hablo de externos, hablo de gastronom\u00eda, de restaurantes, hablo de un hotel, hablo de los comercios, hablo de la ferreter\u00eda, hablo de una farmacia, hablo de veterinaria. Si podemos generar en esa zona con el\u00a0<b>Hip\u00f3dromo In<\/b><b>dependencia<\/b>\u00a0que est\u00e1 abandonado y que ha sido omisa la Intendencia departamental en cuanto a eso; eso por ah\u00ed\u00bb.<\/span><\/span><\/p>\n<p><span style=\"font-family: Arial, sans-serif;\"><span style=\"font-size: large;\"><b>Piscina para la zona Este de ruta 5<\/b><\/span><\/span><\/p>\n<p><span style=\"font-family: Arial, sans-serif;\"><span style=\"font-size: large;\">Subray\u00f3 luego que \u00abquiero es que ese barrio tenga una piscina, para que se integre la gente de la zona\u00bb, y se pregunt\u00f3; porqu\u00e9 el barrio tiene que venir a una sola piscina?, que es la del estadio, y si usted va al estadio, no tiene hora, porque ya est\u00e1 tomada la hora en el estadio, y a ese lugar va la gente que est\u00e1 cerca de esa piscina\u00bb.<\/span><\/span><\/p>\n<p><span style=\"font-family: Arial, sans-serif;\"><span style=\"font-size: large;\">Por tanto, dijo \u00abesos barrios no se ven integrados, se ven discriminados, se ven marginados. Entonces yo quiero que cada barrio tenga una piscina cerca del polideportivo que es en los gimnasios que tienen los\u00a0<b>C<\/b><b>entros de\u00a0<\/b><b>I<\/b><b>ntegraci\u00f3n\u00a0<\/b><b>B<\/b><b>arrial\u00a0<\/b><b>(CIB)\u00bb.<\/b><\/span><\/span><\/p>\n<p><span style=\"font-family: Arial, sans-serif;\"><span style=\"font-size: large;\">La\u00a0<b>inversi\u00f3n en una piscina<\/b>, subray\u00f3, \u00abno es cara; sabe qu\u00e9 es caro?; tener un ni\u00f1o en la droga; matarse un joven porque no tiene esperanza para salir adelante ni estudiar y trabajar: sabe qu\u00e9 es caro?; tener en una familia gente enferma por la salud mental. Eso es caro. Una piscina no es caro; una piscina es inversi\u00f3n, es una inversi\u00f3n, es salud mental, es salud, es una manera de que la gente se sienta entretenida desde el ni\u00f1o hasta el adulto mayor\u00bb.<\/span><\/span><\/p>\n<p><span style=\"font-family: Arial, sans-serif;\"><span style=\"font-size: large;\"><b>10 kil\u00f3metros para ir al Comedor<\/b><\/span><\/span><\/p>\n<p><span style=\"font-family: Arial, sans-serif;\"><span style=\"font-size: large;\">Otro\u00a0aspecto planteado por\u00a0<b>Montes de Oca,<\/b>\u00a0ser\u00e1 establecer un comedor p\u00fablico en esa zona, \u00abno puede ser que alguien del\u00a0<b>Buem,<\/b>\u00a0venga caminando al comedor municipal a comer y vuelva caminando; hace\u00a0<b>10 kil\u00f3metros<\/b>\u00a0para venir a comer un plato de comida; entonces yo tengo la necesidad de que el pueblo sea atendido. Por eso quiero ganar la Intendencia, para darle al pueblo lo que el pueblo necesita;\u00a0<b>trabajo<\/b>; estar contenido, tener una\u00a0<b>buena salud mental;<\/b>\u00a0alimento, pero no limosnas de alimento, porque lo que hace ese vecino ac\u00e1 es venir a pedir unas limosna de alimento, porque cuando vuelve para su casa, vuelve con hambre, hace 10 kil\u00f3metros para comer. Es vergonzoso. Hasta ahora Durazno ha crecido en el\u00a0<b>Suroeste, Oeste y Norte<\/b>; \u00abentonces nosotros tenemos que darle a esa gente todos los servicios y al que no puede, ayudarlo a salir adelante, con estas herramientas, tratando de cuidarlo y darle la potencialidad. Otra cosa, tenemos que tener centros de diversi\u00f3n, de recreaci\u00f3n y de salud mental para el adulto mayor\u00bb,\u00a0 subray\u00f3 el candidato colorado.<\/span><\/span><\/p>\n<p>\u00ab<span style=\"font-family: Arial, sans-serif;\"><span style=\"font-size: large;\"><b>Es jugar con la necesidad del adulto mayor\u00bb<\/b><\/span><\/span><\/p>\n<p><span style=\"font-family: Arial, sans-serif;\"><span style=\"font-size: large;\">Dijo luego que \u00abno se puede jugar con la pol\u00edtica del adulto mayor, no jugar con la necesidad del adulto mayor, no agarrarlo para hacer pol\u00edtica. No, nosotros tenemos que estar los\u00a0<b>365 d\u00edas<\/b>\u00a0del a\u00f1o atendiendo a ese adulto mayor, y c\u00f3mo lo atendemos?; con equipos multidisciplinarios, con equipos que tengan recreaci\u00f3n, con equipos que tengan ese asistente social que vea al abuelo por qu\u00e9 no desayun\u00f3 y por qu\u00e9 no almorz\u00f3\u00bb. \u00ab<\/span><\/span><span style=\"font-family: Arial, sans-serif;\"><span style=\"font-size: large;\">Yo quiero que mi ciudad est\u00e9 sana, que tenga salud, que tenga recreaci\u00f3n para el abuelo, porque los hijos nos criamos y por nuestras avatares de la vida nos olvidamos de nuestros padres y de nuestros abuelos. Pero yo no me voy a acordar de mis abuelos para decirle, adulto mayor y ac\u00e1 es una lista. No, eso no; eso est\u00e1 mal. Eso es jugar con la necesidad del adulto mayor; se lo digo con propiedad\u201c.<\/span><\/span><\/p>\n","protected":false},"excerpt":{"rendered":"<p>Gabriel Montes de Oca,\u00a0el\u00a0candidato\u00a0del\u00a0Partido Colorado\u00a0m\u00e1s votado a nivel departamental\u00a0en las \u00faltimas elecciones, dialog\u00f3 con\u00a0P\u00e1gina Cero, sobre\u00a0sus ideas\u00a0y\u00a0objetivos\u00a0de los sectores que apoyan su candidatura\u00a0en las elecciones del\u00a0domingo 11 de mayo de 2025.<\/p>\n","protected":false},"author":4,"featured_media":6660,"comment_status":"closed","ping_status":"closed","sticky":false,"template":"","format":"standard","meta":{"footnotes":""},"categories":[5,31],"tags":[],"class_list":["post-6659","post","type-post","status-publish","format-standard","has-post-thumbnail","hentry","category-durazno","category-entrevista-politica"],"_links":{"self":[{"href":"https:\/\/paginacero.com.uy\/index.php?rest_route=\/wp\/v2\/posts\/6659","targetHints":{"allow":["GET"]}}],"collection":[{"href":"https:\/\/paginacero.com.uy\/index.php?rest_route=\/wp\/v2\/posts"}],"about":[{"href":"https:\/\/paginacero.com.uy\/index.php?rest_route=\/wp\/v2\/types\/post"}],"author":[{"embeddable":true,"href":"https:\/\/paginacero.com.uy\/index.php?rest_route=\/wp\/v2\/users\/4"}],"replies":[{"embeddable":true,"href":"https:\/\/paginacero.com.uy\/index.php?rest_route=%2Fwp%2Fv2%2Fcomments&post=6659"}],"version-history":[{"count":1,"href":"https:\/\/paginacero.com.uy\/index.php?rest_route=\/wp\/v2\/posts\/6659\/revisions"}],"predecessor-version":[{"id":6661,"href":"https:\/\/paginacero.com.uy\/index.php?rest_route=\/wp\/v2\/posts\/6659\/revisions\/6661"}],"wp:featuredmedia":[{"embeddable":true,"href":"https:\/\/paginacero.com.uy\/index.php?rest_route=\/wp\/v2\/media\/6660"}],"wp:attachment":[{"href":"https:\/\/paginacero.com.uy\/index.php?rest_route=%2Fwp%2Fv2%2Fmedia&parent=6659"}],"wp:term":[{"taxonomy":"category","embeddable":true,"href":"https:\/\/paginacero.com.uy\/index.php?rest_route=%2Fwp%2Fv2%2Fcategories&post=6659"},{"taxonomy":"post_tag","embeddable":true,"href":"https:\/\/paginacero.com.uy\/index.php?rest_route=%2Fwp%2Fv2%2Ftags&post=6659"}],"curies":[{"name":"wp","href":"https:\/\/api.w.org\/{rel}","templated":true}]}}