{"id":6655,"date":"2025-03-24T12:16:48","date_gmt":"2025-03-24T15:16:48","guid":{"rendered":"https:\/\/paginacero.com.uy\/?p=6655"},"modified":"2025-03-24T12:16:48","modified_gmt":"2025-03-24T15:16:48","slug":"algorta-bateria-de-anuncios-y-que-el-pais-mire-a-durazno","status":"publish","type":"post","link":"https:\/\/paginacero.com.uy\/?p=6655","title":{"rendered":"Algorta: bater\u00eda de anuncios y \u00abque el pa\u00eds mire a Durazno\u00bb"},"content":{"rendered":"<p><span data-olk-copy-source=\"MessageBody\">Al inicio de su alocuci\u00f3n, el candidato nacionalista,\u00a0<\/span><b>Dr. Felipe Algorta Brit,<\/b>\u00a0sector\u00a0<b>\u00abJuntos por Durazno\u00bb,\u00a0<\/b>dijo que \u00abcuando un pu\u00f1ado de j\u00f3venes nos junt\u00e1bamos, con el convencimiento de hacia d\u00f3nde ten\u00edamos que ir, y que lo \u00fanico que faltaba era la convicci\u00f3n de que si nos junt\u00e1bamos, pod\u00edamos lograrlo.<!--more--><\/p>\n<p><span style=\"color: #000000; font-size: large;\"><span style=\"font-family: Arial, sans-serif;\"><span data-olk-copy-source=\"MessageBody\">Y ac\u00e1 estamos. Ac\u00e1 estamos juntos. Realmente estamos mejor de lo que so\u00f1\u00e1bamos, porque este proceso nos ha hecho un crecimiento personal a cada uno de los que est\u00e1 ac\u00e1, que creo que es lo que m\u00e1s valoramos, y lo que m\u00e1s nos da fuerza. Todas estas listas que est\u00e1n ac\u00e1 representadas, no son competencias entre s\u00ed. Somos todos complementarios, todos tenemos claro cu\u00e1l es nuestro objetivo principal y ayudarnos a crecer cada uno de nosotros en este proceso es lo que nos da la garant\u00eda de que hay otra forma de hacer las cosas, y que es de esta manera, con la confianza del compa\u00f1ero. No de eso de juntarnos electoralmente, y en la primera que te diste vuelta te doy un &#8216;palazo&#8217; por la espalda. Eso se termin\u00f3\u00bb, enfatiz\u00f3.<\/span><\/span><\/span><\/p>\n<p><span style=\"color: #000000; font-size: large;\"><span style=\"font-family: Arial, sans-serif;\">Sigui\u00f3 diciendo que \u00abeste es un proyecto de esperanza. Est\u00e1 lleno de esperanza, no est\u00e1 lleno de dudas como otros por ah\u00ed. Nosotros somos un\u00a0<b>proyecto de esperanza\u00a0<\/b>y es lo que a nosotros nos compromete, a cada uno de nosotros nos compromete. Porque miren que venir ac\u00e1, entre tanta gente, en un lugar abierto, en un lugar p\u00fablico, donde quede registrado cada una de las cosas que decimos; ese es un acto de compromiso que ten\u00edamos que venir y hacerlo, lo quer\u00edamos hacer. Para nosotros es fundamental esto. Porque aqu\u00ed le empezamos a hablar a la ciudadan\u00eda de qu\u00e9 es lo que queremos por delante\u00bb.<\/span><\/span><\/p>\n<p><span style=\"color: #000000; font-size: large;\"><span style=\"font-family: Arial, sans-serif;\"><b>\u00abUn nuevo impulso para transformar Durazno\u00bb<\/b><\/span><\/span><\/p>\n<p><span style=\"color: #000000; font-size: large;\"><span style=\"font-family: Arial, sans-serif;\">\u00abSe trata de un nuevo impulso que nosotros con mucha energ\u00eda vamos a dar, porque es necesaria esa energ\u00eda. Estamos viviendo el mejor momento de nuestras vidas, que lo queremos dedicar a la cosa p\u00fablica. Lo queremos dedicar a transformar nuestro departamento. Y para eso hay un mont\u00f3n de ideas y proyectos que tenemos que llevar adelante, porque si hay algo que tenemos que hacer, es ir hacia esas cosas que vemos que est\u00e1n fallando y que necesitan un empuje\u00bb, \u00abpor supuesto que hablamos de una mejora en la gesti\u00f3n municipal, con m\u00e1s agilidad, con mayor respuesta, con mayor dedicaci\u00f3n. Realmente queremos estar del lado del funcionario municipal;\u00a0es el mayor bien y el mayor aliado que vamos a tener para gobernar y transformar el departamento. Esto lo hacemos con capacitaci\u00f3n permanente, con valorar a la persona que est\u00e1 del otro lado. Con un trabajo &#8216;uno a uno&#8217;. Ac\u00e1 cualquier empresa del medio tiene en su estructura un departamento que cobija a los funcionarios, y eso es lo que vamos a proponer para poder trabajar, para dar las herramientas y para despu\u00e9s tambi\u00e9n exigir, pero primero tenemos que dar para despu\u00e9s exigir, y adem\u00e1s, lo dec\u00eda por ah\u00ed al\u00a0<b>escribano Guerrero<\/b>, que ha trabajado en lo que es el proyecto de\u00a0<b>Defensa del Vecino<\/b>, que es una idea innovadora, moderna, tecnol\u00f3gica, que funciona en otros organismos y que nosotros lo queremos implementar en Durazno, para que cualquier vecino con un mensaje de texto pueda, no solamente plantear sus dudas, sus quejas, sino hacer trazabilidad y despu\u00e9s tambi\u00e9n tener una soluci\u00f3n. Creo que una de las cosas que est\u00e1 faltando, es no tener del otro lado a alguien desde la municipalidad que d\u00e9 la respuesta que estamos precisando\u00bb<\/span><\/span><\/p>\n<p><span style=\"color: #000000; font-size: large;\"><span style=\"font-family: Arial, sans-serif;\"><b>\u00abEl turismo y los servicios han sido dejado de lado\u00bb<\/b><\/span><\/span><\/p>\n<p><span style=\"color: #000000; font-size: large;\"><span style=\"font-family: Arial, sans-serif;\">Agreg\u00f3 que el \u00abnuevo impulso, tambi\u00e9n se trata de poner de foco a los temas que han sido dejados de lado, como el turismo, como los servicios. Para tener un departamento que se proyecte, que reciba inversiones, que reciba y que d\u00e9 trabajo de calidad. So\u00f1amos con\u00a0<b>Baygorria<\/b>, pero tambi\u00e9n so\u00f1amos con las\u00a0<b>Termas y la Rambla del Centenario<\/b>; tambi\u00e9n so\u00f1amos con la\u00a0<b>Ruta del Vino del Carmen;<\/b>\u00a0con una villa h\u00edpica de primer nivel en\u00a0<b>Sarand\u00ed (del Yi)<\/b>, so\u00f1amos con el Hip\u00f3dromo Independencia en condiciones. Todo eso hay que ponerle cabeza, hay que ponerle gesti\u00f3n, hay que ponerle contactos, hay que ponerle tiempo. Tenemos que darle\u00a0<b>impulso al medio ambiente,<\/b>\u00a0a nuestro ambiente, la\u00a0<b>contaminaci\u00f3n de nuestras aguas<\/b>, la\u00a0<b>tala indiscriminada del monte<\/b>; la\u00a0<b>extracci\u00f3n de arena<\/b>\u00a0que, por supuesto, no nos vamos a poner en contra, pero no puede ir eso en contra de destrozar playas que muchos de nuestros vecinos las aprovechan y las disfrutan\u00bb, \u00abtenemos que poner ah\u00ed el foco, y no esperar que bur\u00f3cratas de oficinas de\u00a0<b>Montevideo<\/b>, controlen lo que no sabemos que nunca controlaron ni van a controlar. Nosotros necesitamos poner de foco las cosas y hacernos cargo de esos temas que est\u00e1n por el camino, como el tema de animales sueltos que todos los vecinos en los distintos barrios nos lo plantean. Que por supuesto que no son culpa de los animales, es culpa de quien los suelta, quien irresponsablemente hacen un manejo, y nosotros hemos estado en\u00a0<b>Florida<\/b>\u00a0viendo una experiencia espectacular de albergue para perros y caballos que, por supuesto, vamos a imitar y vamos a trabajar conjuntamente con las asociaciones que en Durazno de todo el departamento, con mucha vocaci\u00f3n trabajan. Y vamos a trabajar con ellos para construir un albergue modelo tal como lo est\u00e1 haciendo Florida\u00bb.<\/span><\/span><\/p>\n<p><span style=\"color: #000000; font-size: large;\"><span style=\"font-family: Arial, sans-serif;\"><b>Plan de Ordenamiento Territorial; viviendas<\/b><\/span><\/span><\/p>\n<p><span style=\"color: #000000; font-size: large;\"><span style=\"font-family: Arial, sans-serif;\">Sobre este tema se\u00f1al\u00f3 que \u00abes el &#8216;a,b,c,&#8217; de la proyecci\u00f3n de una ciudad, de un departamento hacia el futuro. Tantos vecinos con problemas con sus terrenos porque no se dio a tiempo un plan de ordenamiento que pueda prever el crecimiento de la ciudad, la inflaci\u00f3n en los precios de los alquileres y mucha gente lamentablemente no ha podido acceder a su vivienda y a veces lo hace en condiciones que no son buenas, y muchas veces enga\u00f1ado por especuladores que lucran con la necesidad de la gente. Y a eso les digo que nos vamos a ir a buscar cuando nos toque, porque le est\u00e1n arruinando la vida a muchos duraznenses, y por otro lado, Maldonado lo hizo; prever terrenos para aquellos que no pueden acceder a su primer terreno\u00bb.<\/span><\/span><\/p>\n<p><span style=\"color: #000000; font-size: large;\"><span style=\"font-family: Arial, sans-serif;\">Continu\u00f3 se\u00f1alando que a esos terrenos \u00abno lo vamos a regalar, porque ac\u00e1 con la plata de todos no podemos hacernos los vivos; pero s\u00ed que vamos a subsidiar para que puedan acceder a la cuota que muchas veces no lo pueden hacer en cooperativas.Y hay una franja muy importante de duraznenses en esa situaci\u00f3n\u00bb.<\/span><\/span><\/p>\n<p><span style=\"color: #000000; font-size: large;\"><span style=\"font-family: Arial, sans-serif;\"><b>El deporte y el rol y los contratos docentes<\/b><\/span><\/span><\/p>\n<p><span style=\"color: #000000; font-size: large;\"><span style=\"font-family: Arial, sans-serif;\">Habl\u00f3 luego del impulso al deporte e hizo referencia a\u00a0<b>Jorge Reyna<\/b>\u00a0\u00abac\u00e1 tenemos un campe\u00f3n con la\u00a0<b>Selecci\u00f3n de Durazno<\/b>, pero est\u00e1 lleno de campeones, no solamente del f\u00fatbol; de deportes menores, ah\u00ed estaba\u00a0<b>Edgar Maciel\u00a0<\/b>que vino a saludar. Nosotros tenemos que darle las herramientas a los profesionales, los que impulsan el deporte en toda su extensi\u00f3n y en todo el departamento, tenemos que darle las herramientas, tenemos que elevar la mira; trabajar en infraestructura, que no es que estemos mal, pero podemos estar mucho mejor. Y para eso tenemos que estar decididamente respaldando a quienes van a llevar adelante la obra del deporte en nuestro departamento, que vaya que ha sido bastante deficitaria y no precisamente por los profesionales que muchas veces no saben si le van a renovar el contrato a tiempo y est\u00e1n con el &#8216;jes\u00fas en la boca&#8217;, manteniendo familias y a la vez d\u00e1ndolo todo con nuestros j\u00f3venes y nuestros adultos\u00bb.<\/span><\/span><\/p>\n<p><span style=\"color: #000000; font-size: large;\"><span style=\"font-family: Arial, sans-serif;\">El candidato blanco, agradeci\u00f3 la presencia de\u00a0<b>Eduardo Mosegui, ex Presidente de la Organizaci\u00f3n de F\u00fatbol del Interior (ONFI)\u00a0<\/b>y se\u00f1al\u00f3 que \u00abcon \u00e9l\u00a0hemos conseguido\u00a0<b>15 kits de dos\u00a0<\/b><b>ba\u00f1os para cada club de F\u00fatbol\u00a0<\/b><b>Infantil<\/b>, que\u00a0identificamos cuando\u00a0estuvimos como\u00a0<b>D<\/b><b>iputado<\/b>, que hac\u00edan falta.\u00a0Esa es la pol\u00edtica de gesti\u00f3n que estamos planteando. Con poca cosa se puede hacer mucho, el tema es poner el foco y ponerle el inter\u00e9s. Y del deporte podr\u00edamos seguir hablando much\u00edsimo, porque realmente lo que queremos es volver a los primeros lugares de prestigio como departamento que somos, y como departamento que nos merecemos\u00bb.<\/span><\/span><\/p>\n<p><span style=\"font-size: large;\">\u00ab<span style=\"color: #000000;\"><span style=\"font-family: Arial, sans-serif;\"><b>Convertirnos en el centro log\u00edstico nacional\u00bb<\/b><\/span><\/span><\/span><\/p>\n<p><span style=\"color: #000000; font-size: large;\"><span style=\"font-family: Arial, sans-serif;\">M\u00e1s adelante refiri\u00f3 que \u00abotro de nuestros conceptos es poner a\u00a0<b>Durazno en el Centro;<\/b>\u00a0Durazno en el centro es una filosof\u00eda de gesti\u00f3n que vamos a llevar adelante. Nosotros queremos que el pa\u00eds mire a Durazno, que el pa\u00eds est\u00e9 pensando en Durazno, que el pa\u00eds est\u00e9 interesado en Durazno. Pero para eso nosotros, todo el equipo y todos ustedes tenemos que hacer un trabajo muy fuerte de estrategia y de acci\u00f3n. Para eso, obviamente que vamos a buscar convertirnos en el centro log\u00edstico nacional. Porque la geograf\u00eda lo invita, pero adem\u00e1s de ello, hemos tenido un gobierno que se acaba de ir, que nos dej\u00f3 obras de infraestructura realmente so\u00f1adas por todos nosotros, y que tenemos que ahora potenciarlas de nuestro lado\u00bb.<\/span><\/span><\/p>\n<p><span style=\"color: #000000; font-size: large;\"><span style=\"font-family: Arial, sans-serif;\">Agreg\u00f3 que esa realidad \u00abnos va a dar muchas fuentes de empleo, muchas fuentes de trabajo y lo vamos a hacer con incentivos como se hace en todas partes del mundo. Lo vamos a hablar desde lo tributario, desde la infraestructura y un mont\u00f3n de otras iniciativas que tenemos pensado llevar adelante para todo el departamento\u00bb, \u00ab<b>Durazno en el Centro<\/b>, es por qu\u00e9 no so\u00f1ar con un\u00a0<b>Centro Telet\u00f3n<\/b>\u00a0en nuestro departamento que atienda a toda la regi\u00f3n, y por qu\u00e9 no? un\u00a0<b>centro de formaci\u00f3n de pilotos comerciales<\/b>. Como hemos hablado en las \u00faltimas horas con los representantes del aeropuerto. Un aeropuerto que sin lugar a duda va a dar un salto y que nos va a dar tambi\u00e9n nuevas oportunidades para los durazneses\u00bb.<\/span><\/span><\/p>\n<p><span style=\"color: #000000; font-size: large;\"><span style=\"font-family: Arial, sans-serif;\">\u00ab<\/span><span style=\"font-family: Arial, sans-serif;\">C\u00f3mo no vamos a poner a Durazno en el centro? sin decir que vamos a construir una\u00a0<b>residencia estudiantil para 180 j\u00f3venes<\/b>\u00a0en nuestro departamento; lo vamos a hacer en Durazno, pero tambi\u00e9n lo pensamos en menor escala en\u00a0<b>Sarand\u00ed del Yi,<\/b>\u00a0que est\u00e1 llamada a ser la\u00a0<b>capital del centro Oeste del pa\u00eds<\/b>\u201c.<\/span><\/span><\/p>\n<p><span style=\"color: #000000; font-size: large;\"><span style=\"font-family: Arial, sans-serif;\"><b>Bruno Rivero estratega en materia de seguridad<\/b><br \/>\n<b>Algorta,<\/b>\u00a0anunci\u00f3 una decidida acci\u00f3n contra la inseguridad, que dijo \u00abha golpeado a nuestro departamento\u00bb, \u00abtodos recordamos esa marcha multitudinaria, y les quiero dar un beso enorme a\u00a0<b>Valentina La Paz<\/b>\u00a0que est\u00e1 por ah\u00ed, y a su familia, que decididamente nos est\u00e1n apoyando y que nos inspiran. Nosotros, por supuesto, le hab\u00edamos dicho hace tiempo que lo ven\u00edamos diciendo. Mientras otros dec\u00edan que la Intendencia no se ten\u00eda que meter; nosotros estamos convencidos, porque adem\u00e1s vamos a tener un abanderado en ese tema, que es C<b>omisario Mayor Retirado Bruno Rivero<\/b>, que puso ese tema en el programa ya en la interna de la\u00a0<b>Lista 55\u201c<\/b>, anunci\u00f3.<\/span><\/span><\/p>\n<p><span style=\"color: #000000; font-size: large;\">\u00ab<span style=\"font-family: Arial, sans-serif;\">Vamos a crear la\u00a0<b>Guardia Municipal<\/b>\u00a0con polic\u00edas nacionales, que integren una fuerza que no compite con la\u00a0<b>Polic\u00eda Nacional<\/b>, porque no se trata de eso, pero s\u00ed que colabore en las tareas de patrullaje, porque nosotros no podemos permitir que ninguna de las plazas de nuestro departamento sea tomada por extra\u00f1os y expulsen a la familia de los lugares p\u00fablicos. Se ha terminado el hecho de que los lugares p\u00fablicos sean lugar de nadie; de ninguna manera; van a ser de los duraznenses como nunca debieron dejar de ser. Tenemos plazas hermosas, avenidas espectaculares, tenemos que ponerle cari\u00f1o, y la guardia va a salir justamente para ello, para cuidar los bienes que son de todos los bienes departamentales, como tambi\u00e9n son los que van a proteger las \u00e1reas que hoy hablaba, de las playas, el camping, los bosques nativos, y tambi\u00e9n van a colaborar con el tr\u00e1nsito con los compa\u00f1eros municipales que muchas veces se ven atados de pies y manos sin poder hacer mucha cosa\u00bb, \u00abtambi\u00e9n los vamos a tener patrullando y colaborando con la gesti\u00f3n de la polic\u00eda. En eso estamos comprometidos y hoy los quer\u00edamos transmitir\u00bb.<\/span><\/span><\/p>\n<p><span style=\"color: #000000; font-size: large;\"><span style=\"font-family: Arial, sans-serif;\"><b>Licitaciones de obras: 60 % sean trabajadores locales<\/b><\/span><\/span><\/p>\n<p><span style=\"color: #000000; font-size: large;\"><span style=\"font-family: Arial, sans-serif;\">Subray\u00f3 luego en el marco de una serie de anuncios que \u00abel tema del trabajo, vaya si ser\u00e1 un tema tambi\u00e9n bien importante, pues aqu\u00ed tambi\u00e9n quiero anunciar que las obras que licite la Intendencia van a tener un\u00a0<b>m\u00ednimo de 60% de funcionarios<\/b>\u00a0que van a tener que ser del departamento; sino de lo contrario, no van a poder realizar obras, no van a poder realizar obras, porque realmente el contribuyente aporta sus impuestos\u00bb, \u00abnosotros definimos d\u00f3nde se destinan y es bravo cuando vemos que vienen empresas de otro lugar, que est\u00e1 perfecto, no es un contra de empresas de otro lugar, pero s\u00ed que tengan la obligaci\u00f3n de tomar gente de nuestro departamento. En eso estamos totalmente convencidos que tenemos que recorrer ese camino\u00bb.<\/span><\/span><\/p>\n<p><span style=\"color: #000000; font-size: large;\"><span style=\"font-family: Arial, sans-serif;\">Habl\u00f3 luego de<b>\u00a0pasant\u00edas para j\u00f3venes<\/b>, se\u00f1alando que \u00abel primer empleo que tambi\u00e9n lo vamos a fomentar, porque en definitiva despu\u00e9s le piden experiencia a quienes salen al mercado laboral y es muy dif\u00edcil que la tengan, y est\u00e1 demostrado que despu\u00e9s los propios compa\u00f1eros de trabajo piden que no se vayan cuando se terminan los contratos. Pero van a ser un elemento dinamizador en la gesti\u00f3n municipal y eso tambi\u00e9n nos queremos comprometer\u00bb.<\/span><\/span><\/p>\n<p><span style=\"color: #000000; font-size: large;\"><span style=\"font-family: Arial, sans-serif;\"><b>Mejoras de rutas, caminos y nuevos puentes<\/b><\/span><\/span><\/p>\n<p><span style=\"color: #000000; font-size: large;\"><span style=\"font-family: Arial, sans-serif;\"><b>Felipe Algorta<\/b>, destac\u00f3 luego en su discurso en\u00a0<b>Plaza Rod\u00f3<\/b>\u00a0que \u00abhoy estamos en una emergencia vial muy importante en el departamento; hemos hecho rutas que despu\u00e9s no mantenemos y despu\u00e9s dejamos que se destruyan para anunciar nuevamente que las vamos a hacer. Creo que tenemos que trabajar fuertemente en la calidad de las obras. En el mantenimiento de las mismas. Pero hoy vamos a decir que los primeros seis meses de gobierno vamos a llevar adelante un plan de emergencia vial donde vamos a poner en condiciones los peores tramos que tenemos. Y los primeros seis meses los vamos a resolver, para despu\u00e9s obviamente pensar en un mont\u00f3n de proyectos que tenemos pensados\u00bb, \u00abcu\u00e1nto hace que no se hacen\u00a0<b>calzadas<\/b>; nuevos\u00a0<b>puentes<\/b>\u00a0en el departamento; nuevas\u00a0<b>rutas<\/b>\u00ab, se pregunt\u00f3.<\/span><\/span><\/p>\n<p><span style=\"color: #000000; font-size: large;\">\u00ab<span style=\"font-family: Arial, sans-serif;\">La conectividad es un elemento dinamizador y es fundamental, no solamente para la econom\u00eda sino para nuestra familia. Y en eso se nos va la vida. Le vamos a dar una vuelta de cara a la direcci\u00f3n de obra que realmente deja mucho que desear; le vamos a dar las herramientas que se necesitan. Esas herramientas que se necesitan porque despu\u00e9s yo no tengo duda que en un &#8216;pingazo&#8217; como el\u00a0<b>\u00abPampa\u00bb (Jos\u00e9 Luis) Morena,<\/b>\u00a0vamos a tener esa energ\u00eda para hacer las cosas r\u00e1pido y que los vecinos no tengan que esperar meses o a\u00f1os en que la raz\u00f3n no es un problema\u00bb.<\/span><\/span><\/p>\n<p><span style=\"color: #000000; font-size: large;\"><span style=\"font-family: Arial, sans-serif;\">Agradeci\u00f3 tambi\u00e9n \u00aba otras personas que han dado respaldo a esta candidatura, a este movimiento\u00bb, citando a\u00a0<b>Elina Daverede<\/b>\u00a0\u00abque est\u00e1 trabajando junto con otros profesionales para realizar un\u00a0<b>plan de arbolado<\/b>, que hace mucho tiempo no se hace en nuestro departamento y que lo pensamos encarar con mucho profesionalismo\u00bb, \u00abal\u00a0<b>escribano Abell<\/b>a, ex-candidato a Intendente por el\u00a0<b>Partido Colorado;\u00a0<\/b>a\u00a0<b>Jos\u00e9 Luis Bentancor,<\/b>\u00a0tambi\u00e9n del\u00a0<b>Partido Colorado<\/b>;\u00a0a\u00a0<b>Jhoanna Galeano,\u00a0<\/b>la dirigente m\u00e1s votada de\u00a0<b>Cabildo Abierto,\u00a0<\/b>que tambi\u00e9n nos est\u00e1 acompa\u00f1ando\u00bb.<\/span><\/span><\/p>\n<p><span style=\"color: #000000; font-size: large;\"><span style=\"font-family: Arial, sans-serif;\"><b>Dineros p\u00fablicos y su distribuci\u00f3n<\/b><\/span><\/span><\/p>\n<p><span style=\"color: #000000; font-size: large;\">\u00ab<span style=\"font-family: Arial, sans-serif;\">Como se dar\u00e1n cuenta he hablado de un mont\u00f3n de temas que obviamente implican recursos, todas estas propuestas y algunas que quedaron en el tintero, solamente se pueden llevar adelante con un orden administrativo. No somos de elogiar super\u00e1vits, cuando hay un mont\u00f3n de temas que tenemos que resolver. Pero hoy tambi\u00e9n quiero anunciar que vamos a tener al frente de la econom\u00eda departamental, al frente de la\u00a0<b>direcci\u00f3n de Hacienda,<\/b>\u00a0al\u00a0<b>Cr.<\/b>\u00a0<b>Jorge Reyna<\/b>\u00ab.<br \/>\n\u00abQuer\u00eda decirlo porque ustedes tambi\u00e9n tienen que ir viendo que hay un equipo preparado, que hay un equipo con energ\u00eda, con ganas y mucha juventud, que adem\u00e1s m\u00e1s all\u00e1 de las ideas y de las propuestas, siempre tenemos que ver quienes est\u00e1n detr\u00e1s, cu\u00e1les son sus trayectorias, si cumplieron cuando les toc\u00f3 la oportunidad de manejar una herramienta tan importante. Por eso hoy no quer\u00eda dejar de hacer este anuncio\u00bb, concluy\u00f3 el candidato blanco.<\/span><\/span><\/p>\n","protected":false},"excerpt":{"rendered":"<p>Al inicio de su alocuci\u00f3n, el candidato nacionalista,\u00a0Dr. Felipe Algorta Brit,\u00a0sector\u00a0\u00abJuntos por Durazno\u00bb,\u00a0dijo que \u00abcuando un pu\u00f1ado de j\u00f3venes nos junt\u00e1bamos, con el convencimiento de hacia d\u00f3nde ten\u00edamos que ir, y que lo \u00fanico que faltaba era la convicci\u00f3n de que si nos junt\u00e1bamos, pod\u00edamos lograrlo.<\/p>\n","protected":false},"author":4,"featured_media":6656,"comment_status":"closed","ping_status":"closed","sticky":false,"template":"","format":"standard","meta":{"footnotes":""},"categories":[5],"tags":[],"class_list":["post-6655","post","type-post","status-publish","format-standard","has-post-thumbnail","hentry","category-durazno"],"_links":{"self":[{"href":"https:\/\/paginacero.com.uy\/index.php?rest_route=\/wp\/v2\/posts\/6655","targetHints":{"allow":["GET"]}}],"collection":[{"href":"https:\/\/paginacero.com.uy\/index.php?rest_route=\/wp\/v2\/posts"}],"about":[{"href":"https:\/\/paginacero.com.uy\/index.php?rest_route=\/wp\/v2\/types\/post"}],"author":[{"embeddable":true,"href":"https:\/\/paginacero.com.uy\/index.php?rest_route=\/wp\/v2\/users\/4"}],"replies":[{"embeddable":true,"href":"https:\/\/paginacero.com.uy\/index.php?rest_route=%2Fwp%2Fv2%2Fcomments&post=6655"}],"version-history":[{"count":1,"href":"https:\/\/paginacero.com.uy\/index.php?rest_route=\/wp\/v2\/posts\/6655\/revisions"}],"predecessor-version":[{"id":6657,"href":"https:\/\/paginacero.com.uy\/index.php?rest_route=\/wp\/v2\/posts\/6655\/revisions\/6657"}],"wp:featuredmedia":[{"embeddable":true,"href":"https:\/\/paginacero.com.uy\/index.php?rest_route=\/wp\/v2\/media\/6656"}],"wp:attachment":[{"href":"https:\/\/paginacero.com.uy\/index.php?rest_route=%2Fwp%2Fv2%2Fmedia&parent=6655"}],"wp:term":[{"taxonomy":"category","embeddable":true,"href":"https:\/\/paginacero.com.uy\/index.php?rest_route=%2Fwp%2Fv2%2Fcategories&post=6655"},{"taxonomy":"post_tag","embeddable":true,"href":"https:\/\/paginacero.com.uy\/index.php?rest_route=%2Fwp%2Fv2%2Ftags&post=6655"}],"curies":[{"name":"wp","href":"https:\/\/api.w.org\/{rel}","templated":true}]}}