{"id":6652,"date":"2025-03-24T11:49:11","date_gmt":"2025-03-24T14:49:11","guid":{"rendered":"https:\/\/paginacero.com.uy\/?p=6652"},"modified":"2025-03-24T11:49:11","modified_gmt":"2025-03-24T14:49:11","slug":"algorta-de-triunfar-jorge-reyna-sera-director-de-hacienda","status":"publish","type":"post","link":"https:\/\/paginacero.com.uy\/?p=6652","title":{"rendered":"Algorta: de triunfar Jorge Reyna ser\u00e1 Director de Hacienda"},"content":{"rendered":"<p>En el acto de lanzamiento oficial de la campa\u00f1a hacia las elecciones del pr\u00f3ximo 11 de mayo, el\u00a0<b>candidato a la Intendencia de Durazno, Dr. Felipe Algorta Brit (Partido Nacional),\u00a0<\/b>anunci\u00f3 que en caso de ganar, el\u00a0<b>Director de Hacienda\u00a0<\/b>de la pr\u00f3xima administraci\u00f3n ser\u00e1 el\u00a0<b>Cr. Jorge Eugenio Reyna\u00a0Gerem\u00edas<\/b>.<!--more--><\/p>\n<div><span style=\"font-size: large;\" data-olk-copy-source=\"MessageBody\">Fue este quiz\u00e1s el primer gran anuncio p\u00fablico en lo que va de la actual campa\u00f1a hacia las departamentales, tanto del sector de\u00a0<b>Algorta<\/b>, como a nivel de los dem\u00e1s Partidos, que por el momento no han hecho p\u00fablico\u00a0quienes ser\u00edan los\u00a0<b>integrantes del ejecutivo<\/b>\u00a0en caso de acceder al sill\u00f3n de\u00a0<b>calle Artigas y Herrera<\/b>.<\/span><\/div>\n<div><span style=\"font-size: large;\">El acto celebrado por los sectores<b>\u00a04, 11, 36, 55, 240, 400, 555, 665, 880, 40B y 424<\/b>, este domingo 23 de marzo en horas de la noche al aire libre en\u00a0<b>Plaza Rod\u00f3,<\/b>\u00a0estuvo acompa\u00f1ado por numeroso p\u00fablico que con\u00a0<b>banderas, carteles -y hasta vuvuzelas, o corneta<\/b>s- lleg\u00f3 de varias zonas del departamento.<\/span><\/div>\n<div>Luego de enumerar varios proyectos y propuestas en un eventual gobierno bajo su administraci\u00f3n,\u00a0<b>Algorta<\/b>, manifest\u00f3 que \u00abtodas estas propuestas y algunas que quedaron en el tintero, solamente se pueden llevar adelante con un orden administrativo. No somos de\u00a0elogiar super\u00e1vit, cuando hay un mont\u00f3n de temas que tenemos que resolver. Pero hoy tambi\u00e9n quiero anunciar que vamos a tener al frente de la econom\u00eda departamental, al frente de la direcci\u00f3n de hacienda, al\u00a0<b>Cr. Jorge Reyna<\/b>\u00ab, generando aplausos de la concurrencia.<\/div>\n<div><span style=\"font-size: large;\">\u00abQuer\u00eda decirlo porque ustedes tambi\u00e9n tienen que ir viendo que hay un equipo preparado, que hay un equipo con energ\u00eda, con ganas y mucha juventud, que adem\u00e1s m\u00e1s all\u00e1 de las ideas y de las propuestas, siempre tenemos que ver quienes est\u00e1n detr\u00e1s, cu\u00e1les son sus trayectorias, si cumplieron cuando les toc\u00f3 la oportunidad de manejar una herramienta tan importante. Por eso hoy no quer\u00eda dejar de hacer este anuncio\u00bb, coment\u00f3 el candidato blanco.<\/span><\/div>\n","protected":false},"excerpt":{"rendered":"<p>En el acto de lanzamiento oficial de la campa\u00f1a hacia las elecciones del pr\u00f3ximo 11 de mayo, el\u00a0candidato a la Intendencia de Durazno, Dr. Felipe Algorta Brit (Partido Nacional),\u00a0anunci\u00f3 que en caso de ganar, el\u00a0Director de Hacienda\u00a0de la pr\u00f3xima administraci\u00f3n ser\u00e1 el\u00a0Cr. Jorge Eugenio Reyna\u00a0Gerem\u00edas.<\/p>\n","protected":false},"author":4,"featured_media":6653,"comment_status":"closed","ping_status":"closed","sticky":false,"template":"","format":"standard","meta":{"footnotes":""},"categories":[5],"tags":[],"class_list":["post-6652","post","type-post","status-publish","format-standard","has-post-thumbnail","hentry","category-durazno"],"_links":{"self":[{"href":"https:\/\/paginacero.com.uy\/index.php?rest_route=\/wp\/v2\/posts\/6652","targetHints":{"allow":["GET"]}}],"collection":[{"href":"https:\/\/paginacero.com.uy\/index.php?rest_route=\/wp\/v2\/posts"}],"about":[{"href":"https:\/\/paginacero.com.uy\/index.php?rest_route=\/wp\/v2\/types\/post"}],"author":[{"embeddable":true,"href":"https:\/\/paginacero.com.uy\/index.php?rest_route=\/wp\/v2\/users\/4"}],"replies":[{"embeddable":true,"href":"https:\/\/paginacero.com.uy\/index.php?rest_route=%2Fwp%2Fv2%2Fcomments&post=6652"}],"version-history":[{"count":1,"href":"https:\/\/paginacero.com.uy\/index.php?rest_route=\/wp\/v2\/posts\/6652\/revisions"}],"predecessor-version":[{"id":6654,"href":"https:\/\/paginacero.com.uy\/index.php?rest_route=\/wp\/v2\/posts\/6652\/revisions\/6654"}],"wp:featuredmedia":[{"embeddable":true,"href":"https:\/\/paginacero.com.uy\/index.php?rest_route=\/wp\/v2\/media\/6653"}],"wp:attachment":[{"href":"https:\/\/paginacero.com.uy\/index.php?rest_route=%2Fwp%2Fv2%2Fmedia&parent=6652"}],"wp:term":[{"taxonomy":"category","embeddable":true,"href":"https:\/\/paginacero.com.uy\/index.php?rest_route=%2Fwp%2Fv2%2Fcategories&post=6652"},{"taxonomy":"post_tag","embeddable":true,"href":"https:\/\/paginacero.com.uy\/index.php?rest_route=%2Fwp%2Fv2%2Ftags&post=6652"}],"curies":[{"name":"wp","href":"https:\/\/api.w.org\/{rel}","templated":true}]}}