{"id":6649,"date":"2025-03-24T11:06:33","date_gmt":"2025-03-24T14:06:33","guid":{"rendered":"https:\/\/paginacero.com.uy\/?p=6649"},"modified":"2025-03-24T11:06:33","modified_gmt":"2025-03-24T14:06:33","slug":"el-abrazo-fa-reunio-a-dirigentes-locales-y-nacionales","status":"publish","type":"post","link":"https:\/\/paginacero.com.uy\/?p=6649","title":{"rendered":"El Abrazo (FA) reuni\u00f3 a dirigentes locales y nacionales"},"content":{"rendered":"<p>Sectores del\u00a0<b>Frente Amplio,<\/b>\u00a0que en lo local componen<b>\u00a0\u00abEl Abrazo\u00bb<\/b>, que impulsa la\u00a0<b>candidatura de Ra\u00fal Licandro a la Intendencia de Durazno<\/b>, mantuvieron el pasado s\u00e1bado una jornada que abord\u00f3 el\u00a0<b>Programa Departamental Durazno 2025 &#8211; 2030<\/b>, analizando el\u00a0<b>\u00ab<\/b><b>Activo Program\u00e1tico para gobernar Durazno\u00bb<\/b>.<!--more--><\/p>\n<div><span style=\"font-size: large;\" data-olk-copy-source=\"MessageBody\">Los temas abordados en la ocasi\u00f3n\u00a0-entre otros, fueron- gesti\u00f3n integral de residuos; obras y espacios\u00a0p\u00fablicos; ordenamiento territorial\u00a0y vivienda; producci\u00f3n y ambiente; desarrollo social y participaci\u00f3n desde el segundo y el tercer nivel de gobierno, participaci\u00f3n ciudadana en la gesti\u00f3n de gobierno.<\/span><\/div>\n<div><span style=\"font-size: large;\">P\u00e1gina Cero, entrevist\u00f3 al dirigente local,<b>\u00a0Enrique Antonio\u00a0<\/b>y a\u00a0<b>Ver\u00f3nica Pastore<\/b>, de la\u00a0<b>Comisi\u00f3n de Programas Nacional del Frente Amplio<\/b>\u00a0y el\u00a0<b>duraznense, nativo de Carlos Reyles<\/b>, radicado en la capital del pa\u00eds,\u00a0<b>Pablo Mateos<\/b>, responsable de\u00a0<b>Ambiente y Gesti\u00f3n de Residuos de Canelones.<\/b><\/span><\/div>\n<div><span style=\"font-size: large;\">\u00a0<\/span><\/div>\n<div><span style=\"font-size: large;\">\u00abEsta jornada fue organizada\u00a0desde<b>\u00a0El Abrazo, Lista 949,<\/b>\u00a0que de alguna manera era para trabajar el programa junto a compa\u00f1eros y compa\u00f1eras que ven\u00edan de\u00a0<b>Canelones y Montevideo<\/b>, para trabajar el programa y bajarlo a tierra, para presentar las propuestas de nuestro\u00a0<b>candidato, Ra\u00fal Licandro a la Intendencia<\/b>, pero tambi\u00e9n intercambiando con otros compa\u00f1eros y bajar la propuesta del Frente Amplio\u00bb, coment\u00f3,<b>\u00a0Antonio<\/b>.<\/span><\/div>\n<div><span style=\"font-size: large;\">La actividad se cumpli\u00f3 en las\u00a0<b>dos sedes del Frente Amplio<\/b>\u00a0ubicadas en\u00a0<b>calle Manuel Oribe<\/b>, con la participaci\u00f3n de dirigentes de todo el departamento, \u00abla verdad que tuvimos una muy buena concurrencia. Dividimos la jornada en mesas de trabajo para tratar distintos ejes\u00a0tem\u00e1ticos.\u00a0Por un lado, la participaci\u00f3n ciudadana, hablar de la participaci\u00f3n en la Intendencia y en las alcald\u00edas, en los municipios, cosa que consideramos muy importante y lo hacemos mucho \u00e9nfasis, y por otro lado, trabajamos en lo que tiene que ver con obra, gesti\u00f3n, ambiente y producci\u00f3n, que fue otra mesa de trabajo.\u00a0Hubo en ambas mesas una gran participaci\u00f3n, que suma a esto que venimos trabajando en colectivo desde hace tanto tiempo y en construcci\u00f3n colectiva, que es el\u00a0<b>programa de Frente Amplio<\/b>, y son las propuestas, siempre con la participaci\u00f3n de la gente, porque no somos ningunos iluminados individualmente, sino que nuestra construcci\u00f3n se hace del colectivo y de las inquietudes y las necesidades que tiene la gente\u00bb, \u00abTodo\u00a0eso lo tomamos, lo trabajamos, le ponemos un pienso y creamos propuestas para de alguna manera apuntar a mejorar la vida de la gente, y pensando en todos y en todas, sin tener ciudadanos de primera y de segunda, sino que con una mirada global, intergeneracional, una mirada de g\u00e9nero y amplia en lo que tiene que ver con lo que va a ser nuestra\u00a0<b>gesti\u00f3n del Frente Amplio en el gobierno departamental<\/b>, cosa que estamos convencidos que va a suceder porque la gente necesita y quiere un cambio\u00bb.<\/span><\/div>\n<div><span style=\"font-size: large;\"><b>Antonio<\/b>, agreg\u00f3 como \u00abuna cosa importante; es que esta mirada es independientemente a los colores pol\u00edticos, porque cuando vemos a las personas, cuando miramos a las personas, miramos a una sociedad con problemas, que los problemas no miran colores pol\u00edticos, entonces, lo que intentamos hacer es crear esas soluciones y terminar de alguna manera con lo que tiene que ver con el clientelismo y con se\u00f1alar con el dedo a qui\u00e9n dirigimos las pol\u00edticas departamentales y, por supuesto, nacionales\u00bb<\/span><\/div>\n<div><\/div>\n<div><span style=\"font-size: large;\"><b>Pastore: obras tienen que se dialogadas con los vecinos<\/b><\/span><\/div>\n<div><span style=\"font-size: large;\">Sobre el encuentro realizado, dijo que \u00ablo primero es que est\u00e1 buen\u00edsimo. Lo voy a describir as\u00ed. O sea, cuando uno tiene la suerte de que lo invitan a ser parte de una construcci\u00f3n colectiva, lo principal es que los locatarios, los compa\u00f1eros que est\u00e1n trabajando realmente ac\u00e1 y est\u00e1n militando ac\u00e1 sean los que toman la voz.\u00a0Porque uno puede apoyarlos y puede ayudarlos solo si ellos tienen cosas para decir y tienen propuestas para hacer. Ah\u00ed es donde uno lo ayuda, desde la experiencia, pero nunca puede venir uno con sus ideas de otro lugar a querer resolver los problemas que no conoce. Creo que eso fue lo que vivimos en esta ma\u00f1ana. \u00c9ramos una veintena m\u00e1s, por lo menos, en el local,\u00a0en donde todos, desde su lugar, que eran much\u00edsimos, desde el lugar donde viven, desde el lugar donde trabajan, desde las experiencias de vida, contaron cu\u00e1les eran las situaciones que se estaba viviendo en Durazno y cu\u00e1les pod\u00edan ser las ideas para cambiar esa situaci\u00f3n\u00bb.<\/span><\/div>\n<div><span style=\"font-size: large;\">\u00abHablamos del proyecto que tiene el\u00a0<b>Frente Amplio<\/b>\u00a0y, en particular,\u00a0<b>El Abrazo<\/b>\u00a0apoyando la\u00a0<b>candidatura de (Ra\u00fal) Licandro<\/b>; de c\u00f3mo se puede mejorar la situaci\u00f3n de Durazno departamento, y eso es clave, no?, porque hablamos de territorio, hablamos de ambiente, hablamos de producci\u00f3n, hablamos de pol\u00edtica de vivienda, son todas cosas que tienen much\u00edsimo que ver con el trabajar desde el gobierno nacional al gobierno departamental, a los Municipios y las Juntas Locales, pero que si entre todos no tenemos un plan, es muy dif\u00edcil saber qu\u00e9 elegir, qu\u00e9 obra hacer y, sobre todo, es muy dif\u00edcil que eso llegue a los vecinos\u00bb.<br \/>\nEstableci\u00f3 que cualquier obra que se quiera realizar \u00abtienen que ser dialogadas con los vecinos, tienen que tener la apropiaci\u00f3n y el apoyo de los vecinos,\u00a0<\/span>y s\u00f3lo as\u00ed van a resultar buenas para cambiar la calidad de la vida\u00bb.<\/div>\n<div>Relat\u00f3 que en la jornada \u00abse habl\u00f3 de la problem\u00e1tica de un Durazno desintegrado, en donde hay much\u00edsimos problemas de desigualdad en los lugares en donde las personas viven; de la falta de acceso a los servicios; que no siempre hay espacios p\u00fablicos de calidad, que hay muchos problemas de integraci\u00f3n en t\u00e9rminos de dificultades para el andar, para llegar a los servicios, problemas de caminer\u00eda, problemas vinculados a las ni\u00f1eces, problemas del sistema de cuidados; de si se llega a la salud, si hay un lugar en donde los ni\u00f1os se puedan atender\u00bb, \u00abcontaban que hay escuelas \u00abEntonces hablamos eso, de la planificaci\u00f3n y de que si yo entiendo que en un pueblo hay un problema, como puedo hacer para llevar los servicios, llevar un transporte de un \u00f3mnibus que pueda llevar a las personas a los servicios?, si hay un problema de trabajo, como puedo apoyar a las empresas locales?; como puedo tratar de hacer que, desde los convenios con la Intendencia, trabajen en la local\u00eda y trabajen con las personas de la local\u00eda y no siempre la mano de obra venga desde afuera;\u00a0 que empresas hay que apoyar; c\u00f3mo trabajar en colectivo; d\u00f3nde se desarrollan las pol\u00edticas de acceso al suelo\u00bb, explic\u00f3 entre los temas dialogados.<\/div>\n<div>\u00abUno de los grandes temas que siempre pasa es que, cuando uno llega al gobierno y empieza a trabajar, parece como que se largan carreras de las distintas \u00e1reas por llevar a la soluci\u00f3n y no siempre est\u00e1n coordinadas. entonces, fuimos trabajando en eso, de esa necesidad de construir proyectos comunes y trabajar en conjunto para llegar a las soluciones\u00bb.<\/div>\n<div><\/div>\n<div><b>Mateos: FA estudiar\u00e1\u00a0los proyectos de vertederos<\/b><\/div>\n<div>\u00abMe parece que hay un aspecto a destacar y es el inter\u00e9s muy fuerte, en este caso del departamento de\u00a0<b>Durazno\u00a0<\/b>y del<b>\u00a0Frente Amplio en Durazno<\/b>, de acelerar los procesos que, de alguna manera, quedaron instalados en el anterior gobierno del\u00a0<b>Frente Amplio<\/b>\u00a0que tienen que ver con profundizar un modelo orientado hacia el\u00a0<b>desarrollo sostenible<\/b>. El\u00a0<b>Frente Amplio<\/b>, en el periodo anterior, culmin\u00f3 ese periodo con algunos avances en lo que tiene que ver con aspectos normativos, algunos instrumentos muy fuertes en materia de desarrollo sostenible que, de alguna manera, se vieron paralizados en este periodo de cinco a\u00f1os\u00bb, dijo y mencion\u00f3 que \u00abhay cuestiones concretas muy importantes que tienen que ver con eso\u00bb.<\/div>\n<div>Por ejemplo, agreg\u00f3, \u00ablos \u00faltimos cinco sitios de<b>\u00a0disposici\u00f3n final (de residuos)<\/b>\u00a0habilitados en el pa\u00eds, son cinco sitios habilitados en el gobierno del\u00a0<b>Frente Amplio,\u00a0<\/b>y de alguna manera, el modelo y el proyecto del\u00a0<b>Frente Amplio<\/b>, lo que quiere, y se ve ac\u00e1 en\u00a0<b>Durazno<\/b>; rescatar ese proceso que se ven\u00eda llevando adelante y acelerarlo en esta etapa que viene, que tiene que ver b\u00e1sicamente con profundizar y cambiar un modelo que tiene que orientarse hacia otro lado. La gente tiene que entrar en un escenario de un modelo distinto en lo que tiene que ver con c\u00f3mo producimos y c\u00f3mo consumimos, c\u00f3mo habitamos las ciudades, c\u00f3mo habitamos el campo, c\u00f3mo hacemos uso de los recursos naturales.\u00a0Esa transformaci\u00f3n, que es la transformaci\u00f3n profunda que hay que dar, hay que hacerlo, adem\u00e1s, de manera muy acelerada, porque la cuesti\u00f3n del cambio clim\u00e1tico te lo impone, es un fen\u00f3meno muy extendido y que cada vez vemos m\u00e1s presentes sus consecuencias. Lo vemos por las precipitaciones en periodos m\u00e1s cortos de tiempo que son cada vez m\u00e1s impactantes sobre las poblaciones; lo vemos sobre el aumento de la temperatura, lo vemos sobre las rachas de viento; todo eso lo vivimos a diario, lo vive la gente en el territorio y se necesita un modelo que est\u00e9, de alguna manera, alineado con la gran lucha que a nivel planetario hay que dar y que a nivel local hay que orientarse de manera r\u00e1pida hacia eso\u00bb.<\/div>\n<div>Entendemos, agreg\u00f3 el entrevistado, \u00abque hay que acelerar ese proceso\u00bb y se refiri\u00f3 a los\u00a0<b>sitios\u00a0<\/b><b>de disposici\u00f3n final de residuos,<\/b>\u00a0\u00abes un\u00a0gran tema, que justamente est\u00e1 concatenado con todo esto. Estoy convencido de que los gobiernos departamentales hicieron much\u00edsimo, hicieron much\u00edsimo esfuerzo;\u00a0 lo\u00a0que no hubo en este periodo pasado y que tiene que cambiar radicalmente es un apoyo del\u00a0<b>gobierno naciona<\/b>l.\u00a0Es imposible hacer inversiones tan fuertes sin un apoyo del gobierno nacional\u00bb<\/div>\n<div>\u00abPodemos ver cuando quieran lo que fue concretamente la inversi\u00f3n o el apoyo del gobierno nacional (saliente) a este tipo de proyectos y realmente no daban ni para arrancar en cualquier sitio. Le pas\u00f3 a\u00a0<b>Durazno, con Flores<\/b>, le pas\u00f3 a otros departamentos que realmente ten\u00edan proyectos, ten\u00edan laburo a nivel local, ten\u00edan laburo de t\u00e9cnicos, ten\u00edan laburo a nivel de los equipos, pero no hab\u00eda un apoyo que permitiera vehiculizar eso\u00bb, \u00abpor eso dec\u00eda,\u00a0los \u00faltimos cinco sitios de disposici\u00f3n final habilitados son los que dej\u00f3 el Frente Amplio en el \u00faltimo periodo de gobierno. El \u00faltimo fue el de\u00a0<b>Rocha<\/b>, aprobado en los \u00faltimos meses de gesti\u00f3n de gobierno;\u00a0de ah\u00ed para ac\u00e1, concretamente no pas\u00f3 m\u00e1s nada en ese tema y hay realidades concretas muy complejas que atender, con un nivel de urgencia muy importante\u00bb.<\/div>\n<div><b>Mateos,<\/b>\u00a0subray\u00f3 sobre ese punto que \u00aball\u00ed hay un gran desaf\u00edo a nivel departamental, pero como en\u00a0<b>Durazno\u00a0<\/b>y en muchos otros departamentos, estos proyectos quedaron inconclusos por falta del apoyo del gobierno nacional\u00bb.<\/div>\n<div><b>Habr\u00e1 un cambio de paradigma\u00a0a partir del nuevo gobierno?<\/b><\/div>\n<div>Respondi\u00f3 que \u00abes posible retomar concretamente los proyectos que hay a nivel departamental, pero tiene que estar acompa\u00f1ado de toda una cuesti\u00f3n que va antes, que tiene que ver con c\u00f3mo cambiamos la forma de producir y consumir, c\u00f3mo en casa, por ejemplo, arrancamos con un consumo distinto, que nos permita clasificar, c\u00f3mo las empresas van hacia un proceso productivo en donde se valorice lo que hoy es desperdicio o c\u00f3mo se vehiculiza de manera adecuada los residuos que se generan. O sea, el sitio de disposici\u00f3n final es b\u00e1sicamente eso, es lo \u00faltimo que hay que pensar por la urgencia, por la cuesti\u00f3n dram\u00e1tica en algunos lugares hay que solucionarlo r\u00e1pidamente, pero ser\u00eda en un modelo ideal, adecuado, lo \u00faltimo que vos ten\u00e9s que pensar, porque el\u00a0sitio de disposici\u00f3n final que vos pens\u00e1s est\u00e1 alineado con tu modelo de producci\u00f3n, de c\u00f3mo vos produc\u00eds y consum\u00eds en el departamento, entonces, primero ten\u00e9s que pensar otras cosas, que es un poco lo que estaba planteado hoy ac\u00e1 en la charla, que qued\u00f3 picando y que van a seguir seguramente profundizando\u00bb.<\/div>\n","protected":false},"excerpt":{"rendered":"<p>Sectores del\u00a0Frente Amplio,\u00a0que en lo local componen\u00a0\u00abEl Abrazo\u00bb, que impulsa la\u00a0candidatura de Ra\u00fal Licandro a la Intendencia de Durazno, mantuvieron el pasado s\u00e1bado una jornada que abord\u00f3 el\u00a0Programa Departamental Durazno 2025 &#8211; 2030, analizando el\u00a0\u00abActivo Program\u00e1tico para gobernar Durazno\u00bb.<\/p>\n","protected":false},"author":4,"featured_media":6650,"comment_status":"closed","ping_status":"closed","sticky":false,"template":"","format":"standard","meta":{"footnotes":""},"categories":[5],"tags":[],"class_list":["post-6649","post","type-post","status-publish","format-standard","has-post-thumbnail","hentry","category-durazno"],"_links":{"self":[{"href":"https:\/\/paginacero.com.uy\/index.php?rest_route=\/wp\/v2\/posts\/6649","targetHints":{"allow":["GET"]}}],"collection":[{"href":"https:\/\/paginacero.com.uy\/index.php?rest_route=\/wp\/v2\/posts"}],"about":[{"href":"https:\/\/paginacero.com.uy\/index.php?rest_route=\/wp\/v2\/types\/post"}],"author":[{"embeddable":true,"href":"https:\/\/paginacero.com.uy\/index.php?rest_route=\/wp\/v2\/users\/4"}],"replies":[{"embeddable":true,"href":"https:\/\/paginacero.com.uy\/index.php?rest_route=%2Fwp%2Fv2%2Fcomments&post=6649"}],"version-history":[{"count":1,"href":"https:\/\/paginacero.com.uy\/index.php?rest_route=\/wp\/v2\/posts\/6649\/revisions"}],"predecessor-version":[{"id":6651,"href":"https:\/\/paginacero.com.uy\/index.php?rest_route=\/wp\/v2\/posts\/6649\/revisions\/6651"}],"wp:featuredmedia":[{"embeddable":true,"href":"https:\/\/paginacero.com.uy\/index.php?rest_route=\/wp\/v2\/media\/6650"}],"wp:attachment":[{"href":"https:\/\/paginacero.com.uy\/index.php?rest_route=%2Fwp%2Fv2%2Fmedia&parent=6649"}],"wp:term":[{"taxonomy":"category","embeddable":true,"href":"https:\/\/paginacero.com.uy\/index.php?rest_route=%2Fwp%2Fv2%2Fcategories&post=6649"},{"taxonomy":"post_tag","embeddable":true,"href":"https:\/\/paginacero.com.uy\/index.php?rest_route=%2Fwp%2Fv2%2Ftags&post=6649"}],"curies":[{"name":"wp","href":"https:\/\/api.w.org\/{rel}","templated":true}]}}