{"id":6646,"date":"2025-03-22T13:24:11","date_gmt":"2025-03-22T16:24:11","guid":{"rendered":"https:\/\/paginacero.com.uy\/?p=6646"},"modified":"2025-03-22T13:24:11","modified_gmt":"2025-03-22T16:24:11","slug":"bordaberry-ana-hunter-mejor-opcion-para-durazno-los-proximos-5-anos","status":"publish","type":"post","link":"https:\/\/paginacero.com.uy\/?p=6646","title":{"rendered":"Bordaberry: \u00abAna Hunter, mejor opci\u00f3n para Durazno los pr\u00f3ximos 5 a\u00f1os\u00bb"},"content":{"rendered":"<p>El Senador y l\u00edder de\u00a0<b>\u00abVamos Uruguay\u00bb, Dr. Pedro Bordaberry,<\/b>\u00a0dijo que el\u00a0<b>Partido Colorado<\/b>, espera una gran votaci\u00f3n en el departamento de Durazno y no dud\u00f3 en expresar que la\u00a0<b>Dra. Ana Hunter<\/b>, ser\u00e1 la elegida por la ciudadan\u00eda.<!--more--><\/p>\n<p data-olk-copy-source=\"MessageBody\">\u00ab<span style=\"font-family: Arial, sans-serif;\"><span style=\"font-size: large;\"><span style=\"color: #000000;\">Es una\u00a0<\/span>alegr\u00eda estar ac\u00e1 y m\u00e1s alegr\u00eda estar acompa\u00f1ando hoy a\u00a0<b>Ana (Hunter)\u00a0<\/b>y a los compa\u00f1eros que van a presentarse en la pr\u00f3xima elecci\u00f3n departamental\u00bb,\u00a0 comenz\u00f3 diciendo\u00a0<b>Bordaberry<\/b>, en referencia a la candidata, y tambi\u00e9n a los dirigentes presentes que encabezan lista, el\u00a0<b>Dr. Daniel Lerena y Marcelo Luj\u00e1n del Pino<\/b>, entre otros<\/span><\/span><\/p>\n<p><span style=\"font-family: Arial, sans-serif;\"><span style=\"font-size: large;\">El\u00a0<b>Senador del Partido Colorado,<\/b>\u00a0con ra\u00edces en la zona de\u00a0<b>Molles (Carlos Reyles)<\/b>, comenz\u00f3 haciendo una referencia a la historia local, al se\u00f1alar que el\u00a0<b>Tte. Gral.\u00a0<\/b><b>Pablo\u00a0<\/b><b>Galarza<\/b>\u00a0\u00abfue un hombre nacido en\u00a0<b>Soriano<\/b>\u00a0a finales de los 1800. A principios del siglo pasado vino para ac\u00e1 para poner un poco de orden, porque andaban todas las revoluciones de campa\u00f1a y el\u00a0<b>Gral.\u00a0<\/b><b>Galarza<\/b>\u00a0se termin\u00f3 afincando en Durazno con los famosos\u00a0<b>&#8216;lanceros de Galarza&#8217;<\/b>, que recorr\u00edan la campa\u00f1a; y se cas\u00f3 con una gran duraznense,\u00a0<b>Otilia S<\/b><b>chultze;<\/b>\u00a0una figura a veces olvidada en la historia pol\u00edtica del Uruguay, porque fue una gran mujer que hizo mucho en la pol\u00edtica del Uruguay, se carteaba con\u00a0<b>Paulina Luisi<\/b>,\u00a0que\u00a0la hab\u00eda bautizado a do\u00f1a\u00a0<b>Otilia,\u00bbla generala de las mujeres de Durazno\u00bb<\/b>, y ella fue la primera que pele\u00f3 por el voto de la Mujer desde ac\u00e1 de Durazno do\u00f1a Otilia, adem\u00e1s de ello, cre\u00f3 la\u00a0<b>comisi\u00f3n pro Hospital de Durazno<\/b>, donde estaba\u00a0<b>(Dr. Emilio)<\/b><b>\u00a0Penza,\u00a0<\/b><b>Galarza, Schultze,\u00a0<\/b>y termin\u00f3 concretando, peleando el hospital nada m\u00e1s y nada menos y sigui\u00f3 peleando y termin\u00f3 concretando el voto de la mujer en el Uruguay, y muchas veces hoy en d\u00eda que andan hablando tanto de las mujeres y los derechos y las pol\u00edticas, se olvidan de esa gran duraznense que fue\u00a0<b>do\u00f1a Otilia Schultze<\/b>, con lo que hizo para la comunidad\u00bb.<\/span><\/span><\/p>\n<p><span style=\"font-family: Arial, sans-serif;\"><span style=\"font-size: large;\">Hoy estamos ac\u00e1, subray\u00f3\u00a0<b>Pedro Bordaberry<\/b>, \u00abapoyando a otra gran mujer duraznense que quiere ser<b>\u00a0<\/b><b>I<\/b><b>ntendente<\/b>, que va por ese camino, el mismo camino que recorri\u00f3 do\u00f1a<b>\u00a0Otilia\u00a0<\/b><b>(Schultze)\u00a0<\/b>y tantas otras mujeres en Durazno y que siente la vocaci\u00f3n hoy de salir a ofrecer su nombre y su candidatura en estos momentos en que la ciudadan\u00eda de Durazno claramente est\u00e1 enfrentando una renovaci\u00f3n en la pol\u00edtica local\u00bb.<\/span><\/span><\/p>\n<p><span style=\"font-family: Arial, sans-serif;\"><span style=\"font-size: large;\">\u00abEstamos llegando al final de un ciclo muy bueno, hay que reconocerlo por m\u00e1s que no de nuestro partido del\u00a0<b>profesor Carmelo (Vidal\u00edn<\/b><b>)<\/b>, un gran<b>\u00a0Intendente\u00a0<\/b>que ha hecho tantas cosas, tan buenas por el departamento, pero que ya no va a ser m\u00e1s candidato, y entonces en esos momentos en la pol\u00edtica donde viene el cambio y el ciudadano viene y dice &#8216;che, Y ahora qu\u00e9?&#8217;, y ah\u00ed es como la baraja, se junta el mazo y se vuelve a repartir, y en el reparto hoy el\u00a0<b>Partido C<\/b><b>olorado \u00ab<\/b><b>V<\/b><b>amos Uruguay\u00bb<\/b>, est\u00e1 ofreci\u00e9ndole a Durazno la renovaci\u00f3n segura, la renovaci\u00f3n con\u00a0<b>Ana\u00a0<\/b><b>Hunter<\/b><b>\u00a0a la\u00a0<\/b><b>In<\/b><b>tendencia<\/b>, y lo est\u00e1 haciendo y yo lo hago ac\u00e1 hoy convencido, de que es la mejor opci\u00f3n, porque lo que se pide a un Intendente, es que sea capaz, es que sea preparado, que sea del departamento y lo sienta el departamento como suyo; se le pide a un Intendente sensibilidad, porque el Intendente es el primer vecino, el que abre la puerta de su casa y se encuentra con el problema y lo tiene que solucionar, y lo digo convencido hoy ac\u00e1, que la mejor renovaci\u00f3n hoy para la Intendencia de\u00a0<b>Durazno es Ana\u00a0<\/b><b>Hunter,<\/b>\u00a0sin duda alguna\u00bb.<\/span><\/span><\/p>\n<p><span style=\"font-family: Arial, sans-serif; font-size: large;\">\u00ab<\/span><span style=\"font-family: Arial, sans-serif;\"><span style=\"font-size: large;\"><b>Trabajo local, no para los de afuera, que despu\u00e9s se van\u00bb.<\/b><\/span><\/span><\/p>\n<p><span style=\"font-family: Arial, sans-serif; font-size: large;\"><b>\u00ab<\/b><\/span><span style=\"font-family: Arial, sans-serif;\"><span style=\"font-size: large;\">En los tiempos que hemos estado conversando con ella, me ha estado diciendo las cosas que entiende necesita este\u00a0<b>nuevo Durazno de los pr\u00f3ximos 5 a\u00f1os<\/b>, y necesita m\u00e1s trabajo para los duraznenses y necesita s\u00ed que generemos inversiones, pero generemos inversiones que les den trabajo a los<b>\u00a0vecinos de Durazno y a la gente de Durazno,<\/b>\u00a0y no solamente a los que vienen de afuera y despu\u00e9s se van, ese es el norte de lo que<b>\u00a0Ana (Hunter)<\/b>\u00a0nos ha dicho que quiere hacer; la Intendencia es tambi\u00e9n servicios, la Intendencia es tambi\u00e9n sentir como suyo los problemas de los vecinos\u00bb.<\/span><\/span><\/p>\n<p><span style=\"font-family: Arial, sans-serif;\"><span style=\"font-size: large;\">\u00ab<\/span><\/span><span style=\"font-family: Arial, sans-serif;\"><span style=\"font-size: large;\">Ac\u00e1 est\u00e1 la mejor, ac\u00e1 est\u00e1n los mejores,esta es la propuesta, esto es lo que presentamos y esto es lo que decimos convencidos,<b>\u00a0Ana (Hunter)<\/b>\u00a0les gana, les gana seguro\u00bb, concluy\u00f3 el conocido dirigente.<\/span><\/span><\/p>\n<p><span style=\"font-family: Arial, sans-serif;\"><span style=\"font-size: large;\"><b>Viera: \u00abeste es un momento clave, hay un cambio\u00bb<\/b><\/span><\/span><\/p>\n<p><span style=\"font-family: Arial, sans-serif;\"><span style=\"font-size: large;\">\u00abRealmente es un gusto estar ac\u00e1 en<b>\u00a0Durazno<\/b>, en este hermoso departamento del centro de nuestro pa\u00eds y es un honor estar en este lanzamiento, de la confirmaci\u00f3n de algo que ya est\u00e1 proclamado, que es la candidatura a la intendencia por el\u00a0<b>Partido Colorado de Ana Hunter,<\/b>\u00a0acompa\u00f1ada de un gran equipo\u00bb, dijo en la conferencia de prensa realizada d\u00edas pasados en el Hotel Central, e<\/span><\/span><span style=\"font-family: Arial, sans-serif;\"><span style=\"font-size: large;\">l\u00a0<b>Senador del Partido Colorado\u00a0<\/b>y dos veces Intendente de<b>\u00a0Rivera, Tabar\u00e9 Viera.<\/b><\/span><\/span><\/p>\n<p><span style=\"font-family: Arial, sans-serif;\"><span style=\"font-size: large;\"><b>\u00ab<\/b><\/span><\/span><span style=\"font-family: Arial, sans-serif;\"><span style=\"font-size: large;\">Sabemos que todav\u00eda no est\u00e1n definidas todas las listas a la\u00a0<b>Junta Departamental y a los Municipios<\/b>, que se est\u00e1n terminando de armar, pero que es mucho el apoyo que ha tenido esta candidatura y los acuerdos que se han hecho en el departamento. Yo conozco a varios de estos dirigentes y les agradezco adem\u00e1s por todo lo que hemos hecho, por lo que hemos trabajado, por lo que significan\u00a0<b>Daniel (Lerena), Marcelo (Luj\u00e1n del Pino)\u00a0<\/b>y dem\u00e1s compa\u00f1eros, que creo que conforman una propuesta departamental que es bien diferente a lo que se puede plantear en las campa\u00f1as electorales nacionales\u00bb, sostuvo.<\/span><\/span><\/p>\n<p><span style=\"font-family: Arial, sans-serif;\"><span style=\"font-size: large;\"><b>Rol de una Intendencia es \u00abdistinta, muy diferente\u00bb<\/b><\/span><\/span><\/p>\n<p><span style=\"font-family: Arial, sans-serif;\"><span style=\"font-size: large;\">Sostuvo que\u00a0 \u00abla funci\u00f3n del gobierno departamental es diferente y por lo tanto tambi\u00e9n es distinta la campa\u00f1a electoral y las consideraciones, los argumentos con los cu\u00e1les la ciudadan\u00eda elige al gobierno departamental\u00bb.<\/span><\/span><\/p>\n<p><span style=\"font-family: Arial, sans-serif;\"><span style=\"font-size: large;\">Subray\u00f3 seguidamente que separar las elecciones nacionales de las departamentales \u00abfue muy muy positivo e importante para sobre todo para nuestro Interior. Yo soy hombre del Interior como ustedes y creo que el separar las elecciones en el tiempo a partir de la reforma de la\u00a0<b>Constituci\u00f3n en el a\u00f1o 96\u00a0<\/b>nos dio una oportunidad de valorizar los temas departamentales, de generar participaci\u00f3n de los departamentos; de los gobiernos departamentales en el presupuesto nacional en forma ordenada y en forma clara con lo que m\u00e1s all\u00e1 de los resultados electorales de octubre y de noviembre de las elecciones nacionales, todos sabemos que vamos a tener una instancia presupuestal de la cual vamos a participar los departamentos, porque en esa reforma constitucional se crearon temas muy importantes. Para empezar, por primera vez la\u00a0<b>Constituci\u00f3n uruguaya\u00a0<\/b>recoge como precepto, que habr\u00e1n pol\u00edticas de descentralizaci\u00f3n; f\u00edjense, para un pa\u00eds centralizado como ha sido el Uruguay toda la vida, que tanto hemos sufrido el<b>\u00a0centralismo montevideano<\/b>, que como precepto constitucional haya pol\u00edticas de descentralizaci\u00f3n, nos da una herramienta para trabajar desde la representaci\u00f3n m\u00e1s cercana a la gente y eso son las Intendencias, eso son las\u00a0<b>Juntas departamentales,<\/b>\u00a0eso significan los gobiernos municipales, la cercan\u00eda con el ciudadano, porque los gobiernos nacionales a pesar de que puedan estar hoy con los medios de comunicaci\u00f3n m\u00e1s modernos cercanos, siempre est\u00e1n muy lejos para los temas cotidianos\u00bb.<\/span><\/span><\/p>\n<p><span style=\"font-family: Arial, sans-serif;\"><span style=\"font-size: large;\">El experimentado dirigente y legislador \u00abriverense\u00bb, continu\u00f3 diciendo que \u00aba veces nos hablan en t\u00e9rminos econ\u00f3micos, en t\u00e9rminos t\u00e9cnicos, del\u00a0<b>d\u00e9ficit fiscal,<\/b>\u00a0en todo lo que es la\u00a0<b>macroeconom\u00eda,<\/b>\u00a0lo que son las pol\u00edticas; que son muy importantes y necesarias, pero el vecino tiene un problema urgente e inmediato mucho m\u00e1s cercano, que tiene que ver con el\u00a0<b>pozo en la calle, que tiene que ver con la basura, con el desarrollo local,<\/b>\u00a0y en eso el que est\u00e1 al lado es el gobierno departamental; entonces tenemos all\u00ed herramientas importantes, que hay que tener equipo y estar preparados para trabajar en ese sentido, ya con propuestas, ya con ideas, para en el a\u00f1o electoral, que es justo cuando; asume el\u00a0<b>11 de julio y Ana (Hunter)\u00a0<\/b>estar\u00e1 subiendo a la<b>\u00a0Intendencia de Durazno,\u00a0<\/b>y ya tendr\u00e1 que ponerse a trabajar para justamente proponer, antes de agosto, que se empiece a tratar en el presupuesto nacional, o que son las propuestas de Durazno en t\u00e9rminos presupuestales y de planes de desarrollo\u00bb.<\/span><\/span><\/p>\n<p><span style=\"font-family: Arial, sans-serif;\"><span style=\"font-size: large;\">Entonces, agreg\u00f3 \u00abesto no es para cualquiera, esto es para gente capaz, para gente que sabe formar equipos, para gente que conoce adem\u00e1s el territorio y est\u00e1 dispuesta a trabajar para hacer un buen gobierno\u00bb.<\/span><\/span><\/p>\n<p><span style=\"font-family: Arial, sans-serif; font-size: large;\">\u00ab<\/span><span style=\"font-family: Arial, sans-serif;\"><span style=\"font-size: large;\"><b>No vamos a negar, se han hecho obras\u00bb.<\/b><\/span><\/span><\/p>\n<p><span style=\"font-family: Arial, sans-serif;\"><span style=\"font-size: large;\">El representante legislativo, reconoci\u00f3 que la<b>\u00a0Intendencia de Durazno<\/b>, en la administraci\u00f3n de<b>\u00a0Carmelo Vidal\u00edn \u00ab<\/b>ha tenido buenos gobiernos sin lugar a dudas, no vamos a negar, se han hecho obras, se ha transformado la ciudad en muchos aspectos, pero siempre hay que mirar el m\u00e1s all\u00e1; yo creo que en\u00a0<b>Durazno<\/b>\u00a0este es un momento clave, hay un cambio, es un\u00a0<b>momento bisagra<\/b>\u00ab, \u00abrealmente con la no posibilidad de reelecci\u00f3n del actual Intendente, mi amigo\u00a0<b>Carmelo Vidal\u00edn,\u00a0<\/b><b>Durazno<\/b>\u00a0va a estar eligiendo un cambio y en ese sentido el\u00a0<b>Partido Colorado\u00a0<\/b>hoy ofrece el mejor cambio sin lugar a dudas para Durazno; \u00abe<\/span><\/span><span style=\"font-family: Arial, sans-serif;\"><span style=\"font-size: large;\">l elegir a una mujer, pero una mujer con las condiciones que tiene\u00a0<b>Ana\u00a0<\/b><b>(Hunter)<\/b>\u00a0y quiz\u00e1s ustedes la conocen mucho m\u00e1s que yo; para empezar viene de la pol\u00edtica; sabe lo que es la pol\u00edtica, sabe lo que es la gente, sabe lo que son sus necesidades, pero que adem\u00e1s est\u00e1 preparada profesionalmente, tiene una sensibilidad social muy particular\u00bb.<\/span><\/span><\/p>\n<p><span style=\"font-family: Arial, sans-serif;\"><span style=\"font-size: large;\">\u00ab<\/span><\/span><span style=\"font-family: Arial, sans-serif;\"><span style=\"font-size: large;\">Yo tuve el gusto de compartir con ella varias jornadas en el Senado en este periodo pasado, s\u00e9 de su capacidad, de su inteligencia, pero sobre todo de sus condiciones personale, de que es realmente es una mujer de car\u00e1cter amable, no quiere decir d\u00e9bil, por el contrario, es muy fuerte, pero s\u00ed una mujer amable, capaz entonces de armar estos equipos que ya han) empezado a armar, porque todas estas listas, casi una decena de listas a la\u00a0<b>Junta Departamental<\/b>, muestran de que tiene una gran capacidad de relacionamiento, de armar equipos y de lograr que todos est\u00e9n trabajando juntos, aunque compitiendo para llegar a la<b>\u00a0Junta Departamental\u00bb.<\/b><\/span><\/span><\/p>\n<p><span style=\"font-family: Arial, sans-serif; font-size: large;\">\u00ab<\/span><span style=\"font-family: Arial, sans-serif;\"><span style=\"font-size: large;\">Vine a comprometer mi trabajo, no solo ahora, sino despu\u00e9s desde el<b>\u00a0Parlamento Nacional<\/b>, pero tambi\u00e9n en cuanto a la experiencia y a lo que podamos aportar si nos necesitan, con la experiencia de la gesti\u00f3n municipal, de la gesti\u00f3n departamental con un equipo que tambi\u00e9n lo ponemos a disposici\u00f3n, porque no solamente vamos a ganar como Partido, pero aqu\u00ed ya no se trata solo de\u00a0<b>Partido (Colorado)<\/b>, porque hoy estamos convocando a los ciudadanos todos, porque el gobierno departamental se elige, como dec\u00eda, aparte,y entonces no importa lo que se haya votado en octubre y en noviembre, ahora hay que elegir al vecino y al administrador, y al proyecto y al programa que en la campa\u00f1a electoral se vaya a ir difundiendo, entonces venimos a comprometernos a eso, vamos a m\u00e1s, vamos a ir no solamente por obra p\u00fablica, sino adem\u00e1s por cada vez mejores servicios y por un desarrollo, con una mirada tambi\u00e9n a los problemas regionales de cada una de las localidades del departamento, que todos sabemos que son diferentes\u00bb, concluy\u00f3, Tabar\u00e9 Viera\u201c.<\/span><\/span><\/p>\n","protected":false},"excerpt":{"rendered":"<p>El Senador y l\u00edder de\u00a0\u00abVamos Uruguay\u00bb, Dr. Pedro Bordaberry,\u00a0dijo que el\u00a0Partido Colorado, espera una gran votaci\u00f3n en el departamento de Durazno y no dud\u00f3 en expresar que la\u00a0Dra. Ana Hunter, ser\u00e1 la elegida por la ciudadan\u00eda.<\/p>\n","protected":false},"author":4,"featured_media":6647,"comment_status":"closed","ping_status":"closed","sticky":false,"template":"","format":"standard","meta":{"footnotes":""},"categories":[5,31],"tags":[],"class_list":["post-6646","post","type-post","status-publish","format-standard","has-post-thumbnail","hentry","category-durazno","category-entrevista-politica"],"_links":{"self":[{"href":"https:\/\/paginacero.com.uy\/index.php?rest_route=\/wp\/v2\/posts\/6646","targetHints":{"allow":["GET"]}}],"collection":[{"href":"https:\/\/paginacero.com.uy\/index.php?rest_route=\/wp\/v2\/posts"}],"about":[{"href":"https:\/\/paginacero.com.uy\/index.php?rest_route=\/wp\/v2\/types\/post"}],"author":[{"embeddable":true,"href":"https:\/\/paginacero.com.uy\/index.php?rest_route=\/wp\/v2\/users\/4"}],"replies":[{"embeddable":true,"href":"https:\/\/paginacero.com.uy\/index.php?rest_route=%2Fwp%2Fv2%2Fcomments&post=6646"}],"version-history":[{"count":1,"href":"https:\/\/paginacero.com.uy\/index.php?rest_route=\/wp\/v2\/posts\/6646\/revisions"}],"predecessor-version":[{"id":6648,"href":"https:\/\/paginacero.com.uy\/index.php?rest_route=\/wp\/v2\/posts\/6646\/revisions\/6648"}],"wp:featuredmedia":[{"embeddable":true,"href":"https:\/\/paginacero.com.uy\/index.php?rest_route=\/wp\/v2\/media\/6647"}],"wp:attachment":[{"href":"https:\/\/paginacero.com.uy\/index.php?rest_route=%2Fwp%2Fv2%2Fmedia&parent=6646"}],"wp:term":[{"taxonomy":"category","embeddable":true,"href":"https:\/\/paginacero.com.uy\/index.php?rest_route=%2Fwp%2Fv2%2Fcategories&post=6646"},{"taxonomy":"post_tag","embeddable":true,"href":"https:\/\/paginacero.com.uy\/index.php?rest_route=%2Fwp%2Fv2%2Ftags&post=6646"}],"curies":[{"name":"wp","href":"https:\/\/api.w.org\/{rel}","templated":true}]}}