{"id":6624,"date":"2025-03-19T16:40:45","date_gmt":"2025-03-19T19:40:45","guid":{"rendered":"https:\/\/paginacero.com.uy\/?p=6624"},"modified":"2025-03-19T16:40:45","modified_gmt":"2025-03-19T19:40:45","slug":"centro-pelotaris-durazno-impulsa-el-deporte-de-paleta-con-clinica-y-torneo-de-fronton","status":"publish","type":"post","link":"https:\/\/paginacero.com.uy\/?p=6624","title":{"rendered":"Centro Pelotaris Durazno impulsa el deporte de paleta con cl\u00ednica y torneo de front\u00f3n"},"content":{"rendered":"<p><strong>El Centro Pelotaris Durazno fue escenario de una intensa actividad deportiva el pasado fin de semana, con la realizaci\u00f3n de una cl\u00ednica de bal\u00edn y un torneo de front\u00f3n que atrajo a jugadores de diversas localidades.<\/strong><!--more--><\/p>\n<div dir=\"auto\" data-olk-copy-source=\"MessageBody\">El s\u00e1bado 15 de marzo, Nicol\u00e1s \u00abCarozo\u00bb Nadruz y Manuel Pel\u00faa, representantes de la Federaci\u00f3n Uruguaya de Paleta, ofrecieron una cl\u00ednica que permiti\u00f3 a los pelotaris locales mejorar sus habilidades y aprender nuevas t\u00e9cnicas en la modalidad de bal\u00edn. Esta jornada de instrucci\u00f3n fue fundamental para el desarrollo del torneo de front\u00f3n que se llev\u00f3 a cabo al d\u00eda siguiente.<\/div>\n<div dir=\"auto\"><\/div>\n<div dir=\"auto\">El domingo 16, el trinquete del Centro Pelotaris Durazno se llen\u00f3 de jugadas con el torneo que cont\u00f3 con la participaci\u00f3n de 11 parejas provenientes de Montevideo, Flores, Paysand\u00fa y Durazno. La competencia, que se desarroll\u00f3 en un ambiente amistoso, arroj\u00f3 los siguientes resultados:<\/div>\n<div dir=\"auto\"><\/div>\n<div dir=\"auto\">Campeones: \u00c1lvaro Su\u00e1rez (Durazno) y Cristi\u00e1n Rodr\u00edguez (Paso de los Toros).<\/div>\n<div dir=\"auto\">Subcampeones: Juan Manuel Rodons y Luis Rodons (Durazno).<\/div>\n<div dir=\"auto\">La presencia de jugadores de diferentes ciudades demuestra el inter\u00e9s creciente en el deporte de paleta y el compromiso del Centro Pelotaris Durazno con su promoci\u00f3n.<\/div>\n<div dir=\"auto\"><\/div>\n<div dir=\"auto\">El Centro Pelotaris Durazno enfocara sus esfuerzos en seguir difundiendo el deporte de paleta, para que este continue creciendo.<\/div>\n","protected":false},"excerpt":{"rendered":"<p>El Centro Pelotaris Durazno fue escenario de una intensa actividad deportiva el pasado fin de semana, con la realizaci\u00f3n de una cl\u00ednica de bal\u00edn y un torneo de front\u00f3n que atrajo a jugadores de diversas localidades.<\/p>\n","protected":false},"author":4,"featured_media":6625,"comment_status":"closed","ping_status":"closed","sticky":false,"template":"","format":"standard","meta":{"footnotes":""},"categories":[5],"tags":[],"class_list":["post-6624","post","type-post","status-publish","format-standard","has-post-thumbnail","hentry","category-durazno"],"_links":{"self":[{"href":"https:\/\/paginacero.com.uy\/index.php?rest_route=\/wp\/v2\/posts\/6624","targetHints":{"allow":["GET"]}}],"collection":[{"href":"https:\/\/paginacero.com.uy\/index.php?rest_route=\/wp\/v2\/posts"}],"about":[{"href":"https:\/\/paginacero.com.uy\/index.php?rest_route=\/wp\/v2\/types\/post"}],"author":[{"embeddable":true,"href":"https:\/\/paginacero.com.uy\/index.php?rest_route=\/wp\/v2\/users\/4"}],"replies":[{"embeddable":true,"href":"https:\/\/paginacero.com.uy\/index.php?rest_route=%2Fwp%2Fv2%2Fcomments&post=6624"}],"version-history":[{"count":1,"href":"https:\/\/paginacero.com.uy\/index.php?rest_route=\/wp\/v2\/posts\/6624\/revisions"}],"predecessor-version":[{"id":6626,"href":"https:\/\/paginacero.com.uy\/index.php?rest_route=\/wp\/v2\/posts\/6624\/revisions\/6626"}],"wp:featuredmedia":[{"embeddable":true,"href":"https:\/\/paginacero.com.uy\/index.php?rest_route=\/wp\/v2\/media\/6625"}],"wp:attachment":[{"href":"https:\/\/paginacero.com.uy\/index.php?rest_route=%2Fwp%2Fv2%2Fmedia&parent=6624"}],"wp:term":[{"taxonomy":"category","embeddable":true,"href":"https:\/\/paginacero.com.uy\/index.php?rest_route=%2Fwp%2Fv2%2Fcategories&post=6624"},{"taxonomy":"post_tag","embeddable":true,"href":"https:\/\/paginacero.com.uy\/index.php?rest_route=%2Fwp%2Fv2%2Ftags&post=6624"}],"curies":[{"name":"wp","href":"https:\/\/api.w.org\/{rel}","templated":true}]}}