{"id":6621,"date":"2025-03-19T16:38:40","date_gmt":"2025-03-19T19:38:40","guid":{"rendered":"https:\/\/paginacero.com.uy\/?p=6621"},"modified":"2025-03-19T16:38:40","modified_gmt":"2025-03-19T19:38:40","slug":"daniel-ballesteros-alzamendi-reelegido-en-racing","status":"publish","type":"post","link":"https:\/\/paginacero.com.uy\/?p=6621","title":{"rendered":"Daniel Ballesteros Alzamendi reelegido en Racing"},"content":{"rendered":"<p><strong>El apreciado dirigente fue reelecto para presidir a la \u00abacademia\u00bb por un nuevo periodo.<\/strong><!--more--><\/p>\n<div id=\"geom_inter_1742412702192_6_146\" dir=\"auto\" data-olk-copy-source=\"MessageBody\">La confirmaci\u00f3n de la Comisi\u00f3n Directiva 2025 del Club Racing de Durazno, es la siguiente:<\/div>\n<div id=\"geom_inter_1742413050208_74_150\" dir=\"auto\"><\/div>\n<div id=\"geom_inter_1742412702192_87_147\" dir=\"auto\">Presidente: Daniel Ballesteros<\/div>\n<div dir=\"auto\">Vice Presidente: Carlos Iglesias<\/div>\n<div id=\"geom_inter_1742413050208_22_151\" dir=\"auto\">Secretario: Gustavo Rigamonti<\/div>\n<div id=\"geom_inter_1742412702193_52_148\" dir=\"auto\">Secretaria de Actas: Carina Su\u00e1rez<\/div>\n<div id=\"geom_inter_1742413054196_24_155\" dir=\"auto\">Tesorero: Claudio Su\u00e1rez<\/div>\n<div id=\"geom_inter_1742413050208_19_152\" dir=\"auto\">Protesorero: Samuel Bentancor<\/div>\n<div id=\"geom_inter_1742413050208_76_153\" dir=\"auto\">Vocales:\u00a0 Ernesto Su\u00e1rez, Jos\u00e9 Bogap\u00e9rez, Alejandro Sosa, Judith Martinez, Ismael D\u00edaz, Damian Wilkins, Larris Navas y Raul Piquinela.<\/div>\n<div dir=\"auto\"><\/div>\n<div id=\"geom_inter_1742413054196_83_156\" dir=\"auto\">Fotos gentileza Eduardo Mor\u00e1n Garc\u00eda<\/div>\n","protected":false},"excerpt":{"rendered":"<p>El apreciado dirigente fue reelecto para presidir a la \u00abacademia\u00bb por un nuevo periodo.<\/p>\n","protected":false},"author":4,"featured_media":6622,"comment_status":"closed","ping_status":"closed","sticky":false,"template":"","format":"standard","meta":{"footnotes":""},"categories":[5],"tags":[],"class_list":["post-6621","post","type-post","status-publish","format-standard","has-post-thumbnail","hentry","category-durazno"],"_links":{"self":[{"href":"https:\/\/paginacero.com.uy\/index.php?rest_route=\/wp\/v2\/posts\/6621","targetHints":{"allow":["GET"]}}],"collection":[{"href":"https:\/\/paginacero.com.uy\/index.php?rest_route=\/wp\/v2\/posts"}],"about":[{"href":"https:\/\/paginacero.com.uy\/index.php?rest_route=\/wp\/v2\/types\/post"}],"author":[{"embeddable":true,"href":"https:\/\/paginacero.com.uy\/index.php?rest_route=\/wp\/v2\/users\/4"}],"replies":[{"embeddable":true,"href":"https:\/\/paginacero.com.uy\/index.php?rest_route=%2Fwp%2Fv2%2Fcomments&post=6621"}],"version-history":[{"count":1,"href":"https:\/\/paginacero.com.uy\/index.php?rest_route=\/wp\/v2\/posts\/6621\/revisions"}],"predecessor-version":[{"id":6623,"href":"https:\/\/paginacero.com.uy\/index.php?rest_route=\/wp\/v2\/posts\/6621\/revisions\/6623"}],"wp:featuredmedia":[{"embeddable":true,"href":"https:\/\/paginacero.com.uy\/index.php?rest_route=\/wp\/v2\/media\/6622"}],"wp:attachment":[{"href":"https:\/\/paginacero.com.uy\/index.php?rest_route=%2Fwp%2Fv2%2Fmedia&parent=6621"}],"wp:term":[{"taxonomy":"category","embeddable":true,"href":"https:\/\/paginacero.com.uy\/index.php?rest_route=%2Fwp%2Fv2%2Fcategories&post=6621"},{"taxonomy":"post_tag","embeddable":true,"href":"https:\/\/paginacero.com.uy\/index.php?rest_route=%2Fwp%2Fv2%2Ftags&post=6621"}],"curies":[{"name":"wp","href":"https:\/\/api.w.org\/{rel}","templated":true}]}}