{"id":6603,"date":"2025-03-18T15:26:29","date_gmt":"2025-03-18T18:26:29","guid":{"rendered":"https:\/\/paginacero.com.uy\/?p=6603"},"modified":"2025-03-18T15:26:29","modified_gmt":"2025-03-18T18:26:29","slug":"liga-de-futbol-ultima-fecha-sub-14-y-comienzan-sub-15-y-sub-20","status":"publish","type":"post","link":"https:\/\/paginacero.com.uy\/?p=6603","title":{"rendered":"Liga de F\u00fatbol: \u00faltima fecha Sub 14 y comienzan Sub 15 y Sub 20"},"content":{"rendered":"<p><strong>ras la reuni\u00f3n semanal cumplida ayer lunes de noche, el Presidente de la Liga de F\u00fatbol Ciudad de Durazno (LFCD), Fabricio Guti\u00e9rrez, confirm\u00f3 a P\u00e1gina Cero, varias novedades respecto a la continuidad de los campeonatos a nivel de categor\u00edas formativas.<\/strong><!--more--><\/p>\n<div id=\"geom_inter_1742322329459_51_29\" dir=\"auto\" data-olk-copy-source=\"MessageBody\">Sobre el calendario local en los distintos torneos se conocieron m\u00e1s detalles.<\/div>\n<div id=\"geom_inter_1742322338437_6_32\" dir=\"auto\"><\/div>\n<div id=\"geom_inter_1742322338437_63_33\" dir=\"auto\">Sub 14: tendr\u00e1 la \u00faltima fecha, con La Lanera jugando su \u00faltimo partido estrenando t\u00edtulo y habr\u00e1 Cl\u00e1sico entre \u00abbohemios\u00bb y \u00ablagartijas\u00bb.<\/div>\n<div dir=\"auto\">S\u00e1bado 22\/3, estadio 14 de Octubre<\/div>\n<div id=\"geom_inter_1742322352436_12_34\" dir=\"auto\">hora 16:00\u00a0 Wanderers-Juvenil<\/div>\n<div id=\"geom_inter_1742322356448_21_39\" dir=\"auto\">hora 18:00 Nacional-Sportivo Yi<\/div>\n<div dir=\"auto\">hora 20:00 La lanera-Central<\/div>\n<div id=\"geom_inter_1742322352436_18_35\" dir=\"auto\"><\/div>\n<div id=\"geom_inter_1742322356448_54_40\" dir=\"auto\">Los torneos locales Sub 15 y Sub 20, comenzar\u00e1n el S\u00e1bado 29\/3\/2025, con un Clasificatorio y posterior Liguilla de seis equipos.<\/div>\n<div id=\"geom_inter_1742322356448_10_41\" dir=\"auto\">Nota: en la categor\u00eda Sub 20 no participar\u00e1n los clubes Sportivo Yi, Rampla Juniors y Molles FC.<\/div>\n<div id=\"geom_inter_1742322357447_10_43\" dir=\"auto\"><\/div>\n<div id=\"geom_inter_1742322356448_36_42\" dir=\"auto\">DT de Selecci\u00f3n Sub 13<\/div>\n<div id=\"geom_inter_1742322355451_47_36\" dir=\"auto\">Por otra parte se inform\u00f3 la nominaci\u00f3n del Cuerpo T\u00e9cnico que dirigir\u00e1 la Selecci\u00f3n Sub 14 en el Campeonato de Selecciones de OFI, que estar\u00e1 integrado por los Entrenadores Alvaro Gabard y Pablo Scaffo.<\/div>\n","protected":false},"excerpt":{"rendered":"<p>ras la reuni\u00f3n semanal cumplida ayer lunes de noche, el Presidente de la Liga de F\u00fatbol Ciudad de Durazno (LFCD), Fabricio Guti\u00e9rrez, confirm\u00f3 a P\u00e1gina Cero, varias novedades respecto a la continuidad de los campeonatos a nivel de categor\u00edas formativas.<\/p>\n","protected":false},"author":4,"featured_media":6604,"comment_status":"closed","ping_status":"closed","sticky":false,"template":"","format":"standard","meta":{"footnotes":""},"categories":[5],"tags":[],"class_list":["post-6603","post","type-post","status-publish","format-standard","has-post-thumbnail","hentry","category-durazno"],"_links":{"self":[{"href":"https:\/\/paginacero.com.uy\/index.php?rest_route=\/wp\/v2\/posts\/6603","targetHints":{"allow":["GET"]}}],"collection":[{"href":"https:\/\/paginacero.com.uy\/index.php?rest_route=\/wp\/v2\/posts"}],"about":[{"href":"https:\/\/paginacero.com.uy\/index.php?rest_route=\/wp\/v2\/types\/post"}],"author":[{"embeddable":true,"href":"https:\/\/paginacero.com.uy\/index.php?rest_route=\/wp\/v2\/users\/4"}],"replies":[{"embeddable":true,"href":"https:\/\/paginacero.com.uy\/index.php?rest_route=%2Fwp%2Fv2%2Fcomments&post=6603"}],"version-history":[{"count":1,"href":"https:\/\/paginacero.com.uy\/index.php?rest_route=\/wp\/v2\/posts\/6603\/revisions"}],"predecessor-version":[{"id":6605,"href":"https:\/\/paginacero.com.uy\/index.php?rest_route=\/wp\/v2\/posts\/6603\/revisions\/6605"}],"wp:featuredmedia":[{"embeddable":true,"href":"https:\/\/paginacero.com.uy\/index.php?rest_route=\/wp\/v2\/media\/6604"}],"wp:attachment":[{"href":"https:\/\/paginacero.com.uy\/index.php?rest_route=%2Fwp%2Fv2%2Fmedia&parent=6603"}],"wp:term":[{"taxonomy":"category","embeddable":true,"href":"https:\/\/paginacero.com.uy\/index.php?rest_route=%2Fwp%2Fv2%2Fcategories&post=6603"},{"taxonomy":"post_tag","embeddable":true,"href":"https:\/\/paginacero.com.uy\/index.php?rest_route=%2Fwp%2Fv2%2Ftags&post=6603"}],"curies":[{"name":"wp","href":"https:\/\/api.w.org\/{rel}","templated":true}]}}