{"id":6595,"date":"2025-03-17T11:56:11","date_gmt":"2025-03-17T14:56:11","guid":{"rendered":"https:\/\/paginacero.com.uy\/?p=6595"},"modified":"2025-03-17T11:57:22","modified_gmt":"2025-03-17T14:57:22","slug":"presidente-orsi-avala-continuidad-de-fundacion-a-ganar","status":"publish","type":"post","link":"https:\/\/paginacero.com.uy\/?p=6595","title":{"rendered":"Presidente Orsi avala continuidad de Fundaci\u00f3n \u00abA Ganar\u00bb"},"content":{"rendered":"<p>La continuidad del programa podr\u00eda suponer para el departamento de Durazno (en caso de que la administraci\u00f3n de la Intendencia as\u00ed lo entienda) la continuidad de la contrataci\u00f3n de un buen n\u00famero de docentes de Educaci\u00f3n F\u00edsica -y de otras \u00e1reas- de acuerdo a lo que se desprende de un informe publicado por el\u00a0<b>diario El Pa\u00eds,<\/b>\u00a0que compartimos a continuaci\u00f3n.<!--more--><\/p>\n<div><span style=\"font-size: large;\" data-olk-copy-source=\"MessageBody\">\u00ab<\/span>Tras visto bueno de Orsi, Mides decidi\u00f3 continuar con proceso de contrataci\u00f3n directa de\u00a0<b>\u00abFundaci\u00f3n A Ganar\u00bb<\/b><\/div>\n<div>\n<div dir=\"auto\"><span style=\"font-size: large;\">La \u00ab<b>Fundaci\u00f3n A Ganar\u00bb<\/b>\u00a0fue contratada por primera vez en 2022 y desde entonces fue renovada en sucesivas oportunidades, primero en el gobierno de<b>\u00a0Lacalle Pou<\/b>\u00a0y ahora en el de<b>\u00a0Orsi.<\/b>\u00a0<\/span><\/div>\n<div dir=\"auto\"><span style=\"font-size: large;\">El\u00a0<b>Ministerio de Desarrollo Social (Mides<\/b>) inform\u00f3 este s\u00e1bado a trav\u00e9s de un comunicado que tras realizar una evaluaci\u00f3n decidi\u00f3 continuar con el proceso de \u00abcontrataci\u00f3n directa por excepci\u00f3n\u00bb de la \u00abFundaci\u00f3n A Ganar\u00bb.<\/span><\/div>\n<div dir=\"auto\"><span style=\"font-size: large;\">Esta fundaci\u00f3n permite la gesti\u00f3n de 230 cupos en centros de larga estad\u00eda. El convenio inici\u00f3 en el gobierno de\u00a0<b>Luis Lacalle Pou<\/b>\u00a0y, seg\u00fan lo informado por la cartera, seguir\u00e1 ahora con la\u00a0<b>Presidencia de Yamand\u00fa Orsi.<\/b><\/span><\/div>\n<div dir=\"auto\"><span style=\"font-size: large;\">\u00abEl centro de la acci\u00f3n de nuestro ministerio son las personas y que, en consulta con el\u00a0<b>presidente de la Rep\u00fablica, el ministro de Desarrollo Social\u00a0<\/b>ha decidido continuar con el proceso de este convenio, teniendo en cuenta los efectos que podr\u00eda tener sobre\u00a0<b>230 personas<\/b>\u00a0en situaci\u00f3n de dependencia la ca\u00edda intempestiva del servicio\u00bb, aclar\u00f3 el\u00a0<b>Mides<\/b>.<\/span><\/div>\n<div dir=\"auto\"><span style=\"font-size: large;\">La \u00ab<b>Fundaci\u00f3n A Ganar\u00bb\u00a0<\/b>fue contratada por primera vez en 2022 y desde entonces fue renovada en sucesivas oportunidades, primero en el\u00a0<b>gobierno de Lacalle Pou y ahora en el de Orsi.<\/b><\/span><\/div>\n<div dir=\"auto\"><span style=\"font-size: large;\">El Mides indic\u00f3 que este servicio significa de \u00abalta relevancia\u00bb para las personas beneficiarias.<\/span><\/div>\n<div dir=\"auto\"><span style=\"font-size: large;\">El Pa\u00eds inform\u00f3 una semana atr\u00e1s que el\u00a0<b>Frente Amplio<\/b>\u00a0ten\u00eda previsto relevar a todo el Estado por v\u00ednculos con<b>\u00a0\u00abFundaci\u00f3n A Ganar\u00bb<\/b>\u00a0luego de que se conocieran m\u00e1s contratos\u00bb.<\/span><\/div>\n<\/div>\n","protected":false},"excerpt":{"rendered":"<p>La continuidad del programa podr\u00eda suponer para el departamento de Durazno (en caso de que la administraci\u00f3n de la Intendencia as\u00ed lo entienda) la continuidad de la contrataci\u00f3n de un buen n\u00famero de docentes de Educaci\u00f3n F\u00edsica -y de otras \u00e1reas- de acuerdo a lo que se desprende de un informe publicado por el\u00a0diario El [&hellip;]<\/p>\n","protected":false},"author":4,"featured_media":6598,"comment_status":"closed","ping_status":"closed","sticky":false,"template":"","format":"standard","meta":{"footnotes":""},"categories":[5],"tags":[],"class_list":["post-6595","post","type-post","status-publish","format-standard","has-post-thumbnail","hentry","category-durazno"],"_links":{"self":[{"href":"https:\/\/paginacero.com.uy\/index.php?rest_route=\/wp\/v2\/posts\/6595","targetHints":{"allow":["GET"]}}],"collection":[{"href":"https:\/\/paginacero.com.uy\/index.php?rest_route=\/wp\/v2\/posts"}],"about":[{"href":"https:\/\/paginacero.com.uy\/index.php?rest_route=\/wp\/v2\/types\/post"}],"author":[{"embeddable":true,"href":"https:\/\/paginacero.com.uy\/index.php?rest_route=\/wp\/v2\/users\/4"}],"replies":[{"embeddable":true,"href":"https:\/\/paginacero.com.uy\/index.php?rest_route=%2Fwp%2Fv2%2Fcomments&post=6595"}],"version-history":[{"count":1,"href":"https:\/\/paginacero.com.uy\/index.php?rest_route=\/wp\/v2\/posts\/6595\/revisions"}],"predecessor-version":[{"id":6597,"href":"https:\/\/paginacero.com.uy\/index.php?rest_route=\/wp\/v2\/posts\/6595\/revisions\/6597"}],"wp:featuredmedia":[{"embeddable":true,"href":"https:\/\/paginacero.com.uy\/index.php?rest_route=\/wp\/v2\/media\/6598"}],"wp:attachment":[{"href":"https:\/\/paginacero.com.uy\/index.php?rest_route=%2Fwp%2Fv2%2Fmedia&parent=6595"}],"wp:term":[{"taxonomy":"category","embeddable":true,"href":"https:\/\/paginacero.com.uy\/index.php?rest_route=%2Fwp%2Fv2%2Fcategories&post=6595"},{"taxonomy":"post_tag","embeddable":true,"href":"https:\/\/paginacero.com.uy\/index.php?rest_route=%2Fwp%2Fv2%2Ftags&post=6595"}],"curies":[{"name":"wp","href":"https:\/\/api.w.org\/{rel}","templated":true}]}}